{"id":277269,"date":"2019-02-23T14:38:24","date_gmt":"2019-02-23T13:38:24","guid":{"rendered":"https:\/\/hashtag.al\/?p=277269"},"modified":"2019-02-23T14:41:41","modified_gmt":"2019-02-23T13:41:41","slug":"mediu-ne-takimin-e-osbe-se-zbulon-problemet-qe-detyruan-opoziten-te-digjte-mandatet-video","status":"publish","type":"post","link":"https:\/\/www.hashtag.al\/index.php\/2019\/02\/23\/mediu-ne-takimin-e-osbe-se-zbulon-problemet-qe-detyruan-opoziten-te-digjte-mandatet-video\/","title":{"rendered":"Mediu n\u00eb takimin e OSBE-s\u00eb, zbulon problemet q\u00eb detyruan opozit\u00ebn t\u00eb digjte mandatet (VIDEO)","gt_translate_keys":[{"key":"rendered","format":"text"}]},"content":{"rendered":"<p><span style=\"color: #000000;\"><img loading=\"lazy\" decoding=\"async\" class=\"aligncenter size-full wp-image-277270\" src=\"https:\/\/hashtag.al\/wp-content\/uploads\/2019\/02\/mediu.jpg\" alt=\"\" width=\"900\" height=\"635\" \/><\/span><\/p>\n<p><span style=\"color: #000000;\">Kryetari i Partis\u00eb Republikane Fatmir Mediu, ka paraqitur p\u00ebrpara Asambles\u00eb Parlamentare t\u00eb OSBE-s\u00eb, problemet t\u00eb cilat detyruan deputet\u00ebt e opozit\u00ebs t\u00eb digjnin mandatet.<\/span><\/p>\n<p><span style=\"color: #000000;\">Mediu u shpreh se shqiptar\u00ebt\u00a0 protestojn\u00eb duke k\u00ebrkuar zgjedhje t\u00eb lira dhe t\u00eb ndershme, t\u00eb luftohet krimi i organizuar dhe korrupsioni, respektimi i Kushtetut\u00ebs dhe pavar\u00ebsia e gjyq\u00ebsorit.<\/span><\/p>\n<p><em><span style=\"color: #000000;\">\u201c<\/span><\/em><em><span style=\"color: #000000;\">Si\u00e7 u p\u00ebrmend dje, shqiptar\u00ebt jan\u00eb n\u00eb protest\u00eb, m\u00eb shum\u00eb se 100 mij\u00eb njer\u00ebz protestojn\u00eb pothuajse \u00e7do dit\u00eb. P\u00ebr \u00e7far\u00eb?<\/span><\/em><\/p>\n<p><em><span style=\"color: #000000;\">S\u00eb pari, ata k\u00ebrkojn\u00eb zgjedhje t\u00eb lira dhe t\u00eb ndershme dhe mendoj se kjo Asamble \u00ebsht\u00eb p\u00ebr zgjedhje t\u00eb lira dhe t\u00eb ndershme.<\/span><\/em><\/p>\n<p><em><span style=\"color: #000000;\">S\u00eb dyti, ata k\u00ebrkojn\u00eb q\u00eb t\u00eb luftohet krimi i organizuar, korrupsioni dhe bashk\u00ebpunimi i kryeministrit me krimin p\u00ebr t\u00eb mbajtur pushtetin. Mendoj se kjo Asamble e mb\u00ebshtet k\u00ebt\u00eb.<\/span><\/em><\/p>\n<p><em><span style=\"color: #000000;\">S\u00eb treti, ata po k\u00ebrkojn\u00eb t\u00eb respektohet Kushtetuta, pavar\u00ebsia e gjyq\u00ebsorit. Shqip\u00ebria prej gati 2 vitesh nuk ka nj\u00eb Gjykat\u00eb Kushtetuese dhe nj\u00eb Gjykat\u00eb t\u00eb Lart\u00eb.<\/span><\/em><\/p>\n<p><em><span style=\"color: #000000;\">Jam k\u00ebtu me miqt\u00eb e mi gjerman\u00eb dhe amerikan\u00eb dhe n\u00ebse dikush do t\u00eb luaj\u00eb me Gjykat\u00ebn Kushtetuese n\u00eb Gjermani, atje do t\u00eb d\u00ebgjohej nj\u00eb zile e fort\u00eb alarmi.\u00a0 N\u00ebse Gjykata e Lart\u00eb n\u00eb SHBA nuk do t\u00eb funksiononte, do t\u00eb ishte alarm i madh n\u00eb SHBA.<\/span><\/em><\/p>\n<p><em><span style=\"color: #000000;\">Dhe un\u00eb mendoj se nuk ka pse t\u00eb jet\u00eb ndryshe n\u00eb Shqip\u00ebri.<\/span><\/em><\/p>\n<p><em><span style=\"color: #000000;\">Gjithashtu, shqiptar\u00ebt jan\u00eb kund\u00ebr emigracionit masiv.<\/span><\/em><\/p>\n<p><em><span style=\"color: #000000;\">Ata i k\u00ebrkojn\u00eb qeveris\u00eb t\u00eb p\u00ebrgatitet p\u00ebr t\u00eb siguruar zgjedhje t\u00eb lira dhe t\u00eb ndershme.<\/span><\/em><\/p>\n<p><em><span style=\"color: #000000;\">Pika e fundit. Isha i lumtur dje, kur d\u00ebgjova prej Ministrit Laj\u00e7ak p\u00ebr dialogun mes Kosov\u00ebs dhe Serbis\u00eb. Ai tha se ndryshimi i kufijve nuk \u00ebsht\u00eb zgjidhje.<\/span><\/em><\/p>\n<p><span style=\"color: #000000;\"><em>Un\u00eb besoj se loja me shk\u00ebmbimin e territoreve dhe ndryshimi i kufijve do t\u00eb rikthente konfliktet n\u00eb Ballkan do t\u00eb rizgjonte konfliktet e fjetura dhe Zoti e di \u00e7far\u00eb mund t\u00eb ndodhte m\u00eb pas. Faleminderit!\u201d,<\/em> u shpreh Mediu.<\/span><\/p>\n<p><span style=\"color: #000000;\">Kryefjala e k\u00ebsaj jave n\u00eb Shqip\u00ebri ka qen\u00eb pik\u00ebrisht djegia e mandateve. Dit\u00ebn e protest\u00ebs s\u00eb 21 shkurtit, deputet\u00ebt e opozit\u00ebs me n\u00eb krye Lulzim Bash\u00ebn e Monika Kryemadhin dor\u00ebzuan zyrtarisht mandatet n\u00eb Kryesin\u00eb e Kuvendit.<\/span><\/p>\n<div style=\"width: 640px;\" class=\"wp-video\"><video class=\"wp-video-shortcode\" id=\"video-277269-1\" width=\"640\" height=\"368\" preload=\"metadata\" controls=\"controls\"><source type=\"video\/mp4\" src=\"https:\/\/hashtag.al\/wp-content\/uploads\/2019\/02\/video-1550916561.mp4?_=1\" \/><a href=\"https:\/\/hashtag.al\/wp-content\/uploads\/2019\/02\/video-1550916561.mp4\">https:\/\/hashtag.al\/wp-content\/uploads\/2019\/02\/video-1550916561.mp4<\/a><\/video><\/div>\n","protected":false,"gt_translate_keys":[{"key":"rendered","format":"html"}]},"excerpt":{"rendered":"<p>Kryetari i Partis\u00eb Republikane Fatmir Mediu, ka paraqitur p\u00ebrpara Asambles\u00eb Parlamentare t\u00eb OSBE-s\u00eb, problemet t\u00eb cilat detyruan deputet\u00ebt e opozit\u00ebs t\u00eb digjnin mandatet. Mediu u shpreh se shqiptar\u00ebt\u00a0 protestojn\u00eb duke k\u00ebrkuar zgjedhje t\u00eb lira dhe t\u00eb ndershme, t\u00eb luftohet krimi i organizuar dhe korrupsioni, respektimi i Kushtetut\u00ebs dhe pavar\u00ebsia e gjyq\u00ebsorit. \u201cSi\u00e7 u p\u00ebrmend dje, [&hellip;]<\/p>\n","protected":false,"gt_translate_keys":[{"key":"rendered","format":"html"}]},"author":30,"featured_media":277270,"comment_status":"open","ping_status":"open","sticky":false,"template":"","format":"standard","meta":{"footnotes":""},"categories":[65,13],"tags":[],"class_list":["post-277269","post","type-post","status-publish","format-standard","has-post-thumbnail","hentry","category-lajme","category-te-fundit"],"gt_translate_keys":[{"key":"link","format":"url"}],"_links":{"self":[{"href":"https:\/\/www.hashtag.al\/index.php\/wp-json\/wp\/v2\/posts\/277269","targetHints":{"allow":["GET"]}}],"collection":[{"href":"https:\/\/www.hashtag.al\/index.php\/wp-json\/wp\/v2\/posts"}],"about":[{"href":"https:\/\/www.hashtag.al\/index.php\/wp-json\/wp\/v2\/types\/post"}],"author":[{"embeddable":true,"href":"https:\/\/www.hashtag.al\/index.php\/wp-json\/wp\/v2\/users\/30"}],"replies":[{"embeddable":true,"href":"https:\/\/www.hashtag.al\/index.php\/wp-json\/wp\/v2\/comments?post=277269"}],"version-history":[{"count":0,"href":"https:\/\/www.hashtag.al\/index.php\/wp-json\/wp\/v2\/posts\/277269\/revisions"}],"wp:featuredmedia":[{"embeddable":true,"href":"https:\/\/www.hashtag.al\/index.php\/wp-json\/wp\/v2\/media\/277270"}],"wp:attachment":[{"href":"https:\/\/www.hashtag.al\/index.php\/wp-json\/wp\/v2\/media?parent=277269"}],"wp:term":[{"taxonomy":"category","embeddable":true,"href":"https:\/\/www.hashtag.al\/index.php\/wp-json\/wp\/v2\/categories?post=277269"},{"taxonomy":"post_tag","embeddable":true,"href":"https:\/\/www.hashtag.al\/index.php\/wp-json\/wp\/v2\/tags?post=277269"}],"curies":[{"name":"wp","href":"https:\/\/api.w.org\/{rel}","templated":true}]}}