{"id":277267,"date":"2019-02-23T14:24:43","date_gmt":"2019-02-23T13:24:43","guid":{"rendered":"https:\/\/hashtag.al\/?p=277267"},"modified":"2019-02-23T14:25:49","modified_gmt":"2019-02-23T13:25:49","slug":"kamione-te-rrezuar-dhe-probleme-me-energjine-bashkia-lezhe-ngre-alarmin","status":"publish","type":"post","link":"https:\/\/www.hashtag.al\/index.php\/2019\/02\/23\/kamione-te-rrezuar-dhe-probleme-me-energjine-bashkia-lezhe-ngre-alarmin\/","title":{"rendered":"Kamion\u00eb t\u00eb rr\u00ebzuar dhe probleme me energjin\u00eb, bashkia Lezh\u00eb ngre alarmin","gt_translate_keys":[{"key":"rendered","format":"text"}]},"content":{"rendered":"<p><img loading=\"lazy\" decoding=\"async\" class=\"aligncenter size-full wp-image-277157\" src=\"https:\/\/hashtag.al\/wp-content\/uploads\/2019\/02\/aksident.jpg\" alt=\"\" width=\"763\" height=\"316\" srcset=\"https:\/\/www.hashtag.al\/wp-content\/uploads\/2019\/02\/aksident.jpg 763w, https:\/\/www.hashtag.al\/wp-content\/uploads\/2019\/02\/aksident-300x124.jpg 300w\" sizes=\"auto, (max-width: 763px) 100vw, 763px\" \/><\/p>\n<p><span style=\"color: #000000;\">Pas nj\u00eb s\u00ebr\u00eb incidentesh q\u00eb kan\u00eb ndodhur sot p\u00ebr shkak t\u00eb er\u00ebrave t\u00eb forta n\u00eb disa prej akseve t\u00eb vendit, Bashkia e Lezh\u00ebs ka ngritur alarmin duke u b\u00ebr\u00eb thirrje qytetar\u00ebve t\u00eb shmangin l\u00ebvizjet e panevojshme gjat\u00eb dit\u00ebs s\u00eb sotme.<\/span><\/p>\n<p><span style=\"color: #000000;\">P\u00ebrmes nj\u00eb njoftimi, bashkia l\u00eb n\u00eb dispozicion p\u00ebr qytetar\u00ebt edhe disa numra telefoni n\u00eb m\u00ebnyr\u00eb q\u00eb t\u2019i njoftojn\u00eb p\u00ebr \u00e7far\u00ebdo lloj situat\u00eb me t\u00eb cil\u00ebn do t\u00eb ndeshen sot.<\/span><\/p>\n<p><em><span style=\"color: #000000;\">\u201cT\u00eb nderuar banor\u00eb t\u00eb Lezh\u00ebs!<\/span><\/em><br \/>\n<em><span style=\"color: #000000;\"> N\u00eb k\u00ebt\u00eb gjendje er\u00ebrash t\u00eb forta q\u00eb po fryjn\u00eb n\u00eb territorin e Lezh\u00ebs, ju lutemi t\u00eb shmangni levizjet e panevojshme gjat\u00eb dit\u00ebs s\u00eb sotme, deri n\u00eb normalizimin e situat\u00ebs.<\/span><\/em><br \/>\n<em><span style=\"color: #000000;\"> Bashkia Lezh\u00eb dhe strukturat e saj t\u00eb Emergjencave Civile, Sh\u00ebrbimeve Publike jan\u00eb n\u00eb dispozicion p\u00ebr t\u00eb ardhur n\u00eb ndihm\u00eb dhe nderhyr\u00eb n\u00eb \u00e7do situat\u00eb t\u00eb mundshme t\u00eb krijuar.<\/span><\/em><\/p>\n<p><em><span style=\"color: #000000;\">Ju lutemi, kontaktoni ne numrat e meposh\u00ebm: 067 402 7000, 069 238 8648 si dhe me administrator\u00ebt e njesive tuaja administrative.<\/span><\/em><br \/>\n<span style=\"color: #000000;\"><em> Jemi pran\u00eb jush n\u00eb \u00e7do situat\u00eb!\u201d<\/em>, thuhet n\u00eb njoftimin e bashkis\u00eb.<\/span><\/p>\n<p><span style=\"color: #000000;\">Kujtojm\u00eb se dit\u00ebn e sotme, rrethi i Lezh\u00ebs jo vet\u00ebm \u00ebsht\u00eb p\u00ebrballur me nd\u00ebrprerje t\u00eb energjis\u00eb elektrike p\u00ebr shkak t\u00eb er\u00ebrave t\u00eb forta, por edhe me disa incidente. Dy kamion\u00eb t\u00eb m\u00ebdhenj jan\u00eb rr\u00ebzuar sot, nj\u00ebri n\u00eb aksin Lezh\u00eb-Milot dhe tjetri pran\u00eb ur\u00ebs s\u00eb Milotit. Nd\u00ebrkoh\u00eb nj\u00eb kamion i tret\u00eb \u00ebsht\u00eb rr\u00ebzuar n\u00eb Puk\u00eb. Fatmir\u00ebsisht n\u00eb asnj\u00eb prej incidenteve nuk ka patur t\u00eb plagosur.<\/span><\/p>\n<p><img loading=\"lazy\" decoding=\"async\" class=\"aligncenter size-full wp-image-277157\" src=\"https:\/\/hashtag.al\/wp-content\/uploads\/2019\/02\/aksident.jpg\" alt=\"\" width=\"763\" height=\"316\" srcset=\"https:\/\/www.hashtag.al\/wp-content\/uploads\/2019\/02\/aksident.jpg 763w, https:\/\/www.hashtag.al\/wp-content\/uploads\/2019\/02\/aksident-300x124.jpg 300w\" sizes=\"auto, (max-width: 763px) 100vw, 763px\" \/><\/p>\n","protected":false,"gt_translate_keys":[{"key":"rendered","format":"html"}]},"excerpt":{"rendered":"<p>Pas nj\u00eb s\u00ebr\u00eb incidentesh q\u00eb kan\u00eb ndodhur sot p\u00ebr shkak t\u00eb er\u00ebrave t\u00eb forta n\u00eb disa prej akseve t\u00eb vendit, Bashkia e Lezh\u00ebs ka ngritur alarmin duke u b\u00ebr\u00eb thirrje qytetar\u00ebve t\u00eb shmangin l\u00ebvizjet e panevojshme gjat\u00eb dit\u00ebs s\u00eb sotme. P\u00ebrmes nj\u00eb njoftimi, bashkia l\u00eb n\u00eb dispozicion p\u00ebr qytetar\u00ebt edhe disa numra telefoni n\u00eb m\u00ebnyr\u00eb [&hellip;]<\/p>\n","protected":false,"gt_translate_keys":[{"key":"rendered","format":"html"}]},"author":30,"featured_media":277156,"comment_status":"open","ping_status":"open","sticky":false,"template":"","format":"standard","meta":{"footnotes":""},"categories":[65,13],"tags":[],"class_list":["post-277267","post","type-post","status-publish","format-standard","has-post-thumbnail","hentry","category-lajme","category-te-fundit"],"gt_translate_keys":[{"key":"link","format":"url"}],"_links":{"self":[{"href":"https:\/\/www.hashtag.al\/index.php\/wp-json\/wp\/v2\/posts\/277267","targetHints":{"allow":["GET"]}}],"collection":[{"href":"https:\/\/www.hashtag.al\/index.php\/wp-json\/wp\/v2\/posts"}],"about":[{"href":"https:\/\/www.hashtag.al\/index.php\/wp-json\/wp\/v2\/types\/post"}],"author":[{"embeddable":true,"href":"https:\/\/www.hashtag.al\/index.php\/wp-json\/wp\/v2\/users\/30"}],"replies":[{"embeddable":true,"href":"https:\/\/www.hashtag.al\/index.php\/wp-json\/wp\/v2\/comments?post=277267"}],"version-history":[{"count":0,"href":"https:\/\/www.hashtag.al\/index.php\/wp-json\/wp\/v2\/posts\/277267\/revisions"}],"wp:featuredmedia":[{"embeddable":true,"href":"https:\/\/www.hashtag.al\/index.php\/wp-json\/wp\/v2\/media\/277156"}],"wp:attachment":[{"href":"https:\/\/www.hashtag.al\/index.php\/wp-json\/wp\/v2\/media?parent=277267"}],"wp:term":[{"taxonomy":"category","embeddable":true,"href":"https:\/\/www.hashtag.al\/index.php\/wp-json\/wp\/v2\/categories?post=277267"},{"taxonomy":"post_tag","embeddable":true,"href":"https:\/\/www.hashtag.al\/index.php\/wp-json\/wp\/v2\/tags?post=277267"}],"curies":[{"name":"wp","href":"https:\/\/api.w.org\/{rel}","templated":true}]}}