{"id":277088,"date":"2019-02-22T18:59:12","date_gmt":"2019-02-22T17:59:12","guid":{"rendered":"https:\/\/hashtag.al\/?p=277088"},"modified":"2019-02-22T18:59:12","modified_gmt":"2019-02-22T17:59:12","slug":"skandali-me-transportimin-dhe-vjedhjen-e-pasaportave-ne-greqi-ministria-e-jashtme-sqaron-rastin","status":"publish","type":"post","link":"https:\/\/www.hashtag.al\/index.php\/2019\/02\/22\/skandali-me-transportimin-dhe-vjedhjen-e-pasaportave-ne-greqi-ministria-e-jashtme-sqaron-rastin\/","title":{"rendered":"Skandali me transportimin dhe vjedhjen e pasaportave n\u00eb Greqi, Ministria e Jashtme sqaron rastin","gt_translate_keys":[{"key":"rendered","format":"text"}]},"content":{"rendered":"<p><img loading=\"lazy\" decoding=\"async\" class=\"aligncenter size-full wp-image-277019\" src=\"https:\/\/hashtag.al\/wp-content\/uploads\/2019\/02\/pasaporta-2.jpg\" alt=\"\" width=\"900\" height=\"594\" srcset=\"https:\/\/www.hashtag.al\/wp-content\/uploads\/2019\/02\/pasaporta-2.jpg 900w, https:\/\/www.hashtag.al\/wp-content\/uploads\/2019\/02\/pasaporta-2-300x198.jpg 300w, https:\/\/www.hashtag.al\/wp-content\/uploads\/2019\/02\/pasaporta-2-768x507.jpg 768w\" sizes=\"auto, (max-width: 900px) 100vw, 900px\" \/><\/p>\n<p><span style=\"color: #000000;\">Ministria p\u00ebr Evrop\u00ebn dhe Pun\u00ebt e Jashtme ka reaguar pas skandalit t\u00eb publikuar n\u00eb media p\u00ebr rastin e transportimit dhe vjedhjes n\u00eb Greqi t\u00eb pasaportave shqiptare.<\/span><\/p>\n<p><span style=\"color: #000000;\">N\u00eb nj\u00eb komunikat\u00eb p\u00ebr mediat, Ministria p\u00ebr Europ\u00ebn dhe Pun\u00ebt e Jashtme ka shpjeguar t\u00eb gjith\u00eb itinerarin e transportit t\u00eb pasaportave, nd\u00ebrkoh\u00eb q\u00eb theksuar se pako e pasaportave u vodh\u00ebn nga makina e konsullit.<\/span><\/p>\n<p><span style=\"color: #000000;\">\u201cGjat\u00eb transportimit t\u00eb tyre nga Konsulli i P\u00ebrgjithsh\u00ebm i\u00a0Republik\u00ebs s\u00eb Shqip\u00ebris\u00eb\u00a0n\u00eb Janin\u00eb, n\u00eb nj\u00eb nga ndalesat e b\u00ebra p\u00ebr n\u00eb ambasad\u00ebn ton\u00eb, pik\u00ebrisht n\u00eb rrug\u00ebn Agion Asomaton t\u00eb lagjes Thisio, Athin\u00eb, prej or\u00ebs 22.50 deri n\u00eb or\u00ebn 00.10, automjeti me targa diplomatike u vandalizua. Gjendur para nj\u00eb fakti t\u00eb till\u00eb, jan\u00eb njoftuar autoritetet policore vendase dhe jan\u00eb kryer t\u00eb gjitha procedurat e rastit nga ana e tyre:<\/span><\/p>\n<ol>\n<li><span style=\"color: #000000;\">Kqyrja e ambientit dhe makin\u00ebs;<\/span><\/li>\n<li><span style=\"color: #000000;\">Marrja e shenjave t\u00eb gisht\u00ebrinjve;<\/span><\/li>\n<li><span style=\"color: #000000;\">Deklarimi dhe denoncimi p\u00ebr incidentin, b\u00ebr\u00eb nga Konsulli i P\u00ebrgjithsh\u00ebm i\u00a0Republik\u00ebs s\u00eb Shqip\u00ebris\u00eb\u00a0n\u00eb Janin\u00eb, z. Pervin Gjikuria n\u00eb ambientet e policis\u00eb\u201d, thekson Ministria e Jashtme, e cila siguron se pasaportat u nxorr\u00ebn jasht funksioni dhe jan\u00eb marr\u00eb masa p\u00ebr t\u00eb siguruar transportin e tyre.<\/span><\/li>\n<\/ol>\n<p><span style=\"color: #000000;\"><strong>Reagimi i plot\u00eb:<\/strong><\/span><\/p>\n<p><span style=\"color: #000000;\">Ministria p\u00ebr Evrop\u00ebn dhe Pun\u00ebt e Jashtme informon sa m\u00eb posht\u00eb lidhur me rastin e bllokimit t\u00eb pasaportave shqiptare n\u00eb Kakavij\u00eb dhe humbjen e 100 prej k\u00ebtyre pasaportave n\u00eb Greqi:<\/span><\/p>\n<p><span style=\"color: #000000;\">N\u00eb dat\u00eb 13 shkurt, pasaportat e prodhuara nga kompania ALEAT po transportoheshin drejt Greqis\u00eb t\u00eb ambalazhuara jo n\u00eb p\u00ebrputhje me praktikat e rregullta t\u00eb transportimit t\u00eb pakove diplomatike.<\/span><\/p>\n<p><span style=\"color: #000000;\">Nisur nga ky fakt autoritetet doganore greke, n\u00eb pik\u00ebn e kalimit kufitar t\u00eb Kakavij\u00ebs, kryen verifikimin e rastit dhe bllokuan pakon me t\u00eb cil\u00ebn transportoheshin pasaportat.<\/span><\/p>\n<p><span style=\"color: #000000;\">Pako me pasaportat shqiptare, u zhbllokua pas verifikimit t\u00eb tyre dhe takimit t\u00eb p\u00ebrfaq\u00ebsuesve t\u00eb Konsullat\u00ebs s\u00eb P\u00ebrgjithshme t\u00eb RSH-s\u00eb n\u00eb Janin\u00eb me autoritetet doganore greke. Theksojm\u00eb se ngarkesa ka qen\u00eb e shoq\u00ebruar me nj\u00eb dokumentacion autorizues t\u00eb Ambasad\u00ebs s\u00eb Republik\u00ebs s\u00eb Shqip\u00ebris\u00eb\u00a0n\u00eb Athin\u00eb, me an\u00eb t\u00eb t\u00eb cilit autorizohej nj\u00eb punonj\u00ebse e Kompanis\u00eb \u201cTop Lines\u201d t\u00eb dor\u00ebzonte aplikimet dhe t\u00eb t\u00ebrhiqte pasaportat dhe kartat ID pran\u00eb Kompanis\u00eb ALEAT, p\u00ebr llogari t\u00eb Ambasad\u00ebs son\u00eb n\u00eb Athin\u00eb.<\/span><\/p>\n<p><span style=\"color: #000000;\">D\u00ebrgesa i \u00ebsht\u00eb dor\u00ebzuar p\u00ebrfaq\u00ebsuesve diplomatik\u00eb t\u00eb Konsullat\u00ebs s\u00eb P\u00ebrgjithshme t\u00eb\u00a0Republik\u00ebs s\u00eb Shqip\u00ebris\u00eb\u00a0n\u00eb Janin\u00eb, t\u00eb cil\u00ebt kan\u00eb proceduar me shoq\u00ebrimin dhe transportin e tyre drejt Ambasad\u00ebs s\u00eb\u00a0Republik\u00ebs s\u00eb Shqip\u00ebris\u00eb\u200b n\u00eb Athin\u00eb.<\/span><\/p>\n<p><span style=\"color: #000000;\">Gjat\u00eb transportimit t\u00eb tyre nga Konsulli i P\u00ebrgjithsh\u00ebm i\u00a0Republik\u00ebs s\u00eb Shqip\u00ebris\u00eb\u00a0n\u00eb Janin\u00eb, n\u00eb nj\u00eb nga ndalesat e b\u00ebra p\u00ebr n\u00eb ambasad\u00ebn ton\u00eb, pik\u00ebrisht n\u00eb rrug\u00ebn Agion Asomaton t\u00eb lagjes Thisio, Athin\u00eb, prej or\u00ebs 22.50 deri n\u00eb or\u00ebn 00.10, automjeti me targa diplomatike u vandalizua.<\/span><\/p>\n<p><span style=\"color: #000000;\">Gjendur para nj\u00eb fakti t\u00eb till\u00eb, jan\u00eb njoftuar autoritetet policore vendase dhe jan\u00eb kryer t\u00eb gjitha procedurat e rastit nga ana e tyre:<\/span><\/p>\n<ol>\n<li><span style=\"color: #000000;\">\u00a0Kqyrja e ambientit dhe makin\u00ebs;<\/span><\/li>\n<li><span style=\"color: #000000;\">\u00a0Marrja e shenjave t\u00eb gisht\u00ebrinjve;<\/span><\/li>\n<li><span style=\"color: #000000;\">\u00a0Deklarimi dhe denoncimi p\u00ebr incidentin, b\u00ebr\u00eb nga Konsulli i P\u00ebrgjithsh\u00ebm i\u00a0Republik\u00ebs s\u00eb Shqip\u00ebris\u00eb\u00a0n\u00eb Janin\u00eb, z. Pervin Gjikuria n\u00eb ambientet e policis\u00eb.<\/span><\/li>\n<\/ol>\n<p><span style=\"color: #000000;\">Menj\u00ebher\u00eb, si n\u00eb rastin e ngjarjes s\u00eb par\u00eb, n\u00eb kufi, dhe n\u00eb rastin e ngjarjes s\u00eb dyt\u00eb, Ministria p\u00ebr Evrop\u00ebn dhe Pun\u00ebt e Jashtme u angazhua p\u00ebr t\u00eb marr\u00eb masa t\u00eb menj\u00ebhershme parandaluese p\u00ebr evitimin e ngjarjeve t\u00eb tilla n\u00eb t\u00eb ardhmen.<\/span><\/p>\n<p><span style=\"color: #000000;\">N\u00eb t\u00eb nj\u00ebjt\u00ebn koh\u00eb,\u00a0Ministria p\u00ebr Evrop\u00ebn dhe Pun\u00ebt e Jashtme\u00a0ka nisur menj\u00ebher\u00eb t\u00eb gjitha procedurat hetimore dhe administrative p\u00ebr t\u00eb nd\u00ebshkuar n\u00eb m\u00ebnyr\u00eb rigoroze, sipas shkall\u00ebs s\u00eb shkeljes, p\u00ebrgjegj\u00ebsit p\u00ebr k\u00ebto praktika q\u00eb shkojn\u00eb n\u00eb kund\u00ebrshtim me rregullat dhe ligjet n\u00eb fuqi.<\/span><\/p>\n<p><span style=\"color: #000000;\">Ministria e Brendshme n\u00eb bashk\u00ebpunim me kompanin\u00eb ALEAT, kan\u00eb marr\u00eb masat p\u00ebr nxjerrjen jasht\u00eb p\u00ebrdorimi\u00a0 dhe shpalljen e pavlefshme t\u00eb k\u00ebtyre pasaportave, si dhe angazhimin p\u00ebr t\u00eb p\u00ebrshpejtuar procedurat e riprodhimit dhe z\u00ebvend\u00ebsimin e tyre.<\/span><\/p>\n<p><span style=\"color: #000000;\">Ministria p\u00ebr Evrop\u00ebn dhe Pun\u00ebt e Jashtme ka udh\u00ebzuar t\u00eb gjitha instancat e nevojshme q\u00eb qytetar\u00ebt e prekur nga d\u00ebmi i shkaktuar t\u00eb ri-aplikojn\u00eb pa shpenzime dhe l\u00ebshimi i pasaportave t\u00eb reja t\u00eb b\u00ebhet me urgjenc\u00eb.<\/span><\/p>\n<p>&nbsp;<\/p>\n<p>&nbsp;<\/p>\n","protected":false,"gt_translate_keys":[{"key":"rendered","format":"html"}]},"excerpt":{"rendered":"<p>Ministria p\u00ebr Evrop\u00ebn dhe Pun\u00ebt e Jashtme ka reaguar pas skandalit t\u00eb publikuar n\u00eb media p\u00ebr rastin e transportimit dhe vjedhjes n\u00eb Greqi t\u00eb pasaportave shqiptare. N\u00eb nj\u00eb komunikat\u00eb p\u00ebr mediat, Ministria p\u00ebr Europ\u00ebn dhe Pun\u00ebt e Jashtme ka shpjeguar t\u00eb gjith\u00eb itinerarin e transportit t\u00eb pasaportave, nd\u00ebrkoh\u00eb q\u00eb theksuar se pako e pasaportave u [&hellip;]<\/p>\n","protected":false,"gt_translate_keys":[{"key":"rendered","format":"html"}]},"author":32,"featured_media":277019,"comment_status":"open","ping_status":"open","sticky":false,"template":"","format":"standard","meta":{"footnotes":""},"categories":[65,13],"tags":[],"class_list":["post-277088","post","type-post","status-publish","format-standard","has-post-thumbnail","hentry","category-lajme","category-te-fundit"],"gt_translate_keys":[{"key":"link","format":"url"}],"_links":{"self":[{"href":"https:\/\/www.hashtag.al\/index.php\/wp-json\/wp\/v2\/posts\/277088","targetHints":{"allow":["GET"]}}],"collection":[{"href":"https:\/\/www.hashtag.al\/index.php\/wp-json\/wp\/v2\/posts"}],"about":[{"href":"https:\/\/www.hashtag.al\/index.php\/wp-json\/wp\/v2\/types\/post"}],"author":[{"embeddable":true,"href":"https:\/\/www.hashtag.al\/index.php\/wp-json\/wp\/v2\/users\/32"}],"replies":[{"embeddable":true,"href":"https:\/\/www.hashtag.al\/index.php\/wp-json\/wp\/v2\/comments?post=277088"}],"version-history":[{"count":0,"href":"https:\/\/www.hashtag.al\/index.php\/wp-json\/wp\/v2\/posts\/277088\/revisions"}],"wp:featuredmedia":[{"embeddable":true,"href":"https:\/\/www.hashtag.al\/index.php\/wp-json\/wp\/v2\/media\/277019"}],"wp:attachment":[{"href":"https:\/\/www.hashtag.al\/index.php\/wp-json\/wp\/v2\/media?parent=277088"}],"wp:term":[{"taxonomy":"category","embeddable":true,"href":"https:\/\/www.hashtag.al\/index.php\/wp-json\/wp\/v2\/categories?post=277088"},{"taxonomy":"post_tag","embeddable":true,"href":"https:\/\/www.hashtag.al\/index.php\/wp-json\/wp\/v2\/tags?post=277088"}],"curies":[{"name":"wp","href":"https:\/\/api.w.org\/{rel}","templated":true}]}}