{"id":277075,"date":"2019-02-22T17:22:30","date_gmt":"2019-02-22T16:22:30","guid":{"rendered":"https:\/\/hashtag.al\/?p=277075"},"modified":"2019-02-22T17:26:42","modified_gmt":"2019-02-22T16:26:42","slug":"kryemadhi-krereve-te-bashkive-me-kreret-e-pd-se-shtab-per-protesta-jemi-te-pergatitur-per-cdo-skenar-te-rames","status":"publish","type":"post","link":"https:\/\/www.hashtag.al\/index.php\/2019\/02\/22\/kryemadhi-krereve-te-bashkive-me-kreret-e-pd-se-shtab-per-protesta-jemi-te-pergatitur-per-cdo-skenar-te-rames\/","title":{"rendered":"Kryemadhi krer\u00ebve t\u00eb bashkive: Me krer\u00ebt e PD-s\u00eb shtab p\u00ebr protesta. Jemi t\u00eb p\u00ebrgatitur p\u00ebr \u00e7do skenar t\u00eb Ram\u00ebs!","gt_translate_keys":[{"key":"rendered","format":"text"}]},"content":{"rendered":"<p>&nbsp;<\/p>\n<p><img loading=\"lazy\" decoding=\"async\" class=\"aligncenter wp-image-276750\" src=\"https:\/\/hashtag.al\/wp-content\/uploads\/2019\/02\/monikakryemadhigazetaret.jpg\" alt=\"\" width=\"766\" height=\"530\" srcset=\"https:\/\/www.hashtag.al\/wp-content\/uploads\/2019\/02\/monikakryemadhigazetaret.jpg 645w, https:\/\/www.hashtag.al\/wp-content\/uploads\/2019\/02\/monikakryemadhigazetaret-300x207.jpg 300w\" sizes=\"auto, (max-width: 766px) 100vw, 766px\" \/><\/p>\n<p><span style=\"color: #000000;\">Kryetarja e LSI-s\u00eb, Monika Kryemadhi n\u00eb mbledhen e K\u00ebshillit Drejtues Komb\u00ebtar t\u00eb partis\u00eb q\u00eb drejton ka dh\u00ebn\u00eb porosit\u00eb p\u00ebr kryetar\u00ebt e bashkive, duke zbuluar edhe nj\u00eb hap t\u00eb radh\u00ebs t\u00eb opozit\u00ebs, pas djegies s\u00eb mandtave.<\/span><\/p>\n<p><span style=\"color: #000000;\">&#8220;Nga dita e nes\u00ebrme t\u00eb gjith\u00eb kryetar\u00ebt e bashkive, do t\u00eb organizohen me kryetar\u00ebt e PD do t\u00eb ngrihen shtabet lineare p\u00ebr protestat n\u00eb Shqip\u00ebri.&#8221;, theksoi Kryemadhi.<\/span><\/p>\n<p><span style=\"color: #000000;\">Kryetarja e LSI-s\u00eb tha se jan\u00eb t\u00eb p\u00ebrgatitur p\u00ebr \u00e7do skenar t\u00eb mundsh\u00ebm nga Edi Rama.<\/span><\/p>\n<p><span style=\"color: #000000;\">&#8220;Jemi t\u00eb p\u00ebrgatitur p\u00ebr \u00e7do skenar t\u00eb mundsh\u00ebm q\u00eb do organizoj\u00eb grupi kriminal q\u00eb ka emrin &#8220;Rilindja&#8221;.<\/span><\/p>\n<p><span style=\"color: #000000;\">Dikujt do t&#8217;i vij\u00eb thirrja nga prokuroria, dikujt do t&#8217;i vij\u00eb zarfi, dikujt do t&#8217;i vendoset l\u00ebnd\u00eb eksplozive, nuk na ndalin dot, nuk na ndalin dot se nuk \u00ebsht\u00eb m\u00eb shumic\u00eb dhe nuk ka kush i ndihmon nga prapa!<\/span><\/p>\n<p><span style=\"color: #000000;\">Deri dje e ka luajtur rolin e viktim\u00ebs s\u00eb sistemit por \u00e7dokush e di q\u00eb \u00ebsht\u00eb xhelati.&#8221;, komentoi Kryemadhi.<\/span><\/p>\n<p><span style=\"color: #000000;\">Kryetarja e LSI-s\u00eb shpjegoi para an\u00ebtareve t\u00eb LSI-s\u00eb pse u dor\u00ebzuan mandatet.<\/span><\/p>\n<p><span style=\"color: #000000;\">&#8220;Mandatet e LSI-s\u00eb jan\u00eb mandate gjaku! P\u00ebrve\u00e7se jan\u00eb mandate gjaku, jan\u00eb edhe mandatet e njer\u00ebzve q\u00eb besojn\u00eb te institucionet dhe ligji!<\/span><\/p>\n<p><span style=\"color: #000000;\">Nuk \u00ebsht\u00eb imuniteti ai q\u00eb u jep forc\u00eb, por \u00ebsht\u00eb morali q\u00eb u jep forc\u00eb deputet\u00ebve t\u00eb LSI-s\u00eb! Kemi treguar q\u00eb jemi njer\u00ebz q\u00eb punojm\u00eb dhe mendojm\u00eb p\u00ebr njer\u00ebzit!<\/span><\/p>\n<p><span style=\"color: #000000;\">Ne p\u00ebrball\u00eb beneficeve dhe imunitetit t\u00eb deputetit p\u00ebr ne ka m\u00eb shum\u00eb r\u00ebnd\u00ebsi marr\u00ebdh\u00ebnia me qytetar\u00ebt!<\/span><\/p>\n<p><span style=\"color: #000000;\">Edi Rama ka shkat\u00ebrruar t\u00eb ardhmen e shqiptar\u00ebve, ekonomin\u00eb e shqiptar\u00ebve!<\/span><\/p>\n<p><span style=\"color: #000000;\">Pse ishin aq shum\u00eb njer\u00ebz n\u00eb protest\u00eb? Sepse ishin pa pun\u00eb, jan\u00eb gati p\u00ebr t\u00eb ikur, por djegia e mandateve u dha shpres\u00eb se ky vend do t\u00eb b\u00ebhet!<\/span><\/p>\n<p><span style=\"color: #000000;\">Pa votat e LSI-s\u00eb reforma n\u00eb Drejt\u00ebsi nuk do t\u00eb ishte e mudnur! Por p\u00ebr hir t\u00eb s\u00eb v\u00ebrtet\u00ebs dol\u00ebn parashikimet e PD q\u00eb reforma do kapte drejt\u00ebsin\u00eb&#8221;, tha m\u00eb tej.<\/span><\/p>\n<p><span style=\"color: #000000;\">Sot nga Gjirokastra kryeministri Edi Rama tha se opozita dogji mandatet sepse \u00ebsht\u00eb n\u00eb panik nga disa pun\u00eb q\u00eb ka me drejt\u00ebsin\u00eb.<\/span><\/p>\n","protected":false,"gt_translate_keys":[{"key":"rendered","format":"html"}]},"excerpt":{"rendered":"<p>&nbsp; Kryetarja e LSI-s\u00eb, Monika Kryemadhi n\u00eb mbledhen e K\u00ebshillit Drejtues Komb\u00ebtar t\u00eb partis\u00eb q\u00eb drejton ka dh\u00ebn\u00eb porosit\u00eb p\u00ebr kryetar\u00ebt e bashkive, duke zbuluar edhe nj\u00eb hap t\u00eb radh\u00ebs t\u00eb opozit\u00ebs, pas djegies s\u00eb mandtave. &#8220;Nga dita e nes\u00ebrme t\u00eb gjith\u00eb kryetar\u00ebt e bashkive, do t\u00eb organizohen me kryetar\u00ebt e PD do t\u00eb ngrihen [&hellip;]<\/p>\n","protected":false,"gt_translate_keys":[{"key":"rendered","format":"html"}]},"author":6,"featured_media":276750,"comment_status":"open","ping_status":"open","sticky":false,"template":"","format":"standard","meta":{"footnotes":""},"categories":[65,13],"tags":[],"class_list":["post-277075","post","type-post","status-publish","format-standard","has-post-thumbnail","hentry","category-lajme","category-te-fundit"],"gt_translate_keys":[{"key":"link","format":"url"}],"_links":{"self":[{"href":"https:\/\/www.hashtag.al\/index.php\/wp-json\/wp\/v2\/posts\/277075","targetHints":{"allow":["GET"]}}],"collection":[{"href":"https:\/\/www.hashtag.al\/index.php\/wp-json\/wp\/v2\/posts"}],"about":[{"href":"https:\/\/www.hashtag.al\/index.php\/wp-json\/wp\/v2\/types\/post"}],"author":[{"embeddable":true,"href":"https:\/\/www.hashtag.al\/index.php\/wp-json\/wp\/v2\/users\/6"}],"replies":[{"embeddable":true,"href":"https:\/\/www.hashtag.al\/index.php\/wp-json\/wp\/v2\/comments?post=277075"}],"version-history":[{"count":0,"href":"https:\/\/www.hashtag.al\/index.php\/wp-json\/wp\/v2\/posts\/277075\/revisions"}],"wp:featuredmedia":[{"embeddable":true,"href":"https:\/\/www.hashtag.al\/index.php\/wp-json\/wp\/v2\/media\/276750"}],"wp:attachment":[{"href":"https:\/\/www.hashtag.al\/index.php\/wp-json\/wp\/v2\/media?parent=277075"}],"wp:term":[{"taxonomy":"category","embeddable":true,"href":"https:\/\/www.hashtag.al\/index.php\/wp-json\/wp\/v2\/categories?post=277075"},{"taxonomy":"post_tag","embeddable":true,"href":"https:\/\/www.hashtag.al\/index.php\/wp-json\/wp\/v2\/tags?post=277075"}],"curies":[{"name":"wp","href":"https:\/\/api.w.org\/{rel}","templated":true}]}}