{"id":277018,"date":"2019-02-22T13:20:26","date_gmt":"2019-02-22T12:20:26","guid":{"rendered":"https:\/\/hashtag.al\/?p=277018"},"modified":"2019-02-22T13:38:07","modified_gmt":"2019-02-22T12:38:07","slug":"pasaportat-cohen-me-cante-drejt-greqise-bllokohen-nga-policia-e-me-pas-vidhen-ne-athine","status":"publish","type":"post","link":"https:\/\/www.hashtag.al\/index.php\/2019\/02\/22\/pasaportat-cohen-me-cante-drejt-greqise-bllokohen-nga-policia-e-me-pas-vidhen-ne-athine\/","title":{"rendered":"Pasaportat \u00e7ohen me \u00e7ant\u00eb drejt Greqis\u00eb, bllokohen nga policia e m\u00eb pas vidhen n\u00eb Athin\u00eb","gt_translate_keys":[{"key":"rendered","format":"text"}]},"content":{"rendered":"<p><img loading=\"lazy\" decoding=\"async\" class=\"aligncenter size-full wp-image-277019\" src=\"https:\/\/hashtag.al\/wp-content\/uploads\/2019\/02\/pasaporta-2.jpg\" alt=\"\" width=\"900\" height=\"594\" srcset=\"https:\/\/www.hashtag.al\/wp-content\/uploads\/2019\/02\/pasaporta-2.jpg 900w, https:\/\/www.hashtag.al\/wp-content\/uploads\/2019\/02\/pasaporta-2-300x198.jpg 300w, https:\/\/www.hashtag.al\/wp-content\/uploads\/2019\/02\/pasaporta-2-768x507.jpg 768w\" sizes=\"auto, (max-width: 900px) 100vw, 900px\" \/><\/p>\n<p><span style=\"color: #000000;\">Policia greke ka bllokuar nj\u00eb num\u00ebr t\u00eb madh pasaportash t\u00eb reja, q\u00eb duhet t\u2019u shp\u00ebrndaheshin emigrabt\u00ebve shqiptar\u00eb q\u00eb punojn\u00eb e jetojn\u00eb n\u00eb vendin fqinj. <\/span><\/p>\n<p><span style=\"color: #000000;\">Bllokimi i tyre \u00ebsht\u00eb b\u00ebr\u00eb n\u00eb pik\u00ebn kufitare t\u00eb Kakavij\u00ebs dhe shkak p\u00ebr k\u00ebt\u00eb \u00ebsht\u00eb b\u00ebr\u00eb m\u00ebnyra e d\u00ebrgimit t\u00eb tyre, n\u00ebp\u00ebrmjet autobusit t\u00eb linj\u00ebs Tiran\u00eb-Athin\u00eb, t\u00eb futura n\u00eb \u00e7anta dore dhe pa asnj\u00eb shoq\u00ebrues nga ana e Ministris\u00eb s\u00eb Jashtme. <\/span><\/p>\n<p><span style=\"color: #000000;\">Gjat\u00eb kontrollit t\u00eb policis\u00eb greke n\u00eb pik\u00ebn kufitare t\u00eb Kakavij\u00ebs, kjo d\u00ebrges\u00eb ka krijuar dyshime dhe \u00e7antat jan\u00eb bllokuar, raporton <strong>&#8220;Panorama&#8221;<\/strong>.<\/span><\/p>\n<p><span style=\"color: #000000;\">Policia greke ka ndaluar shoferin e autobusit si t\u00eb dyshuar n\u00eb nj\u00eb trafik me pasaporta shqiptare nd\u00ebrkomb\u00ebtare. <\/span><\/p>\n<p><span style=\"color: #000000;\">Shoferi ka sqaruar autoritetet greke se b\u00ebhej fjal\u00eb p\u00ebr nj\u00eb d\u00ebrges\u00eb t\u00eb Ministris\u00eb s\u00eb Jashtme t\u00eb Shqip\u00ebris\u00eb, d\u00ebrguar ambasad\u00ebs son\u00eb n\u00eb Athin\u00eb me pasaportat e reja t\u00eb bashk\u00ebkomb\u00ebsve tan\u00eb. <\/span><\/p>\n<p><span style=\"color: #000000;\">Pas kontakteve t\u00eb ministrive respektive, situata \u00ebsht\u00eb sqaruar ndhe shoferi \u00ebsht\u00eb l\u00ebn\u00eb i lir\u00eb nd\u00ebrsa pasaportat jan\u00eb bllokuar, deri n\u00eb mb\u00ebrritjen e punonj\u00ebsve diplomatik\u00eb q\u00eb kan\u00eb b\u00ebr\u00eb t\u00ebrheqjen e tyre.<\/span><\/p>\n<p><span style=\"color: #000000;\">Gazeta <strong>\u201cPanorama\u201d<\/strong> ka kontaktuar konsullin e Shqip\u00ebris\u00eb n\u00eb Janin\u00eb, Pervin Gjikuria, i cili nuk e mohoi bllokimin e pasaportave nga policia greke, por e cil\u00ebsoi si nj\u00eb procedur\u00eb n\u00eb vijim q\u00eb po ndiqet.<\/span><\/p>\n<p><span style=\"color: #000000;\">Pas t\u00ebrheqjes s\u00eb pasaportave, nj\u00eb pjes\u00eb e tyre u vodh\u00ebn n\u00eb nj\u00eb parkim n\u00eb Athin\u00eb, nd\u00ebrsa policia greke po heton p\u00ebr zbardhje e ngjarjes.<\/span><\/p>\n<p><img loading=\"lazy\" decoding=\"async\" class=\"aligncenter size-full wp-image-277022\" src=\"https:\/\/hashtag.al\/wp-content\/uploads\/2019\/02\/kakavije.jpg\" alt=\"\" width=\"780\" height=\"439\" srcset=\"https:\/\/www.hashtag.al\/wp-content\/uploads\/2019\/02\/kakavije.jpg 780w, https:\/\/www.hashtag.al\/wp-content\/uploads\/2019\/02\/kakavije-300x169.jpg 300w, https:\/\/www.hashtag.al\/wp-content\/uploads\/2019\/02\/kakavije-768x432.jpg 768w\" sizes=\"auto, (max-width: 780px) 100vw, 780px\" \/><\/p>\n","protected":false,"gt_translate_keys":[{"key":"rendered","format":"html"}]},"excerpt":{"rendered":"<p>Policia greke ka bllokuar nj\u00eb num\u00ebr t\u00eb madh pasaportash t\u00eb reja, q\u00eb duhet t\u2019u shp\u00ebrndaheshin emigrabt\u00ebve shqiptar\u00eb q\u00eb punojn\u00eb e jetojn\u00eb n\u00eb vendin fqinj. Bllokimi i tyre \u00ebsht\u00eb b\u00ebr\u00eb n\u00eb pik\u00ebn kufitare t\u00eb Kakavij\u00ebs dhe shkak p\u00ebr k\u00ebt\u00eb \u00ebsht\u00eb b\u00ebr\u00eb m\u00ebnyra e d\u00ebrgimit t\u00eb tyre, n\u00ebp\u00ebrmjet autobusit t\u00eb linj\u00ebs Tiran\u00eb-Athin\u00eb, t\u00eb futura n\u00eb \u00e7anta dore [&hellip;]<\/p>\n","protected":false,"gt_translate_keys":[{"key":"rendered","format":"html"}]},"author":51,"featured_media":277020,"comment_status":"open","ping_status":"open","sticky":false,"template":"","format":"standard","meta":{"footnotes":""},"categories":[65,13],"tags":[],"class_list":["post-277018","post","type-post","status-publish","format-standard","has-post-thumbnail","hentry","category-lajme","category-te-fundit"],"gt_translate_keys":[{"key":"link","format":"url"}],"_links":{"self":[{"href":"https:\/\/www.hashtag.al\/index.php\/wp-json\/wp\/v2\/posts\/277018","targetHints":{"allow":["GET"]}}],"collection":[{"href":"https:\/\/www.hashtag.al\/index.php\/wp-json\/wp\/v2\/posts"}],"about":[{"href":"https:\/\/www.hashtag.al\/index.php\/wp-json\/wp\/v2\/types\/post"}],"author":[{"embeddable":true,"href":"https:\/\/www.hashtag.al\/index.php\/wp-json\/wp\/v2\/users\/51"}],"replies":[{"embeddable":true,"href":"https:\/\/www.hashtag.al\/index.php\/wp-json\/wp\/v2\/comments?post=277018"}],"version-history":[{"count":0,"href":"https:\/\/www.hashtag.al\/index.php\/wp-json\/wp\/v2\/posts\/277018\/revisions"}],"wp:featuredmedia":[{"embeddable":true,"href":"https:\/\/www.hashtag.al\/index.php\/wp-json\/wp\/v2\/media\/277020"}],"wp:attachment":[{"href":"https:\/\/www.hashtag.al\/index.php\/wp-json\/wp\/v2\/media?parent=277018"}],"wp:term":[{"taxonomy":"category","embeddable":true,"href":"https:\/\/www.hashtag.al\/index.php\/wp-json\/wp\/v2\/categories?post=277018"},{"taxonomy":"post_tag","embeddable":true,"href":"https:\/\/www.hashtag.al\/index.php\/wp-json\/wp\/v2\/tags?post=277018"}],"curies":[{"name":"wp","href":"https:\/\/api.w.org\/{rel}","templated":true}]}}