{"id":276939,"date":"2019-02-22T10:37:43","date_gmt":"2019-02-22T09:37:43","guid":{"rendered":"https:\/\/hashtag.al\/?p=276939"},"modified":"2019-02-22T10:42:41","modified_gmt":"2019-02-22T09:42:41","slug":"denoncuesja-sduket-askund-polici-bajrakurtaj-shkon-ne-gjykate-me-ambulance-video","status":"publish","type":"post","link":"https:\/\/www.hashtag.al\/index.php\/2019\/02\/22\/denoncuesja-sduket-askund-polici-bajrakurtaj-shkon-ne-gjykate-me-ambulance-video\/","title":{"rendered":"Denoncuesja s&#8217;duket askund, polici Bajrakurtaj shkon n\u00eb Gjykat\u00eb me ambulanc\u00eb (VIDEO)","gt_translate_keys":[{"key":"rendered","format":"text"}]},"content":{"rendered":"<p><span style=\"color: #000000;\"><img loading=\"lazy\" decoding=\"async\" class=\"aligncenter size-full wp-image-276940\" src=\"https:\/\/hashtag.al\/wp-content\/uploads\/2019\/02\/bajrakurtaj.jpg\" alt=\"\" width=\"1127\" height=\"570\" srcset=\"https:\/\/www.hashtag.al\/wp-content\/uploads\/2019\/02\/bajrakurtaj.jpg 1127w, https:\/\/www.hashtag.al\/wp-content\/uploads\/2019\/02\/bajrakurtaj-300x152.jpg 300w, https:\/\/www.hashtag.al\/wp-content\/uploads\/2019\/02\/bajrakurtaj-768x388.jpg 768w, https:\/\/www.hashtag.al\/wp-content\/uploads\/2019\/02\/bajrakurtaj-1024x518.jpg 1024w\" sizes=\"auto, (max-width: 1127px) 100vw, 1127px\" \/><\/span><\/p>\n<p><span style=\"color: #000000;\">Berhan Bajrakurtaj, polici i arrestuar p\u00ebr &#8220;ngacmim seksual&#8221;, n\u00eb Mal\u00ebsi t\u00eb Madhe, ka mb\u00ebrritur k\u00ebt\u00eb m\u00ebngjes n\u00eb Gjykat\u00ebn e Shkodr\u00ebs me autoambulanc\u00eb.<\/span><\/p>\n<p><span style=\"color: #000000;\">Kjo pasi ai raportohet t\u00eb jet\u00eb n\u00eb gjendje t\u00eb r\u00ebnduar sh\u00ebndet\u00ebsore. Dit\u00ebn e sotme, pritet t\u00eb kryhet rivler\u00ebsimi p\u00ebr mas\u00ebn e siguris\u00eb edhe pse nuk e ka pranuar akuz\u00ebn q\u00eb r\u00ebndon ndaj tij.<\/span><\/p>\n<p><span style=\"color: #000000;\"><em>\u201cNuk kam ngacmuar asnj\u00eb t\u00eb mitur\u201d<\/em>, ka th\u00ebn\u00eb n\u00eb sall\u00ebn e gjyqit ku u njoh me mas\u00ebn e siguris\u00eb\u00a0Berhan Bajrakurtaj.<\/span><\/p>\n<p><span style=\"color: #000000;\">M\u00eb 14 shkurt, Gjykata e Shkodr\u00ebs vendosi p\u00ebr 30 dit\u00eb burg p\u00ebr Bajrakurt\u00ebn, deri sa t\u00eb dal\u00eb denoncuesi p\u00ebr policin q\u00eb u filmua teksa masturbohej.<\/span><\/p>\n<p><span style=\"color: #000000;\">P\u00ebr efektivin Bajrakurtaj pritet d\u00ebshmia e denoncuesit (n\u00ebse ka), por ende nuk ka rezultuar nj\u00eb i till\u00eb. Edhe pse rasti \u00ebsht\u00eb publikuar n\u00eb t\u00eb gjitha mediet, ende nuk ka dal\u00eb denoncuesja q\u00eb Bajrakurtaj akuzohet se ia ka d\u00ebrguar at\u00eb video.\u00a0<\/span><span style=\"color: #000000;\">Fillimisht video qarkulloi e komentuar si shantazh q\u00eb Bajrakurtaj po i b\u00ebnte nj\u00eb t\u00eb miture, pist\u00eb q\u00eb nuk \u00ebsht\u00eb v\u00ebrtetuar ende.\u00a0<\/span><\/p>\n<p>&nbsp;<\/p>\n<div style=\"width: 400px;\" class=\"wp-video\"><video class=\"wp-video-shortcode\" id=\"video-276939-1\" width=\"400\" height=\"226\" preload=\"metadata\" controls=\"controls\"><source type=\"video\/mp4\" src=\"https:\/\/hashtag.al\/wp-content\/uploads\/2019\/02\/getfvid_53102411_600373680411066_7035090902531964928_n.mp4?_=1\" \/><a href=\"https:\/\/hashtag.al\/wp-content\/uploads\/2019\/02\/getfvid_53102411_600373680411066_7035090902531964928_n.mp4\">https:\/\/hashtag.al\/wp-content\/uploads\/2019\/02\/getfvid_53102411_600373680411066_7035090902531964928_n.mp4<\/a><\/video><\/div>\n","protected":false,"gt_translate_keys":[{"key":"rendered","format":"html"}]},"excerpt":{"rendered":"<p>Berhan Bajrakurtaj, polici i arrestuar p\u00ebr &#8220;ngacmim seksual&#8221;, n\u00eb Mal\u00ebsi t\u00eb Madhe, ka mb\u00ebrritur k\u00ebt\u00eb m\u00ebngjes n\u00eb Gjykat\u00ebn e Shkodr\u00ebs me autoambulanc\u00eb. Kjo pasi ai raportohet t\u00eb jet\u00eb n\u00eb gjendje t\u00eb r\u00ebnduar sh\u00ebndet\u00ebsore. Dit\u00ebn e sotme, pritet t\u00eb kryhet rivler\u00ebsimi p\u00ebr mas\u00ebn e siguris\u00eb edhe pse nuk e ka pranuar akuz\u00ebn q\u00eb r\u00ebndon ndaj tij. [&hellip;]<\/p>\n","protected":false,"gt_translate_keys":[{"key":"rendered","format":"html"}]},"author":30,"featured_media":276940,"comment_status":"open","ping_status":"open","sticky":false,"template":"","format":"standard","meta":{"footnotes":""},"categories":[65,13],"tags":[],"class_list":["post-276939","post","type-post","status-publish","format-standard","has-post-thumbnail","hentry","category-lajme","category-te-fundit"],"gt_translate_keys":[{"key":"link","format":"url"}],"_links":{"self":[{"href":"https:\/\/www.hashtag.al\/index.php\/wp-json\/wp\/v2\/posts\/276939","targetHints":{"allow":["GET"]}}],"collection":[{"href":"https:\/\/www.hashtag.al\/index.php\/wp-json\/wp\/v2\/posts"}],"about":[{"href":"https:\/\/www.hashtag.al\/index.php\/wp-json\/wp\/v2\/types\/post"}],"author":[{"embeddable":true,"href":"https:\/\/www.hashtag.al\/index.php\/wp-json\/wp\/v2\/users\/30"}],"replies":[{"embeddable":true,"href":"https:\/\/www.hashtag.al\/index.php\/wp-json\/wp\/v2\/comments?post=276939"}],"version-history":[{"count":0,"href":"https:\/\/www.hashtag.al\/index.php\/wp-json\/wp\/v2\/posts\/276939\/revisions"}],"wp:featuredmedia":[{"embeddable":true,"href":"https:\/\/www.hashtag.al\/index.php\/wp-json\/wp\/v2\/media\/276940"}],"wp:attachment":[{"href":"https:\/\/www.hashtag.al\/index.php\/wp-json\/wp\/v2\/media?parent=276939"}],"wp:term":[{"taxonomy":"category","embeddable":true,"href":"https:\/\/www.hashtag.al\/index.php\/wp-json\/wp\/v2\/categories?post=276939"},{"taxonomy":"post_tag","embeddable":true,"href":"https:\/\/www.hashtag.al\/index.php\/wp-json\/wp\/v2\/tags?post=276939"}],"curies":[{"name":"wp","href":"https:\/\/api.w.org\/{rel}","templated":true}]}}