{"id":276917,"date":"2019-02-22T09:58:13","date_gmt":"2019-02-22T08:58:13","guid":{"rendered":"https:\/\/hashtag.al\/?p=276917"},"modified":"2019-02-22T09:59:11","modified_gmt":"2019-02-22T08:59:11","slug":"vleresim-psikik-dhe-kod-strikt-te-sjelljes-papa-francesku-ofron-hapa-konkrete-per-te-luftuar-abuzimin-seksual","status":"publish","type":"post","link":"https:\/\/www.hashtag.al\/index.php\/2019\/02\/22\/vleresim-psikik-dhe-kod-strikt-te-sjelljes-papa-francesku-ofron-hapa-konkrete-per-te-luftuar-abuzimin-seksual\/","title":{"rendered":"&#8220;Vler\u00ebsim psikik dhe kod strikt t\u00eb sjelljes&#8221;, Papa Fran\u00e7esku ofron hapa &#8216;konkrete&#8217; p\u00ebr t\u00eb luftuar abuzimin seksual","gt_translate_keys":[{"key":"rendered","format":"text"}]},"content":{"rendered":"<p><img loading=\"lazy\" decoding=\"async\" class=\"aligncenter size-full wp-image-276918\" src=\"https:\/\/hashtag.al\/wp-content\/uploads\/2019\/02\/papa.jpg\" alt=\"\" width=\"980\" height=\"551\" srcset=\"https:\/\/www.hashtag.al\/wp-content\/uploads\/2019\/02\/papa.jpg 980w, https:\/\/www.hashtag.al\/wp-content\/uploads\/2019\/02\/papa-300x169.jpg 300w, https:\/\/www.hashtag.al\/wp-content\/uploads\/2019\/02\/papa-768x432.jpg 768w\" sizes=\"auto, (max-width: 980px) 100vw, 980px\" \/><\/p>\n<p><span style=\"color: #000000;\">Papa Fran\u00e7esku ka propozuar nj\u00eb list\u00eb me 21 iniciativa, p\u00ebrmes t\u00eb cilave shpreson t\u00eb ndaloj\u00eb at\u00eb q\u00eb \u00ebsht\u00eb quajtur &#8220;erozion i besimit&#8221; n\u00eb Kish\u00ebn Katolike, pas skandaleve t\u00eb shumta t\u00eb abuzimeve seksuale dhe p\u00ebrpjekjeve p\u00ebr t&#8217;i mbajtur ato t\u00eb fshehta.<\/span><\/p>\n<p><span style=\"color: #000000;\">Duke u p\u00ebrpjekur t\u00eb b\u00ebj\u00eb presion ndaj klerit p\u00ebr t&#8217;u p\u00ebrballur me k\u00ebt\u00eb \u00e7\u00ebshtje, Papa inicioi nj\u00eb samit t\u00eb r\u00ebnd\u00ebsish\u00ebm p\u00ebr &#8220;Mbrojtjen e t\u00eb miturve n\u00eb kish\u00eb&#8221;, duke paraqitur dhe nj\u00eb lib\u00ebrth i cili duhet t\u00eb sh\u00ebrbej\u00eb si pik\u00ebnisje p\u00ebr Vatikanin n\u00eb m\u00ebnyr\u00eb q\u00eb t\u00eb kap\u00ebrcej\u00eb kriz\u00ebn e abuzimit seksual.<\/span><\/p>\n<p><em><strong><span style=\"color: #000000;\">&#8220;Duhet t\u00eb jemi konkret\u00eb&#8221;<\/span><\/strong><\/em><\/p>\n<p><span style=\"color: #000000;\"><em>&#8220;Njer\u00ebzit e shenjt\u00eb t\u00eb Per\u00ebndis\u00eb na shikojn\u00eb dhe nuk presin nga ne d\u00ebnime t\u00eb thjeshta dhe t\u00eb parashikueshme, por masa konkrete dhe efektive &#8220;,<\/em> theksoi t\u00eb enjten n\u00eb Vatikan, Papa Fran\u00e7esku.<\/span><\/p>\n<p><span style=\"color: #000000;\">Pikat orientuese t\u00eb formuluara nga Komisionet dhe Konferencat e ndryshme Episkopale, k\u00ebrkojn\u00eb t\u00eb krijojn\u00eb rregulla specifike p\u00ebr ata q\u00eb d\u00ebshirojn\u00eb t\u00eb hyjn\u00eb n\u00eb prift\u00ebri, p\u00ebr t&#8217;u siguruar q\u00eb kandidat\u00ebt kan\u00eb arritur nj\u00eb <em>&#8220;Pjekuri shpirt\u00ebrore dhe psiko-seksuale&#8221;<\/em> para se t\u00eb shugurohen.<\/span><\/p>\n<p><span style=\"color: #000000;\">Klerik\u00ebt e shpallur fajtor\u00eb p\u00ebr abuzimin seksual t\u00eb t\u00eb miturve duhet t\u00eb l\u00ebn\u00eb detyrat publike, \u00ebsht\u00eb nj\u00eb nga k\u00ebrkesat, nd\u00ebrsa nj\u00eb propozim tjet\u00ebr k\u00ebrkon krijimin e <em>&#8220;kodeve t\u00eb detyrueshme t\u00eb sjelljes&#8221;<\/em> p\u00ebr t\u00eb p\u00ebrcaktuar <em>&#8220;kufijt\u00eb e duhur&#8221;<\/em> n\u00eb marr\u00ebdh\u00ebniet personale.<\/span><\/p>\n<p><span style=\"color: #000000;\">N\u00eb nj\u00eb p\u00ebrpjekje p\u00ebr t&#8217;i sh\u00ebrbyer m\u00eb mir\u00eb interesave t\u00eb t\u00eb miturve, Papa gjithashtu k\u00ebrkoi nj\u00eb ndryshim n\u00eb Kodin e Ligjit t\u00eb Kanunit, duke rritur mosh\u00ebn minimale t\u00eb martes\u00ebs nga 14 n\u00eb 16 vje\u00e7.<\/span><\/p>\n<p><span style=\"color: #000000;\">Familjet n\u00eb mbar\u00eb bot\u00ebn po k\u00ebrkojn\u00eb q\u00eb t\u00eb krijojn\u00eb nj\u00eb linj\u00eb telefonike anonime, p\u00ebr t\u00eb raportuar rastet e abuzimit.<\/span><\/p>\n<p><span style=\"color: #000000;\">Dokumenti i Pap\u00ebs nuk ka fuqi detyruese dhe u shp\u00ebrnda n\u00eb dit\u00ebn e par\u00eb t\u00eb konferenc\u00ebs n\u00eb m\u00ebnyr\u00eb q\u00eb diskutimi mes peshkop\u00ebve t\u00eb mund t\u00eb nis\u00eb.<\/span><\/p>\n<p><strong><span style=\"color: #000000;\"><span style=\"color: #ff0000;\">VINI RE:<\/span> Ky artikull \u00ebsht\u00eb pron\u00eb intelektuale e <span style=\"color: #0000ff;\"><a style=\"color: #0000ff;\" href=\"https:\/\/www.rt.com\/news\/452128-pope-points-sexual-abuse-vatican\/\">RT<\/a><\/span><\/span><\/strong><\/p>\n<p><img loading=\"lazy\" decoding=\"async\" class=\"aligncenter size-full wp-image-276920\" src=\"https:\/\/hashtag.al\/wp-content\/uploads\/2019\/02\/PAPA-F.jpg\" alt=\"\" width=\"598\" height=\"595\" srcset=\"https:\/\/www.hashtag.al\/wp-content\/uploads\/2019\/02\/PAPA-F.jpg 598w, https:\/\/www.hashtag.al\/wp-content\/uploads\/2019\/02\/PAPA-F-150x150.jpg 150w, https:\/\/www.hashtag.al\/wp-content\/uploads\/2019\/02\/PAPA-F-300x298.jpg 300w, https:\/\/www.hashtag.al\/wp-content\/uploads\/2019\/02\/PAPA-F-120x120.jpg 120w\" sizes=\"auto, (max-width: 598px) 100vw, 598px\" \/><\/p>\n","protected":false,"gt_translate_keys":[{"key":"rendered","format":"html"}]},"excerpt":{"rendered":"<p>Papa Fran\u00e7esku ka propozuar nj\u00eb list\u00eb me 21 iniciativa, p\u00ebrmes t\u00eb cilave shpreson t\u00eb ndaloj\u00eb at\u00eb q\u00eb \u00ebsht\u00eb quajtur &#8220;erozion i besimit&#8221; n\u00eb Kish\u00ebn Katolike, pas skandaleve t\u00eb shumta t\u00eb abuzimeve seksuale dhe p\u00ebrpjekjeve p\u00ebr t&#8217;i mbajtur ato t\u00eb fshehta. Duke u p\u00ebrpjekur t\u00eb b\u00ebj\u00eb presion ndaj klerit p\u00ebr t&#8217;u p\u00ebrballur me k\u00ebt\u00eb \u00e7\u00ebshtje, Papa [&hellip;]<\/p>\n","protected":false,"gt_translate_keys":[{"key":"rendered","format":"html"}]},"author":30,"featured_media":276918,"comment_status":"open","ping_status":"open","sticky":false,"template":"","format":"standard","meta":{"footnotes":""},"categories":[6],"tags":[],"class_list":["post-276917","post","type-post","status-publish","format-standard","has-post-thumbnail","hentry","category-nderkombetare"],"gt_translate_keys":[{"key":"link","format":"url"}],"_links":{"self":[{"href":"https:\/\/www.hashtag.al\/index.php\/wp-json\/wp\/v2\/posts\/276917","targetHints":{"allow":["GET"]}}],"collection":[{"href":"https:\/\/www.hashtag.al\/index.php\/wp-json\/wp\/v2\/posts"}],"about":[{"href":"https:\/\/www.hashtag.al\/index.php\/wp-json\/wp\/v2\/types\/post"}],"author":[{"embeddable":true,"href":"https:\/\/www.hashtag.al\/index.php\/wp-json\/wp\/v2\/users\/30"}],"replies":[{"embeddable":true,"href":"https:\/\/www.hashtag.al\/index.php\/wp-json\/wp\/v2\/comments?post=276917"}],"version-history":[{"count":0,"href":"https:\/\/www.hashtag.al\/index.php\/wp-json\/wp\/v2\/posts\/276917\/revisions"}],"wp:featuredmedia":[{"embeddable":true,"href":"https:\/\/www.hashtag.al\/index.php\/wp-json\/wp\/v2\/media\/276918"}],"wp:attachment":[{"href":"https:\/\/www.hashtag.al\/index.php\/wp-json\/wp\/v2\/media?parent=276917"}],"wp:term":[{"taxonomy":"category","embeddable":true,"href":"https:\/\/www.hashtag.al\/index.php\/wp-json\/wp\/v2\/categories?post=276917"},{"taxonomy":"post_tag","embeddable":true,"href":"https:\/\/www.hashtag.al\/index.php\/wp-json\/wp\/v2\/tags?post=276917"}],"curies":[{"name":"wp","href":"https:\/\/api.w.org\/{rel}","templated":true}]}}