{"id":276820,"date":"2019-02-21T19:43:10","date_gmt":"2019-02-21T18:43:10","guid":{"rendered":"https:\/\/hashtag.al\/?p=276820"},"modified":"2019-02-21T19:43:10","modified_gmt":"2019-02-21T18:43:10","slug":"nuk-e-la-mandatin-murrizi-shpjegon-arsyet-pse-doli-kunder-grupit-te-pd-se","status":"publish","type":"post","link":"https:\/\/www.hashtag.al\/index.php\/2019\/02\/21\/nuk-e-la-mandatin-murrizi-shpjegon-arsyet-pse-doli-kunder-grupit-te-pd-se\/","title":{"rendered":"Nuk e la mandatin, Murrizi shpjegon arsyet pse doli kund\u00ebr grupit t\u00eb PD-s\u00eb","gt_translate_keys":[{"key":"rendered","format":"text"}]},"content":{"rendered":"<p><img loading=\"lazy\" decoding=\"async\" class=\"aligncenter size-full wp-image-276821\" src=\"https:\/\/hashtag.al\/wp-content\/uploads\/2019\/02\/murrizi-1.png\" alt=\"\" width=\"880\" height=\"521\" srcset=\"https:\/\/www.hashtag.al\/wp-content\/uploads\/2019\/02\/murrizi-1.png 880w, https:\/\/www.hashtag.al\/wp-content\/uploads\/2019\/02\/murrizi-1-300x178.png 300w, https:\/\/www.hashtag.al\/wp-content\/uploads\/2019\/02\/murrizi-1-768x455.png 768w\" sizes=\"auto, (max-width: 880px) 100vw, 880px\" \/><\/p>\n<p><span style=\"color: #000000;\">Deputeti i PD-s\u00eb, Muslim Murrizi ka folur lidhur me vendimin e tij p\u00ebr t\u00eb mos e djegur mandatin e tij.<\/span><\/p>\n<p><span style=\"color: #000000;\">\u201cKam qen\u00eb konstant, kund\u00ebr djegies s\u00eb mandateve sepse ne ato i kishim t\u00eb djegura, pse na futen n\u00eb dhjetor? Kam qen\u00eb konstant n\u00eb Grup parlamentar, edhe n\u00eb mbledhje t\u00eb tjera. Kam pyetur n\u00ebse jan\u00eb konsultuar p\u00ebr nj\u00eb vendim t\u00eb till\u00eb me nd\u00ebrkomb\u00ebtar\u00ebt dhe partit\u00eb motra europiane. Kam q\u00eb nga viti 2009 q\u00eb b\u00ebrtas p\u00ebr ndryshimin e Kodit Zgjedhor p\u00ebr sistemin mazhoritar dhe zgjedhje t\u00eb drejta dhe jam i bindur se me sistemin mazhoritar askush prej butak\u00ebve n\u00eb Parlament nuk do t\u00eb fitoj\u00eb,\u201d-\u00a0\u00ebsht\u00eb shprehur ai.<\/span><\/p>\n","protected":false,"gt_translate_keys":[{"key":"rendered","format":"html"}]},"excerpt":{"rendered":"<p>Deputeti i PD-s\u00eb, Muslim Murrizi ka folur lidhur me vendimin e tij p\u00ebr t\u00eb mos e djegur mandatin e tij. \u201cKam qen\u00eb konstant, kund\u00ebr djegies s\u00eb mandateve sepse ne ato i kishim t\u00eb djegura, pse na futen n\u00eb dhjetor? Kam qen\u00eb konstant n\u00eb Grup parlamentar, edhe n\u00eb mbledhje t\u00eb tjera. Kam pyetur n\u00ebse jan\u00eb konsultuar [&hellip;]<\/p>\n","protected":false,"gt_translate_keys":[{"key":"rendered","format":"html"}]},"author":32,"featured_media":276821,"comment_status":"open","ping_status":"open","sticky":false,"template":"","format":"standard","meta":{"footnotes":""},"categories":[65,13],"tags":[],"class_list":["post-276820","post","type-post","status-publish","format-standard","has-post-thumbnail","hentry","category-lajme","category-te-fundit"],"gt_translate_keys":[{"key":"link","format":"url"}],"_links":{"self":[{"href":"https:\/\/www.hashtag.al\/index.php\/wp-json\/wp\/v2\/posts\/276820","targetHints":{"allow":["GET"]}}],"collection":[{"href":"https:\/\/www.hashtag.al\/index.php\/wp-json\/wp\/v2\/posts"}],"about":[{"href":"https:\/\/www.hashtag.al\/index.php\/wp-json\/wp\/v2\/types\/post"}],"author":[{"embeddable":true,"href":"https:\/\/www.hashtag.al\/index.php\/wp-json\/wp\/v2\/users\/32"}],"replies":[{"embeddable":true,"href":"https:\/\/www.hashtag.al\/index.php\/wp-json\/wp\/v2\/comments?post=276820"}],"version-history":[{"count":0,"href":"https:\/\/www.hashtag.al\/index.php\/wp-json\/wp\/v2\/posts\/276820\/revisions"}],"wp:featuredmedia":[{"embeddable":true,"href":"https:\/\/www.hashtag.al\/index.php\/wp-json\/wp\/v2\/media\/276821"}],"wp:attachment":[{"href":"https:\/\/www.hashtag.al\/index.php\/wp-json\/wp\/v2\/media?parent=276820"}],"wp:term":[{"taxonomy":"category","embeddable":true,"href":"https:\/\/www.hashtag.al\/index.php\/wp-json\/wp\/v2\/categories?post=276820"},{"taxonomy":"post_tag","embeddable":true,"href":"https:\/\/www.hashtag.al\/index.php\/wp-json\/wp\/v2\/tags?post=276820"}],"curies":[{"name":"wp","href":"https:\/\/api.w.org\/{rel}","templated":true}]}}