{"id":276816,"date":"2019-02-21T19:20:56","date_gmt":"2019-02-21T18:20:56","guid":{"rendered":"https:\/\/hashtag.al\/?p=276816"},"modified":"2019-02-21T19:28:03","modified_gmt":"2019-02-21T18:28:03","slug":"rama-dite-e-keqe-per-demokracine-jemi-gati-per-dialog-me-opoziten","status":"publish","type":"post","link":"https:\/\/www.hashtag.al\/index.php\/2019\/02\/21\/rama-dite-e-keqe-per-demokracine-jemi-gati-per-dialog-me-opoziten\/","title":{"rendered":"Rama: Dit\u00eb e keqe p\u00ebr demokracin\u00eb, jemi gati p\u00ebr dialog me opozit\u00ebn \u00a0","gt_translate_keys":[{"key":"rendered","format":"text"}]},"content":{"rendered":"<p><img loading=\"lazy\" decoding=\"async\" class=\"aligncenter size-full wp-image-276813\" src=\"https:\/\/hashtag.al\/wp-content\/uploads\/2019\/02\/rama-1.png\" alt=\"\" width=\"781\" height=\"494\" srcset=\"https:\/\/www.hashtag.al\/wp-content\/uploads\/2019\/02\/rama-1.png 781w, https:\/\/www.hashtag.al\/wp-content\/uploads\/2019\/02\/rama-1-300x190.png 300w, https:\/\/www.hashtag.al\/wp-content\/uploads\/2019\/02\/rama-1-768x486.png 768w\" sizes=\"auto, (max-width: 781px) 100vw, 781px\" \/><\/p>\n<p>Kryeministri Edi Rama pasi e cil\u00ebsoi t\u00eb paprecedent\u00eb aktin e l\u00ebnies s\u00eb mandateve theksoi se kjo \u00ebsht\u00eb nj\u00eb dit\u00eb e keqe p\u00ebr demokracin\u00eb duke u shprehur se \u00ebsht\u00eb gati p\u00ebr t\u00eb biseduar me opozit\u00ebn por e cil\u00ebsoi se \u00ebsht\u00eb sovrani ai i cili p\u00ebrcakton mazhoranc\u00ebn dhe jo militant\u00ebt n\u00eb protest\u00eb.<\/p>\n<p>\u201c<em>\u00cbsht\u00eb dit\u00eb e keqe p\u00ebr demokracin\u00eb kjo e sotmja, \u00ebsht\u00eb fatkeq\u00ebsia e k\u00ebtij vendit q\u00eb goditet nga bijt\u00eb e vet\u00eb, ky akt mund t\u00eb jet\u00eb goditje fatale p\u00ebr \u00e7eljen e negociatave. S\u2019jam k\u00ebtu sot p\u00ebr t\u00eb faj\u00ebsuar opozit\u00ebn, s\u2019jam i qet\u00eb q\u00eb opozita \u00ebsht\u00eb kthyer n\u00eb shqet\u00ebsim p\u00ebr t\u00eb huajt dhe SHBA-n\u00eb. <\/em><\/p>\n<p><em>Kjo opozit\u00eb e ka l\u00ebn\u00eb prej koh\u00ebsh qeverin\u00eb pa nj\u00eb sfidant serioz. P\u00ebr ide ka vet\u00ebm sharjet. Opozit\u00ebn nuk e zgjedhim pa kushte por na jepet nga pakica. Por jemi gati t\u00eb ulemi t\u00eb diskutojm\u00eb me opozit\u00ebn. Por jo t\u00eb pranojm\u00eb se z\u00ebrat mediatik\u00eb dhe militant\u00ebt mund t\u00eb vendosin se kush \u00ebsht\u00eb mazhoranca dhe opozita\u201d-<\/em>deklaroi Rama.<\/p>\n","protected":false,"gt_translate_keys":[{"key":"rendered","format":"html"}]},"excerpt":{"rendered":"<p>Kryeministri Edi Rama pasi e cil\u00ebsoi t\u00eb paprecedent\u00eb aktin e l\u00ebnies s\u00eb mandateve theksoi se kjo \u00ebsht\u00eb nj\u00eb dit\u00eb e keqe p\u00ebr demokracin\u00eb duke u shprehur se \u00ebsht\u00eb gati p\u00ebr t\u00eb biseduar me opozit\u00ebn por e cil\u00ebsoi se \u00ebsht\u00eb sovrani ai i cili p\u00ebrcakton mazhoranc\u00ebn dhe jo militant\u00ebt n\u00eb protest\u00eb. \u201c\u00cbsht\u00eb dit\u00eb e keqe p\u00ebr [&hellip;]<\/p>\n","protected":false,"gt_translate_keys":[{"key":"rendered","format":"html"}]},"author":32,"featured_media":276813,"comment_status":"open","ping_status":"open","sticky":false,"template":"","format":"standard","meta":{"footnotes":""},"categories":[65,13],"tags":[],"class_list":["post-276816","post","type-post","status-publish","format-standard","has-post-thumbnail","hentry","category-lajme","category-te-fundit"],"gt_translate_keys":[{"key":"link","format":"url"}],"_links":{"self":[{"href":"https:\/\/www.hashtag.al\/index.php\/wp-json\/wp\/v2\/posts\/276816","targetHints":{"allow":["GET"]}}],"collection":[{"href":"https:\/\/www.hashtag.al\/index.php\/wp-json\/wp\/v2\/posts"}],"about":[{"href":"https:\/\/www.hashtag.al\/index.php\/wp-json\/wp\/v2\/types\/post"}],"author":[{"embeddable":true,"href":"https:\/\/www.hashtag.al\/index.php\/wp-json\/wp\/v2\/users\/32"}],"replies":[{"embeddable":true,"href":"https:\/\/www.hashtag.al\/index.php\/wp-json\/wp\/v2\/comments?post=276816"}],"version-history":[{"count":0,"href":"https:\/\/www.hashtag.al\/index.php\/wp-json\/wp\/v2\/posts\/276816\/revisions"}],"wp:featuredmedia":[{"embeddable":true,"href":"https:\/\/www.hashtag.al\/index.php\/wp-json\/wp\/v2\/media\/276813"}],"wp:attachment":[{"href":"https:\/\/www.hashtag.al\/index.php\/wp-json\/wp\/v2\/media?parent=276816"}],"wp:term":[{"taxonomy":"category","embeddable":true,"href":"https:\/\/www.hashtag.al\/index.php\/wp-json\/wp\/v2\/categories?post=276816"},{"taxonomy":"post_tag","embeddable":true,"href":"https:\/\/www.hashtag.al\/index.php\/wp-json\/wp\/v2\/tags?post=276816"}],"curies":[{"name":"wp","href":"https:\/\/api.w.org\/{rel}","templated":true}]}}