{"id":276581,"date":"2019-02-21T10:18:35","date_gmt":"2019-02-21T09:18:35","guid":{"rendered":"https:\/\/hashtag.al\/?p=276581"},"modified":"2019-02-21T10:56:15","modified_gmt":"2019-02-21T09:56:15","slug":"karafila-dhe-qirinj-para-kuvendit-protestuesit-po-i-bejme-funeralin-rilindjes","status":"publish","type":"post","link":"https:\/\/www.hashtag.al\/index.php\/2019\/02\/21\/karafila-dhe-qirinj-para-kuvendit-protestuesit-po-i-bejme-funeralin-rilindjes\/","title":{"rendered":"Karafila dhe qirinj para Kuvendit, protestuesit: Po i b\u00ebjm\u00eb funeralin Rilindjes!","gt_translate_keys":[{"key":"rendered","format":"text"}]},"content":{"rendered":"<p><span style=\"color: #000000;\"><img loading=\"lazy\" decoding=\"async\" class=\"aligncenter size-full wp-image-276582\" src=\"https:\/\/hashtag.al\/wp-content\/uploads\/2019\/02\/lule.jpg\" alt=\"\" width=\"960\" height=\"640\" srcset=\"https:\/\/www.hashtag.al\/wp-content\/uploads\/2019\/02\/lule.jpg 960w, https:\/\/www.hashtag.al\/wp-content\/uploads\/2019\/02\/lule-300x200.jpg 300w, https:\/\/www.hashtag.al\/wp-content\/uploads\/2019\/02\/lule-768x512.jpg 768w\" sizes=\"auto, (max-width: 960px) 100vw, 960px\" \/><\/span><\/p>\n<p><span style=\"color: #000000;\">Protestuesit para Kuvendit kan\u00eb sjell\u00eb lule dhe kan\u00eb ndezur qirinj. Sipas t\u00eb rinjve t\u00eb FRPD-s\u00eb q\u00eb kan\u00eb sjell\u00eb karafilat dhe qirinjt\u00eb n\u00eb protest\u00eb, simbolizojn\u00eb fundin e qeveris\u00eb Rama dhe shprehen se po i b\u00ebjn\u00eb <em>&#8220;funeralin Rilindjes&#8221;.<\/em><\/span><\/p>\n<p><span style=\"color: #000000;\">M\u00ebsohet se 250 t\u00eb rinj t\u00eb FRPD jan\u00eb vendosur rreth e qark protestuesve p\u00ebr t\u00eb mbajtur n\u00ebn kontroll turm\u00ebn n\u00eb m\u00ebnyr\u00eb q\u00eb t\u00eb mos ndezen gjakrat dhe t\u00eb ndodhin p\u00ebrplasje mes tyre dhe polic\u00ebve.<\/span><\/p>\n<p><span style=\"color: #000000;\">Protesta ka nisur q\u00eb prej or\u00ebs 10:00, nd\u00ebrsa pritet ende mb\u00ebrritja e Lulzim Bash\u00ebs dhe Monika Kryemadhit t\u00eb cil\u00ebt ndodhen n\u00eb selit\u00eb e partive respektive.<\/span><\/p>\n<p><span style=\"color: #000000;\">Protestuesit k\u00ebrkojn\u00eb &#8220;Burg p\u00ebr Edi Ram\u00ebn&#8221;.<\/span><\/p>\n<p><img loading=\"lazy\" decoding=\"async\" class=\"aligncenter size-full wp-image-276621\" src=\"https:\/\/hashtag.al\/wp-content\/uploads\/2019\/02\/karafila-4.jpg\" alt=\"\" width=\"1024\" height=\"682\" srcset=\"https:\/\/www.hashtag.al\/wp-content\/uploads\/2019\/02\/karafila-4.jpg 1024w, https:\/\/www.hashtag.al\/wp-content\/uploads\/2019\/02\/karafila-4-300x200.jpg 300w, https:\/\/www.hashtag.al\/wp-content\/uploads\/2019\/02\/karafila-4-768x512.jpg 768w\" sizes=\"auto, (max-width: 1024px) 100vw, 1024px\" \/> <img loading=\"lazy\" decoding=\"async\" class=\"aligncenter size-full wp-image-276622\" src=\"https:\/\/hashtag.al\/wp-content\/uploads\/2019\/02\/karafila-3.jpg\" alt=\"\" width=\"1024\" height=\"682\" srcset=\"https:\/\/www.hashtag.al\/wp-content\/uploads\/2019\/02\/karafila-3.jpg 1024w, https:\/\/www.hashtag.al\/wp-content\/uploads\/2019\/02\/karafila-3-300x200.jpg 300w, https:\/\/www.hashtag.al\/wp-content\/uploads\/2019\/02\/karafila-3-768x512.jpg 768w\" sizes=\"auto, (max-width: 1024px) 100vw, 1024px\" \/> <img loading=\"lazy\" decoding=\"async\" class=\"aligncenter size-full wp-image-276623\" src=\"https:\/\/hashtag.al\/wp-content\/uploads\/2019\/02\/karafila-2.jpg\" alt=\"\" width=\"1024\" height=\"682\" srcset=\"https:\/\/www.hashtag.al\/wp-content\/uploads\/2019\/02\/karafila-2.jpg 1024w, https:\/\/www.hashtag.al\/wp-content\/uploads\/2019\/02\/karafila-2-300x200.jpg 300w, https:\/\/www.hashtag.al\/wp-content\/uploads\/2019\/02\/karafila-2-768x512.jpg 768w\" sizes=\"auto, (max-width: 1024px) 100vw, 1024px\" \/> <img loading=\"lazy\" decoding=\"async\" class=\"aligncenter size-full wp-image-276624\" src=\"https:\/\/hashtag.al\/wp-content\/uploads\/2019\/02\/karafila-1.jpg\" alt=\"\" width=\"1024\" height=\"682\" srcset=\"https:\/\/www.hashtag.al\/wp-content\/uploads\/2019\/02\/karafila-1.jpg 1024w, https:\/\/www.hashtag.al\/wp-content\/uploads\/2019\/02\/karafila-1-300x200.jpg 300w, https:\/\/www.hashtag.al\/wp-content\/uploads\/2019\/02\/karafila-1-768x512.jpg 768w\" sizes=\"auto, (max-width: 1024px) 100vw, 1024px\" \/><\/p>\n","protected":false,"gt_translate_keys":[{"key":"rendered","format":"html"}]},"excerpt":{"rendered":"<p>Protestuesit para Kuvendit kan\u00eb sjell\u00eb lule dhe kan\u00eb ndezur qirinj. Sipas t\u00eb rinjve t\u00eb FRPD-s\u00eb q\u00eb kan\u00eb sjell\u00eb karafilat dhe qirinjt\u00eb n\u00eb protest\u00eb, simbolizojn\u00eb fundin e qeveris\u00eb Rama dhe shprehen se po i b\u00ebjn\u00eb &#8220;funeralin Rilindjes&#8221;. M\u00ebsohet se 250 t\u00eb rinj t\u00eb FRPD jan\u00eb vendosur rreth e qark protestuesve p\u00ebr t\u00eb mbajtur n\u00ebn kontroll turm\u00ebn [&hellip;]<\/p>\n","protected":false,"gt_translate_keys":[{"key":"rendered","format":"html"}]},"author":30,"featured_media":276582,"comment_status":"open","ping_status":"open","sticky":false,"template":"","format":"standard","meta":{"footnotes":""},"categories":[65,13],"tags":[],"class_list":["post-276581","post","type-post","status-publish","format-standard","has-post-thumbnail","hentry","category-lajme","category-te-fundit"],"gt_translate_keys":[{"key":"link","format":"url"}],"_links":{"self":[{"href":"https:\/\/www.hashtag.al\/index.php\/wp-json\/wp\/v2\/posts\/276581","targetHints":{"allow":["GET"]}}],"collection":[{"href":"https:\/\/www.hashtag.al\/index.php\/wp-json\/wp\/v2\/posts"}],"about":[{"href":"https:\/\/www.hashtag.al\/index.php\/wp-json\/wp\/v2\/types\/post"}],"author":[{"embeddable":true,"href":"https:\/\/www.hashtag.al\/index.php\/wp-json\/wp\/v2\/users\/30"}],"replies":[{"embeddable":true,"href":"https:\/\/www.hashtag.al\/index.php\/wp-json\/wp\/v2\/comments?post=276581"}],"version-history":[{"count":0,"href":"https:\/\/www.hashtag.al\/index.php\/wp-json\/wp\/v2\/posts\/276581\/revisions"}],"wp:featuredmedia":[{"embeddable":true,"href":"https:\/\/www.hashtag.al\/index.php\/wp-json\/wp\/v2\/media\/276582"}],"wp:attachment":[{"href":"https:\/\/www.hashtag.al\/index.php\/wp-json\/wp\/v2\/media?parent=276581"}],"wp:term":[{"taxonomy":"category","embeddable":true,"href":"https:\/\/www.hashtag.al\/index.php\/wp-json\/wp\/v2\/categories?post=276581"},{"taxonomy":"post_tag","embeddable":true,"href":"https:\/\/www.hashtag.al\/index.php\/wp-json\/wp\/v2\/tags?post=276581"}],"curies":[{"name":"wp","href":"https:\/\/api.w.org\/{rel}","templated":true}]}}