{"id":276549,"date":"2019-02-21T08:42:21","date_gmt":"2019-02-21T07:42:21","guid":{"rendered":"https:\/\/hashtag.al\/?p=276549"},"modified":"2019-02-21T08:44:29","modified_gmt":"2019-02-21T07:44:29","slug":"protesta-kunder-tij-rama-ia-mbath-serish-nga-tirana","status":"publish","type":"post","link":"https:\/\/www.hashtag.al\/index.php\/2019\/02\/21\/protesta-kunder-tij-rama-ia-mbath-serish-nga-tirana\/","title":{"rendered":"Protesta kund\u00ebr tij, Rama ia mbath s\u00ebrish nga Tirana","gt_translate_keys":[{"key":"rendered","format":"text"}]},"content":{"rendered":"<p><span style=\"color: #000000;\"><img loading=\"lazy\" decoding=\"async\" class=\"aligncenter size-full wp-image-276550\" src=\"https:\/\/hashtag.al\/wp-content\/uploads\/2019\/02\/rama-makine.jpg\" alt=\"\" width=\"636\" height=\"397\" srcset=\"https:\/\/www.hashtag.al\/wp-content\/uploads\/2019\/02\/rama-makine.jpg 636w, https:\/\/www.hashtag.al\/wp-content\/uploads\/2019\/02\/rama-makine-300x187.jpg 300w\" sizes=\"auto, (max-width: 636px) 100vw, 636px\" \/>Nj\u00eblloj si m\u00eb 16 shkurt, kryeministri Edi Rama largohet s\u00ebrish nga Tirana n\u00eb dit\u00ebn kur do t\u00eb protestohet kund\u00ebr tij. Rama do t\u00eb zhvendoset s\u00ebrish n\u00eb jug, k\u00ebt\u00eb radh\u00eb n\u00eb qytetin e Gjirokastr\u00ebs, n\u00eb kuad\u00ebr t\u00eb turit <em>&#8220;Bashkia q\u00eb duam&#8221;.<\/em><\/span><\/p>\n<p><span style=\"color: #000000;\">Turi i takimeve nis dit\u00ebn e premte dhe vijon gjithashtu t\u00eb shtun\u00ebn. Jan\u00eb parashikuar disa evente n\u00eb Gjirokast\u00ebr, Dropull e P\u00ebrmet.\u00a0K\u00ebshtu Rama do t\u00eb nis\u00eb nj\u00eb tur paraelektoral n\u00eb prag t\u00eb zgjedhjeve lokale.<\/span><\/p>\n<p><span style=\"color: #000000;\">Edhe n\u00eb protest\u00ebn e 16 shkurtit kur opozita dhe mij\u00ebra qytetar\u00eb protestonin posht\u00eb zyr\u00ebs s\u00eb tij, Rama u largua n\u00eb Vlor\u00eb.<\/span><\/p>\n<p><span style=\"color: #000000;\">Sakaq, me mij\u00ebra qytetar\u00eb jan\u00eb nisur q\u00eb prej or\u00ebve t\u00eb para t\u00eb m\u00ebngjesit nga rrethet drejt Tiran\u00ebs me autobus\u00eb apo me mjete private. Numri i protestuesve n\u00eb shum\u00eb prej qarqeve pritet t\u00eb jet\u00eb pak a shum\u00eb i nj\u00ebjt\u00eb me protest\u00ebn e 16 shkurtit, edhe pse sipas kreut t\u00eb PD-s\u00eb n\u00eb Shkod\u00ebr, po u b\u00ebhet presion shofer\u00ebve q\u00eb transportojn\u00eb qytetar\u00ebt.\u00a0<\/span><\/p>\n<p><span style=\"color: #000000;\">Nj\u00eb postobllok policie \u00ebsht\u00eb vendosur n\u00eb \u00a0kufirin mes Shkodr\u00ebs dhe Lezh\u00ebs.<\/span><\/p>\n","protected":false,"gt_translate_keys":[{"key":"rendered","format":"html"}]},"excerpt":{"rendered":"<p>Nj\u00eblloj si m\u00eb 16 shkurt, kryeministri Edi Rama largohet s\u00ebrish nga Tirana n\u00eb dit\u00ebn kur do t\u00eb protestohet kund\u00ebr tij. Rama do t\u00eb zhvendoset s\u00ebrish n\u00eb jug, k\u00ebt\u00eb radh\u00eb n\u00eb qytetin e Gjirokastr\u00ebs, n\u00eb kuad\u00ebr t\u00eb turit &#8220;Bashkia q\u00eb duam&#8221;. Turi i takimeve nis dit\u00ebn e premte dhe vijon gjithashtu t\u00eb shtun\u00ebn. Jan\u00eb parashikuar disa [&hellip;]<\/p>\n","protected":false,"gt_translate_keys":[{"key":"rendered","format":"html"}]},"author":30,"featured_media":276550,"comment_status":"open","ping_status":"open","sticky":false,"template":"","format":"standard","meta":{"footnotes":""},"categories":[65,13],"tags":[],"class_list":["post-276549","post","type-post","status-publish","format-standard","has-post-thumbnail","hentry","category-lajme","category-te-fundit"],"gt_translate_keys":[{"key":"link","format":"url"}],"_links":{"self":[{"href":"https:\/\/www.hashtag.al\/index.php\/wp-json\/wp\/v2\/posts\/276549","targetHints":{"allow":["GET"]}}],"collection":[{"href":"https:\/\/www.hashtag.al\/index.php\/wp-json\/wp\/v2\/posts"}],"about":[{"href":"https:\/\/www.hashtag.al\/index.php\/wp-json\/wp\/v2\/types\/post"}],"author":[{"embeddable":true,"href":"https:\/\/www.hashtag.al\/index.php\/wp-json\/wp\/v2\/users\/30"}],"replies":[{"embeddable":true,"href":"https:\/\/www.hashtag.al\/index.php\/wp-json\/wp\/v2\/comments?post=276549"}],"version-history":[{"count":0,"href":"https:\/\/www.hashtag.al\/index.php\/wp-json\/wp\/v2\/posts\/276549\/revisions"}],"wp:featuredmedia":[{"embeddable":true,"href":"https:\/\/www.hashtag.al\/index.php\/wp-json\/wp\/v2\/media\/276550"}],"wp:attachment":[{"href":"https:\/\/www.hashtag.al\/index.php\/wp-json\/wp\/v2\/media?parent=276549"}],"wp:term":[{"taxonomy":"category","embeddable":true,"href":"https:\/\/www.hashtag.al\/index.php\/wp-json\/wp\/v2\/categories?post=276549"},{"taxonomy":"post_tag","embeddable":true,"href":"https:\/\/www.hashtag.al\/index.php\/wp-json\/wp\/v2\/tags?post=276549"}],"curies":[{"name":"wp","href":"https:\/\/api.w.org\/{rel}","templated":true}]}}