{"id":276473,"date":"2019-02-20T21:00:56","date_gmt":"2019-02-20T20:00:56","guid":{"rendered":"https:\/\/hashtag.al\/?p=276473"},"modified":"2019-02-20T20:56:31","modified_gmt":"2019-02-20T19:56:31","slug":"neser-proteste-nis-rrethimi-i-kuvendit","status":"publish","type":"post","link":"https:\/\/www.hashtag.al\/index.php\/2019\/02\/20\/neser-proteste-nis-rrethimi-i-kuvendit\/","title":{"rendered":"Nes\u00ebr protest\u00eb, nis rrethimi i Kuvendit","gt_translate_keys":[{"key":"rendered","format":"text"}]},"content":{"rendered":"<p><img loading=\"lazy\" decoding=\"async\" class=\"aligncenter size-full wp-image-276475\" src=\"https:\/\/hashtag.al\/wp-content\/uploads\/2019\/02\/kuvendi1.png\" alt=\"\" width=\"638\" height=\"361\" srcset=\"https:\/\/www.hashtag.al\/wp-content\/uploads\/2019\/02\/kuvendi1.png 638w, https:\/\/www.hashtag.al\/wp-content\/uploads\/2019\/02\/kuvendi1-300x170.png 300w\" sizes=\"auto, (max-width: 638px) 100vw, 638px\" \/><\/p>\n<p><span style=\"color: #000000;\">Opozita ka lajm\u00ebruar prej disa dit\u00ebsh zhvillimin e portest\u00ebs dit\u00ebn e nes\u00ebrme n\u00eb or\u00ebn 10:00 p\u00ebrpara Kuvendit.<\/span><\/p>\n<p><span style=\"color: #000000;\">Nd\u00ebrkoh\u00eb mbr\u00ebmjen e sotme autoritetet shtet\u00ebrore kan\u00eb marr\u00eb masat p\u00ebr ruajtjen e siguris\u00eb duke vendosur tel me gjemba p\u00ebrreth godin\u00ebs s\u00eb Parlamentit.<\/span><\/p>\n<p><span style=\"color: #000000;\">N\u00eb fotot e shp\u00ebrndara nga Top Channel shihet vendosja e rrethimit.<\/span><\/p>\n<p><span style=\"color: #000000;\">Jan\u00eb rreth 1600 forca policore t\u00eb angazhuara p\u00ebr protest\u00ebn e nes\u00ebrme t\u00eb opozit\u00ebs.<\/span><\/p>\n<p><img loading=\"lazy\" decoding=\"async\" class=\"aligncenter size-full wp-image-276474\" src=\"https:\/\/hashtag.al\/wp-content\/uploads\/2019\/02\/kuvendi.png\" alt=\"\" width=\"643\" height=\"397\" srcset=\"https:\/\/www.hashtag.al\/wp-content\/uploads\/2019\/02\/kuvendi.png 643w, https:\/\/www.hashtag.al\/wp-content\/uploads\/2019\/02\/kuvendi-300x185.png 300w\" sizes=\"auto, (max-width: 643px) 100vw, 643px\" \/><\/p>\n<p><span style=\"color: #000000;\">\u201c<em>Nga informacionet e mbledhura nga sh\u00ebrbimet p\u00ebrkat\u00ebse, ka t\u00eb dh\u00ebna p\u00ebr nxitje t\u00eb dhun\u00ebs dhe organizime me natyr\u00eb kriminale. Synohet hyrja me forc\u00eb n\u00eb sall\u00ebn e Parlamentit, duke ushtruar dhun\u00eb mbi personelin q\u00eb ka detyrimin ligjor t\u00eb siguroj\u00eb mbrojtjen e institucionit themelor t\u00eb demokracis\u00eb<\/em>\u201d- thuhet n\u00eb reagim e policis\u00eb.<\/span><\/p>\n","protected":false,"gt_translate_keys":[{"key":"rendered","format":"html"}]},"excerpt":{"rendered":"<p>Opozita ka lajm\u00ebruar prej disa dit\u00ebsh zhvillimin e portest\u00ebs dit\u00ebn e nes\u00ebrme n\u00eb or\u00ebn 10:00 p\u00ebrpara Kuvendit. Nd\u00ebrkoh\u00eb mbr\u00ebmjen e sotme autoritetet shtet\u00ebrore kan\u00eb marr\u00eb masat p\u00ebr ruajtjen e siguris\u00eb duke vendosur tel me gjemba p\u00ebrreth godin\u00ebs s\u00eb Parlamentit. N\u00eb fotot e shp\u00ebrndara nga Top Channel shihet vendosja e rrethimit. Jan\u00eb rreth 1600 forca policore [&hellip;]<\/p>\n","protected":false,"gt_translate_keys":[{"key":"rendered","format":"html"}]},"author":32,"featured_media":276474,"comment_status":"open","ping_status":"open","sticky":false,"template":"","format":"standard","meta":{"footnotes":""},"categories":[65,13],"tags":[],"class_list":["post-276473","post","type-post","status-publish","format-standard","has-post-thumbnail","hentry","category-lajme","category-te-fundit"],"gt_translate_keys":[{"key":"link","format":"url"}],"_links":{"self":[{"href":"https:\/\/www.hashtag.al\/index.php\/wp-json\/wp\/v2\/posts\/276473","targetHints":{"allow":["GET"]}}],"collection":[{"href":"https:\/\/www.hashtag.al\/index.php\/wp-json\/wp\/v2\/posts"}],"about":[{"href":"https:\/\/www.hashtag.al\/index.php\/wp-json\/wp\/v2\/types\/post"}],"author":[{"embeddable":true,"href":"https:\/\/www.hashtag.al\/index.php\/wp-json\/wp\/v2\/users\/32"}],"replies":[{"embeddable":true,"href":"https:\/\/www.hashtag.al\/index.php\/wp-json\/wp\/v2\/comments?post=276473"}],"version-history":[{"count":0,"href":"https:\/\/www.hashtag.al\/index.php\/wp-json\/wp\/v2\/posts\/276473\/revisions"}],"wp:featuredmedia":[{"embeddable":true,"href":"https:\/\/www.hashtag.al\/index.php\/wp-json\/wp\/v2\/media\/276474"}],"wp:attachment":[{"href":"https:\/\/www.hashtag.al\/index.php\/wp-json\/wp\/v2\/media?parent=276473"}],"wp:term":[{"taxonomy":"category","embeddable":true,"href":"https:\/\/www.hashtag.al\/index.php\/wp-json\/wp\/v2\/categories?post=276473"},{"taxonomy":"post_tag","embeddable":true,"href":"https:\/\/www.hashtag.al\/index.php\/wp-json\/wp\/v2\/tags?post=276473"}],"curies":[{"name":"wp","href":"https:\/\/api.w.org\/{rel}","templated":true}]}}