{"id":276231,"date":"2019-02-20T10:31:08","date_gmt":"2019-02-20T09:31:08","guid":{"rendered":"https:\/\/hashtag.al\/?p=276231"},"modified":"2019-02-20T10:33:45","modified_gmt":"2019-02-20T09:33:45","slug":"pas-ambasadores-gjermane-edhe-luigi-soreca-ne-zyren-e-bashes","status":"publish","type":"post","link":"https:\/\/www.hashtag.al\/index.php\/2019\/02\/20\/pas-ambasadores-gjermane-edhe-luigi-soreca-ne-zyren-e-bashes\/","title":{"rendered":"Pas ambasadores gjermane, edhe Luigi Soreca n\u00eb zyr\u00ebn e Bash\u00ebs","gt_translate_keys":[{"key":"rendered","format":"text"}]},"content":{"rendered":"<div id=\"attachment_276232\" style=\"width: 1210px\" class=\"wp-caption aligncenter\"><img loading=\"lazy\" decoding=\"async\" aria-describedby=\"caption-attachment-276232\" class=\"wp-image-276232 size-full\" src=\"https:\/\/hashtag.al\/wp-content\/uploads\/2019\/02\/Basha-Soreca.jpg\" alt=\"\" width=\"1200\" height=\"959\" srcset=\"https:\/\/www.hashtag.al\/wp-content\/uploads\/2019\/02\/Basha-Soreca.jpg 1200w, https:\/\/www.hashtag.al\/wp-content\/uploads\/2019\/02\/Basha-Soreca-300x240.jpg 300w, https:\/\/www.hashtag.al\/wp-content\/uploads\/2019\/02\/Basha-Soreca-768x614.jpg 768w, https:\/\/www.hashtag.al\/wp-content\/uploads\/2019\/02\/Basha-Soreca-1024x818.jpg 1024w\" sizes=\"auto, (max-width: 1200px) 100vw, 1200px\" \/><p id=\"caption-attachment-276232\" class=\"wp-caption-text\"><strong><em>Luigi Soreca<\/em><\/strong><\/p><\/div>\n<p><span style=\"color: #000000;\">Pas ambasadores gjermane, edhe ai i BE-s\u00eb Luigi Soreca ka shkuar n\u00eb syr\u00ebn e kryetarit t\u00eb Partis\u00eb Demokratike Lulzim Basha.<\/span><\/p>\n<p><span style=\"color: #000000;\">Takimi i ambasador\u00ebve me liderin e opozit\u00ebs, vjen vet\u00ebm pak dit\u00eb pas vendimit t\u00eb partive opozitare, p\u00ebr t\u00eb djegur mandatet e deputet\u00ebve n\u00eb Parlament.<\/span><\/p>\n<p><span style=\"color: #000000;\">Fillimisht ishte ambasadorja gjermane, Susanne Sch\u00fctz, e cila ka vajtur m\u00ebngjesin e sot\u00ebm n\u00eb zyr\u00ebn e Bash\u00ebs n\u00eb selin\u00eb blu.<\/span><\/p>\n<p><span style=\"color: #000000;\">Gjat\u00eb takimit pritet t\u00eb diskutohet lidhur me vendimin e opozit\u00ebs p\u00ebr djegien e mandateve parlamentare.<\/span><\/p>\n<p><span style=\"color: #000000;\">Dit\u00ebn e djeshme n\u00eb zyr\u00ebn e Bash\u00ebs ishte ambasadori i Mbret\u00ebris\u00eb s\u00eb Bashkuar, Duncan Norman.<\/span><\/p>\n<p><span style=\"color: #000000;\">Nd\u00ebrkoh\u00eb z\u00ebvend\u00ebsambasadorja amerikane, Leyla Moses-Ones dhe ai i BE-s\u00eb, Soreca, kan\u00eb qen\u00eb n\u00eb zyr\u00ebn e kryeministrit Rama p\u00ebr vendimin e opozit\u00ebs, por nuk kan\u00eb zhvilluar ende ndonj\u00eb takim me kryedemokratin.<\/span><\/p>\n<p><span style=\"color: #000000;\">Vendimi p\u00ebr djegien e mandateve u mor zyrtarisht dit\u00ebn e h\u00ebn\u00eb, pas paralajm\u00ebrimit t\u00eb Bash\u00ebs nj\u00eb dit\u00eb m\u00eb her\u00ebt.<\/span><\/p>\n<p><span style=\"color: #000000;\">Partia Demokratike e votoi unanimisht k\u00ebt\u00eb vendim, q\u00eb u pasua m\u00eb pas edhe nga aleat\u00ebt e tjer\u00eb t\u00eb opozit\u00ebs, LSI dhe partit\u00eb e tjera opozitare.<\/span><\/p>\n<p><span style=\"color: #000000;\">Deputeti i vet\u00ebm i opozit\u00ebs deri tani q\u00eb \u00ebsht\u00eb shprehur kund\u00ebr djegies s\u00eb mandatit \u00ebsht\u00eb Lefter Koka i LSI-s\u00eb.<\/span><\/p>\n<p><span style=\"color: #000000;\">Dit\u00ebn e sotme, n\u00eb or\u00ebn 17:00, PD ka thirrur K\u00ebshillin Komb\u00ebtar, i cili do t\u00eb jet\u00eb organi p\u00ebrfundimtar q\u00eb do t\u00eb vendos\u00eb p\u00ebr l\u00ebnien ose jo t\u00eb mandateve.<\/span><\/p>\n<div id=\"attachment_276221\" style=\"width: 880px\" class=\"wp-caption aligncenter\"><img loading=\"lazy\" decoding=\"async\" aria-describedby=\"caption-attachment-276221\" class=\"wp-image-276221 size-full\" src=\"https:\/\/hashtag.al\/wp-content\/uploads\/2019\/02\/Schutz-e1550653871107.jpg\" alt=\"\" width=\"870\" height=\"542\" srcset=\"https:\/\/www.hashtag.al\/wp-content\/uploads\/2019\/02\/Schutz-e1550653871107.jpg 870w, https:\/\/www.hashtag.al\/wp-content\/uploads\/2019\/02\/Schutz-e1550653871107-300x187.jpg 300w, https:\/\/www.hashtag.al\/wp-content\/uploads\/2019\/02\/Schutz-e1550653871107-768x478.jpg 768w\" sizes=\"auto, (max-width: 870px) 100vw, 870px\" \/><p id=\"caption-attachment-276221\" class=\"wp-caption-text\"><strong><em>Susanne Sch\u00fctz<\/em><\/strong><\/p><\/div>\n","protected":false,"gt_translate_keys":[{"key":"rendered","format":"html"}]},"excerpt":{"rendered":"<p>Pas ambasadores gjermane, edhe ai i BE-s\u00eb Luigi Soreca ka shkuar n\u00eb syr\u00ebn e kryetarit t\u00eb Partis\u00eb Demokratike Lulzim Basha. Takimi i ambasador\u00ebve me liderin e opozit\u00ebs, vjen vet\u00ebm pak dit\u00eb pas vendimit t\u00eb partive opozitare, p\u00ebr t\u00eb djegur mandatet e deputet\u00ebve n\u00eb Parlament. Fillimisht ishte ambasadorja gjermane, Susanne Sch\u00fctz, e cila ka vajtur m\u00ebngjesin [&hellip;]<\/p>\n","protected":false,"gt_translate_keys":[{"key":"rendered","format":"html"}]},"author":30,"featured_media":276232,"comment_status":"open","ping_status":"open","sticky":false,"template":"","format":"standard","meta":{"footnotes":""},"categories":[65,13],"tags":[],"class_list":["post-276231","post","type-post","status-publish","format-standard","has-post-thumbnail","hentry","category-lajme","category-te-fundit"],"gt_translate_keys":[{"key":"link","format":"url"}],"_links":{"self":[{"href":"https:\/\/www.hashtag.al\/index.php\/wp-json\/wp\/v2\/posts\/276231","targetHints":{"allow":["GET"]}}],"collection":[{"href":"https:\/\/www.hashtag.al\/index.php\/wp-json\/wp\/v2\/posts"}],"about":[{"href":"https:\/\/www.hashtag.al\/index.php\/wp-json\/wp\/v2\/types\/post"}],"author":[{"embeddable":true,"href":"https:\/\/www.hashtag.al\/index.php\/wp-json\/wp\/v2\/users\/30"}],"replies":[{"embeddable":true,"href":"https:\/\/www.hashtag.al\/index.php\/wp-json\/wp\/v2\/comments?post=276231"}],"version-history":[{"count":0,"href":"https:\/\/www.hashtag.al\/index.php\/wp-json\/wp\/v2\/posts\/276231\/revisions"}],"wp:featuredmedia":[{"embeddable":true,"href":"https:\/\/www.hashtag.al\/index.php\/wp-json\/wp\/v2\/media\/276232"}],"wp:attachment":[{"href":"https:\/\/www.hashtag.al\/index.php\/wp-json\/wp\/v2\/media?parent=276231"}],"wp:term":[{"taxonomy":"category","embeddable":true,"href":"https:\/\/www.hashtag.al\/index.php\/wp-json\/wp\/v2\/categories?post=276231"},{"taxonomy":"post_tag","embeddable":true,"href":"https:\/\/www.hashtag.al\/index.php\/wp-json\/wp\/v2\/tags?post=276231"}],"curies":[{"name":"wp","href":"https:\/\/api.w.org\/{rel}","templated":true}]}}