{"id":276087,"date":"2019-02-19T19:15:41","date_gmt":"2019-02-19T18:15:41","guid":{"rendered":"https:\/\/hashtag.al\/?p=276087"},"modified":"2019-02-20T10:10:44","modified_gmt":"2019-02-20T09:10:44","slug":"banoret-e-unazes-kercenojne-veliajn-na-kthe-ndricimin-se-do-te-hyjme-te-bashkia","status":"publish","type":"post","link":"https:\/\/www.hashtag.al\/index.php\/2019\/02\/19\/banoret-e-unazes-kercenojne-veliajn-na-kthe-ndricimin-se-do-te-hyjme-te-bashkia\/","title":{"rendered":"Banor\u00ebt e Unaz\u00ebs k\u00ebrc\u00ebnojn\u00eb Veliajn: Na kthe ndri\u00e7imin se do t\u00eb hyjm\u00eb te bashkia!","gt_translate_keys":[{"key":"rendered","format":"text"}]},"content":{"rendered":"<p><span style=\"color: #000000;\"><img loading=\"lazy\" decoding=\"async\" class=\"aligncenter size-full wp-image-276089\" src=\"https:\/\/hashtag.al\/wp-content\/uploads\/2019\/02\/unaza-2.png\" alt=\"\" width=\"922\" height=\"506\" srcset=\"https:\/\/www.hashtag.al\/wp-content\/uploads\/2019\/02\/unaza-2.png 922w, https:\/\/www.hashtag.al\/wp-content\/uploads\/2019\/02\/unaza-2-300x165.png 300w, https:\/\/www.hashtag.al\/wp-content\/uploads\/2019\/02\/unaza-2-768x421.png 768w\" sizes=\"auto, (max-width: 922px) 100vw, 922px\" \/><\/span><\/p>\n<p><span style=\"color: #000000;\">Protesta e banor\u00ebve t\u00eb Unaz\u00ebs s\u00eb Re ka hyr\u00eb n\u00eb dit\u00ebn 108 t\u00eb protest\u00ebs. Mbr\u00ebmjen e sotme, banor\u00ebt e Unaz\u00ebs kan\u00eb k\u00ebrkuar lirimin e Danielit, protestuesit q\u00eb akoma q\u00ebndron n\u00eb burg.<\/span><\/p>\n<p><span style=\"color: #000000;\">Ata than\u00eb se \u00ebsht\u00eb e dhimbshme q\u00eb Danieli q\u00ebndron akoma n\u00eb burg, nd\u00ebrkoh\u00eb q\u00eb \u201cRama, Gjiknuri apo ish-drejtori i ARRSH, rrin\u00eb si zagar\u00eb rrug\u00ebve t\u00eb Tiran\u00ebs\u201d.<\/span><\/p>\n<p><span style=\"color: #000000;\">Protestuesit e Unaz\u00ebs i kan\u00eb k\u00ebrkuar Veliajt t&#8217;i kthej\u00eb ndri\u00e7imin zon\u00ebs, n\u00eb t\u00eb kund\u00ebrt do i shkojn\u00eb n\u00eb bashki.<\/span><\/p>\n<p><span style=\"color: #000000;\"><em>&#8220;Ne i b\u00ebjm\u00eb thirrje k\u00ebsaj vemje t\u00eb bashkis\u00eb, kthe ndri\u00e7imin, infrastruktur\u00ebn e Unaz\u00ebs s\u00eb Re sepse ne paguajm\u00eb taksa, se p\u00ebrndryshe ne do vijm\u00eb aty te bashkia dhe do t\u00eb vijm\u00eb aty n\u00eb bashk\u00eb.<\/em><\/span><\/p>\n<p><span style=\"color: #000000;\"><em>Edi Rama nuk do t\u00eb q\u00ebndrosh p\u00ebr shum\u00eb gjat\u00eb dhe ti do t\u00eb shkosh p\u00ebr ligjit p\u00ebr ato helme q\u00eb na ke l\u00ebshuar. Ne vazhdojm\u00eb ta b\u00ebjm\u00eb thirrjen, sht\u00ebpit\u00eb tona po qe nevoja edhe me arm\u00eb do i mbrojm\u00eb. Ne nuk jemi kund\u00ebr organeve t\u00eb shtetit, por kund\u00ebr band\u00ebs s\u00eb korruptuar t\u00eb pushtetit. Ne jemi qyretar\u00ebt e nderuar q\u00eb nxor\u00ebm n\u00eb drit\u00eb vjedhjen q\u00eb po b\u00ebnte Edi Rama me t\u00eb tjer\u00ebt n\u00eb Unaz\u00ebn e Re, e me oligark\u00ebt e qelbur.I kan\u00eb pir\u00eb gjakun shqiptar\u00ebve duke patur lidhje me k\u00ebta kriminel\u00eb.<\/em><\/span><\/p>\n<p><span style=\"color: #000000;\"><em>Nuk jemi kund\u00ebr shtetit por band\u00ebs s\u00eb korruptuar t\u00eb pushtetit, theksuan banor\u00ebt e revoltuar. T\u00eb pranish\u00ebm n\u00eb protest\u00eb jan\u00eb edhe p\u00ebrfaq\u00ebsues t\u00eb opozit\u00ebs.&#8221;<\/em>, tha nj\u00eb nga protestuesit.<br \/>\n<\/span><\/p>\n<p><span style=\"color: #000000;\">Deputeti i Partis\u00eb Demokratike Klevis Balliu kujtoi se \u00e7\u00ebshtjen e Danielit, nuk e apelojn\u00eb dot p\u00ebr shkak t\u00eb munges\u00ebs s\u00eb nj\u00eb Gjykate t\u00eb Lart\u00eb funksionale.<br \/>\n<\/span><\/p>\n<p><span style=\"color: #000000;\"><em>\u201cKoha p\u00ebr diskutime e rrug\u00eb ligjore ka ikur. Gjykatat d\u00ebnojn\u00eb protestuesit dhe jo kriminel\u00ebt.<\/em><\/span><\/p>\n<p><span style=\"color: #000000;\"><em>Ligji nuk funksionon p\u00ebr Saimir Tahirin, Edi dhe Olsi Ram\u00ebn dhe p\u00ebr asnj\u00eb pjes\u00ebtar t\u00eb Rilindjes. Ky projekt ka problem.<\/em><\/span><\/p>\n<p><span style=\"color: #000000;\"><em>\u00c7\u00ebshtjen e Danielit nuk e apelojm\u00eb dot sepse sot nuk ka Gjykat\u00eb t\u00eb Lart\u00eb. Nuk kemi asnj\u00eb rrug\u00eb tjet\u00ebr p\u00ebrvec revolt\u00ebs. Parlamenti \u00ebsht\u00eb marr\u00eb peng nga bandat e krimit t\u00eb organizuar. U ftoj t\u00eb enjten q\u00eb ta merrni parlamentin mbrapsh dhe tua ktheni qytetar\u00ebve t\u00eb Shqip\u00ebris\u00eb.\u201d,<\/em> tha Balliu.<\/span><\/p>\n<p><span style=\"color: #000000;\">Deputeti i LSI-s\u00eb Endrit Braimllari nga ana tjet\u00ebr, tha se protesta e 16 shkurtit e ka futur Edi Ram\u00ebn n\u00eb bunker.<\/span><\/p>\n<p><span style=\"color: #000000;\"><em>\u00a0\u201cProtesta e 16 shkurtit e ka futur Edi Ram\u00ebn n\u00eb bunker, ose th\u00ebn\u00eb m\u00eb tro\u00e7 e ka futur Edi Ram\u00ebn n\u00eb vrim\u00ebn e miut. Protesta e 16 shkurtitiIshte vet\u00ebm fillimi i procesit t\u00eb largimit t\u00eb Edi Ram\u00ebs. V\u00ebrtetoi se i gjith\u00eb populli \u00ebsht\u00eb kund\u00ebr nj\u00eb kryeministri q\u00eb ka varf\u00ebruar vendin, po vjedh hapur shqiptar\u00ebt, ka futur kriminel\u00eb n\u00eb parlament, q\u00eb k\u00ebrkon t\u00eb mbaj\u00eb peng Shqip\u00ebrin\u00eb n\u00eb ca vende me banda e n\u00eb ca vende duke e bler\u00eb.<\/em><\/span><\/p>\n<p><span style=\"color: #000000;\"><em>\u00cbsht\u00eb detyra jon\u00eb qytetare q\u00eb t\u00eb protestojm\u00eb cdo dit\u00eb deri n\u00eb largimin e Ram\u00ebs. Ai \u00ebsht\u00eb nj\u00eb monst\u00ebr q\u00eb u pi gjakun cdo shqiptari.\u201d,<\/em> deklaroi Braimllari<strong>.\/Hashtag.al<\/strong><\/span><\/p>\n","protected":false,"gt_translate_keys":[{"key":"rendered","format":"html"}]},"excerpt":{"rendered":"<p>Protesta e banor\u00ebve t\u00eb Unaz\u00ebs s\u00eb Re ka hyr\u00eb n\u00eb dit\u00ebn 108 t\u00eb protest\u00ebs. Mbr\u00ebmjen e sotme, banor\u00ebt e Unaz\u00ebs kan\u00eb k\u00ebrkuar lirimin e Danielit, protestuesit q\u00eb akoma q\u00ebndron n\u00eb burg. Ata than\u00eb se \u00ebsht\u00eb e dhimbshme q\u00eb Danieli q\u00ebndron akoma n\u00eb burg, nd\u00ebrkoh\u00eb q\u00eb \u201cRama, Gjiknuri apo ish-drejtori i ARRSH, rrin\u00eb si zagar\u00eb rrug\u00ebve [&hellip;]<\/p>\n","protected":false,"gt_translate_keys":[{"key":"rendered","format":"html"}]},"author":30,"featured_media":276089,"comment_status":"open","ping_status":"open","sticky":false,"template":"","format":"standard","meta":{"footnotes":""},"categories":[65,13],"tags":[],"class_list":["post-276087","post","type-post","status-publish","format-standard","has-post-thumbnail","hentry","category-lajme","category-te-fundit"],"gt_translate_keys":[{"key":"link","format":"url"}],"_links":{"self":[{"href":"https:\/\/www.hashtag.al\/index.php\/wp-json\/wp\/v2\/posts\/276087","targetHints":{"allow":["GET"]}}],"collection":[{"href":"https:\/\/www.hashtag.al\/index.php\/wp-json\/wp\/v2\/posts"}],"about":[{"href":"https:\/\/www.hashtag.al\/index.php\/wp-json\/wp\/v2\/types\/post"}],"author":[{"embeddable":true,"href":"https:\/\/www.hashtag.al\/index.php\/wp-json\/wp\/v2\/users\/30"}],"replies":[{"embeddable":true,"href":"https:\/\/www.hashtag.al\/index.php\/wp-json\/wp\/v2\/comments?post=276087"}],"version-history":[{"count":0,"href":"https:\/\/www.hashtag.al\/index.php\/wp-json\/wp\/v2\/posts\/276087\/revisions"}],"wp:featuredmedia":[{"embeddable":true,"href":"https:\/\/www.hashtag.al\/index.php\/wp-json\/wp\/v2\/media\/276089"}],"wp:attachment":[{"href":"https:\/\/www.hashtag.al\/index.php\/wp-json\/wp\/v2\/media?parent=276087"}],"wp:term":[{"taxonomy":"category","embeddable":true,"href":"https:\/\/www.hashtag.al\/index.php\/wp-json\/wp\/v2\/categories?post=276087"},{"taxonomy":"post_tag","embeddable":true,"href":"https:\/\/www.hashtag.al\/index.php\/wp-json\/wp\/v2\/tags?post=276087"}],"curies":[{"name":"wp","href":"https:\/\/api.w.org\/{rel}","templated":true}]}}