{"id":276040,"date":"2019-02-19T16:16:35","date_gmt":"2019-02-19T15:16:35","guid":{"rendered":"https:\/\/hashtag.al\/?p=276040"},"modified":"2019-02-19T16:21:26","modified_gmt":"2019-02-19T15:21:26","slug":"vasili-integrimi-europian-ka-vetem-nje-pengese-edi-ramen","status":"publish","type":"post","link":"https:\/\/www.hashtag.al\/index.php\/2019\/02\/19\/vasili-integrimi-europian-ka-vetem-nje-pengese-edi-ramen\/","title":{"rendered":"Vasili: Integrimi europian ka vet\u00ebm nj\u00eb penges\u00eb, Edi Ram\u00ebn!","gt_translate_keys":[{"key":"rendered","format":"text"}]},"content":{"rendered":"<p><img loading=\"lazy\" decoding=\"async\" class=\"aligncenter size-full wp-image-165810\" src=\"https:\/\/hashtag.al\/wp-content\/uploads\/2018\/03\/petritvasiliedirama2.jpg\" alt=\"\" width=\"702\" height=\"403\" \/><\/p>\n<p><span style=\"color: #000000;\">Reagon Petrit Vasili, pas deklaratave t\u00eb Edi Ram\u00ebs nga Puka se opozita do pengoj\u00eb integrimin e Shqip\u00ebris\u00eb n\u00eb BE.<\/span><\/p>\n<p><span style=\"color: #000000;\">Sipas Vasilit, integrimi europian ka vet\u00ebm nj\u00eb penges\u00eb, vet\u00eb Edi Ram\u00ebn.<\/span><\/p>\n<p><span style=\"color: #000000;\">&#8220;Vet\u00ebm nj\u00eb<\/span><span style=\"color: #000000;\">\u00a0fajtor,vet\u00ebm nj\u00eb zgjidhje! Kriza shum\u00eb e thell\u00eb politike e shoq\u00ebrore ka vet\u00ebm nj\u00eb p\u00ebrgjegj\u00ebs. Integrimi europian ka vet\u00ebm nj\u00eb penges\u00eb. Shqiptar\u00ebt kan\u00eb vet\u00ebm nj\u00eb grabit\u00ebs t\u00eb votave. Qytetar\u00ebt kan\u00eb vet\u00ebm nj\u00eb kusar t\u00eb madh t\u00eb parave t\u00eb tyre. T\u00eb rinjt\u00eb e Shqip\u00ebris\u00eb kan\u00eb vet\u00ebm nj\u00eb armik t\u00eb s\u00eb ardhmes s\u00eb tyre. Drejt\u00ebsia ka vet\u00ebm nj\u00eb rr\u00ebmbyes t\u00eb saj. Parat\u00eb e pista kan\u00eb vet\u00ebm nj\u00eb njeri q\u00eb hap der\u00ebn. Kriminel\u00ebt kan\u00eb vet\u00ebm nj\u00eb mbeshtet\u00ebs. Zgjidhja politike ka vet\u00ebm nj\u00eb m\u00ebnyr\u00eb. LARGIMIN SA M\u00cb PAR\u00cb T\u00cb EDI RAM\u00cbS.&#8221;, shkruan Vasili.<\/span><\/p>\n<p><span style=\"color: #000000;\">Opozita ka vendosur t\u00eb djeg\u00eb mandatet parlamentare, duke k\u00ebrkuar qeveri tranzitore dhe zgjedhje t\u00eb parakohshme.<\/span><\/p>\n<p><span style=\"color: #000000;\">&#8220;&#8230;ata q\u00eb kan\u00eb dal\u00eb hapur si penges\u00eb p\u00ebr ecurin\u00eb e vendit ton\u00eb n\u00eb \u00e7eljen e negociatave&#8230;<\/span><\/p>\n<p><span style=\"color: #000000;\">Edhe n\u00eb opozit\u00eb ata jan\u00eb nj\u00eb penges\u00eb e madhe n\u00eb rrug\u00ebn ton\u00eb t\u00eb zhvillimit dhe integrimit. Pa asnj\u00eb program, pa asnj\u00eb ide, pa asnj\u00eb lidership. Bam e bum, bam e bum, ku rafsha mos u vrafsha dhe pun\u00eb e madhe se po bien dhe po vriten shpresat e njer\u00ebzve t\u00eb zakonsh\u00ebm nga sjellje dhe akte t\u00eb papranueshme.&#8221;, tha sot Rama.<\/span><\/p>\n","protected":false,"gt_translate_keys":[{"key":"rendered","format":"html"}]},"excerpt":{"rendered":"<p>Reagon Petrit Vasili, pas deklaratave t\u00eb Edi Ram\u00ebs nga Puka se opozita do pengoj\u00eb integrimin e Shqip\u00ebris\u00eb n\u00eb BE. Sipas Vasilit, integrimi europian ka vet\u00ebm nj\u00eb penges\u00eb, vet\u00eb Edi Ram\u00ebn. &#8220;Vet\u00ebm nj\u00eb\u00a0fajtor,vet\u00ebm nj\u00eb zgjidhje! Kriza shum\u00eb e thell\u00eb politike e shoq\u00ebrore ka vet\u00ebm nj\u00eb p\u00ebrgjegj\u00ebs. Integrimi europian ka vet\u00ebm nj\u00eb penges\u00eb. Shqiptar\u00ebt kan\u00eb vet\u00ebm nj\u00eb [&hellip;]<\/p>\n","protected":false,"gt_translate_keys":[{"key":"rendered","format":"html"}]},"author":6,"featured_media":175051,"comment_status":"open","ping_status":"open","sticky":false,"template":"","format":"standard","meta":{"footnotes":""},"categories":[65],"tags":[],"class_list":["post-276040","post","type-post","status-publish","format-standard","has-post-thumbnail","hentry","category-lajme"],"gt_translate_keys":[{"key":"link","format":"url"}],"_links":{"self":[{"href":"https:\/\/www.hashtag.al\/index.php\/wp-json\/wp\/v2\/posts\/276040","targetHints":{"allow":["GET"]}}],"collection":[{"href":"https:\/\/www.hashtag.al\/index.php\/wp-json\/wp\/v2\/posts"}],"about":[{"href":"https:\/\/www.hashtag.al\/index.php\/wp-json\/wp\/v2\/types\/post"}],"author":[{"embeddable":true,"href":"https:\/\/www.hashtag.al\/index.php\/wp-json\/wp\/v2\/users\/6"}],"replies":[{"embeddable":true,"href":"https:\/\/www.hashtag.al\/index.php\/wp-json\/wp\/v2\/comments?post=276040"}],"version-history":[{"count":0,"href":"https:\/\/www.hashtag.al\/index.php\/wp-json\/wp\/v2\/posts\/276040\/revisions"}],"wp:featuredmedia":[{"embeddable":true,"href":"https:\/\/www.hashtag.al\/index.php\/wp-json\/"}],"wp:attachment":[{"href":"https:\/\/www.hashtag.al\/index.php\/wp-json\/wp\/v2\/media?parent=276040"}],"wp:term":[{"taxonomy":"category","embeddable":true,"href":"https:\/\/www.hashtag.al\/index.php\/wp-json\/wp\/v2\/categories?post=276040"},{"taxonomy":"post_tag","embeddable":true,"href":"https:\/\/www.hashtag.al\/index.php\/wp-json\/wp\/v2\/tags?post=276040"}],"curies":[{"name":"wp","href":"https:\/\/api.w.org\/{rel}","templated":true}]}}