{"id":276013,"date":"2019-02-19T15:12:41","date_gmt":"2019-02-19T14:12:41","guid":{"rendered":"https:\/\/hashtag.al\/?p=276013"},"modified":"2019-02-19T15:30:19","modified_gmt":"2019-02-19T14:30:19","slug":"teza-bllokuese-qe-po-teston-edi-rama-kunder-opozites","status":"publish","type":"post","link":"https:\/\/www.hashtag.al\/index.php\/2019\/02\/19\/teza-bllokuese-qe-po-teston-edi-rama-kunder-opozites\/","title":{"rendered":"Teza bllokuese q\u00eb po teston Edi Rama kund\u00ebr opozit\u00ebs","gt_translate_keys":[{"key":"rendered","format":"text"}]},"content":{"rendered":"<p><img loading=\"lazy\" decoding=\"async\" class=\"aligncenter size-full wp-image-276015\" src=\"https:\/\/hashtag.al\/wp-content\/uploads\/2019\/02\/ediramazyra.jpg\" alt=\"\" width=\"1163\" height=\"676\" srcset=\"https:\/\/www.hashtag.al\/wp-content\/uploads\/2019\/02\/ediramazyra.jpg 1163w, https:\/\/www.hashtag.al\/wp-content\/uploads\/2019\/02\/ediramazyra-300x174.jpg 300w, https:\/\/www.hashtag.al\/wp-content\/uploads\/2019\/02\/ediramazyra-768x446.jpg 768w, https:\/\/www.hashtag.al\/wp-content\/uploads\/2019\/02\/ediramazyra-1024x595.jpg 1024w\" sizes=\"auto, (max-width: 1163px) 100vw, 1163px\" \/><\/p>\n<p><span style=\"color: #000000;\">Q\u00eb pas vendimit t\u00eb papritur t\u00eb opozit\u00ebs p\u00ebr djegien e mandateve dhe protest\u00ebs me pjes\u00ebmarrje t\u00eb gjer\u00eb Edi Rama \u00ebsht\u00eb duke u p\u00ebrpjekur t\u00eb fitoj\u00eb terren n\u00eb publik.<\/span><\/p>\n<p><span style=\"color: #000000;\">I kthyer nga Vlora pas nj\u00eb mitingu q\u00eb realizoi p\u00ebr kund\u00ebrpesh\u00eb n\u00eb t\u00eb nj\u00ebjtin interval kohor me protest\u00ebn e lajm\u00ebruar, rastisi q\u00eb t\u00eb shfaqej p\u00ebr publikun n\u00eb Prishtin\u00eb, n\u00eb ceremonin\u00eb e 11-vjetorit t\u00eb Kosov\u00ebs shtet.<\/span><\/p>\n<p><span style=\"color: #000000;\">Me telefonin q\u00eb nuk e ndante nga dora, pasi b\u00ebri statusin p\u00ebr\u00e7mues ndaj t\u00eb l\u00ebnduar\u00ebve t\u00eb protest\u00ebs duke u shqet\u00ebsuar vet\u00ebm p\u00ebr d\u00ebmtimin e k\u00ebrpudh\u00ebs q\u00eb e vler\u00ebsonte aq shum\u00eb, Rama mendoi t\u00eb fitonte pak terren duke nxjerr\u00eb n\u00eb deklarata t\u00eb besuarit e tij; Bra\u00e7e, Spiropali, Balla.<\/span><\/p>\n<p><span style=\"color: #000000;\">N\u00ebn ethet e n\u00ebnteksteve q\u00eb nuk ngjit\u00ebn p\u00ebr Juventusin, hedhur instagramit, Rama b\u00ebri nj\u00eb hap konkret p\u00ebrpara, duke nisur t\u00eb artikuloj\u00eb tez\u00ebn q\u00eb mbase mendon se mund t\u00eb bllokoj\u00eb opozit\u00ebn: &#8220;Djegia e mandateve bllokon integrimin e vendit n\u00eb BE&#8221;.<\/span><\/p>\n<p><span style=\"color: #000000;\">&#8220;Ne dhe ata&#8221;, qen\u00eb pak a shum\u00eb fjal\u00ebt ky\u00e7e t\u00eb fjalimit t\u00eb sot\u00ebm t\u00eb Ram\u00ebs n\u00eb Puk\u00eb.<\/span><\/p>\n<p><strong><span style=\"color: #000000;\">Tha sot Rama:<\/span><\/strong><\/p>\n<p><em><span style=\"color: #000000;\">&#8220;&#8230;<strong>ata q\u00eb kan\u00eb dal\u00eb hapur si penges\u00eb p\u00ebr ecurin\u00eb e vendit ton\u00eb n\u00eb \u00e7eljen e negociatave&#8230;<\/strong><\/span><\/em><\/p>\n<p><em><span style=\"color: #000000;\">Ky shesh jemi ne, ai shesh q\u00eb ishte dje jan\u00eb ata q\u00eb jan\u00eb sot&#8230;.<\/span><span style=\"color: #000000;\">Se \u00e7far\u00eb b\u00ebn ata p\u00ebr Shqip\u00ebrin\u00eb \u00ebsht\u00eb di\u00e7ka q\u00eb gjithkush e di dhe e mban mend, nd\u00ebrkoh\u00eb q\u00eb ajo \u00e7ka b\u00ebm\u00eb ne shihet.\u00a0<\/span><span style=\"color: #000000;\">Nuk diskutohet q\u00eb n\u00eb pun\u00ebt tona ka plot p\u00ebr t\u00eb ndrequr&#8230;<\/span><\/em><\/p>\n<p><em><span style=\"color: #000000;\">Edhe n\u00eb opozit\u00eb ata jan\u00eb nj\u00eb penges\u00eb e madhe n\u00eb rrug\u00ebn ton\u00eb t\u00eb zhvillimit dhe integrimit. Pa asnj\u00eb program, pa asnj\u00eb ide, pa asnj\u00eb lidership. Bam e bum, bam e bum, ku rafsha mos u vrafsha dhe <strong>pun\u00eb e madhe se po bien dhe po vriten shpresat e njer\u00ebzve t\u00eb zakonsh\u00ebm nga sjellje dhe akte t\u00eb papranueshme.<\/strong><\/span><\/em><\/p>\n<p><em><span style=\"color: #000000;\">Sidoqoft\u00eb ajo q\u00eb na ka sjell\u00eb neve k\u00ebtu \u00ebsht\u00eb iniciativa p\u00ebr t\u00eb patur nj\u00eb seri takimesh p\u00ebr bashkin\u00eb q\u00eb duam.\u00a0<\/span><span style=\"color: #000000;\">\u00cbsht\u00eb nj\u00eb bashki e vog\u00ebl dhe transformimi \u00ebsht\u00eb spektakolar, nuk kemi \u00e7far\u00eb diskutojm\u00eb!&#8221;<\/span><\/em><\/p>\n<div id=\"attachment_275096\" style=\"width: 901px\" class=\"wp-caption aligncenter\"><img loading=\"lazy\" decoding=\"async\" aria-describedby=\"caption-attachment-275096\" class=\"wp-image-275096 size-full\" src=\"https:\/\/hashtag.al\/wp-content\/uploads\/2019\/02\/ediramaimazhi.jpg\" alt=\"\" width=\"891\" height=\"466\" srcset=\"https:\/\/www.hashtag.al\/wp-content\/uploads\/2019\/02\/ediramaimazhi.jpg 891w, https:\/\/www.hashtag.al\/wp-content\/uploads\/2019\/02\/ediramaimazhi-300x157.jpg 300w, https:\/\/www.hashtag.al\/wp-content\/uploads\/2019\/02\/ediramaimazhi-768x402.jpg 768w\" sizes=\"auto, (max-width: 891px) 100vw, 891px\" \/><p id=\"caption-attachment-275096\" class=\"wp-caption-text\">Efektet e revolt\u00ebs (Nga e majta n\u00eb t\u00eb djatht\u00eb: Hyrja e Kryeministris\u00eb, fytyra e Ram\u00ebs me boj\u00ebn q\u00eb i hodhi Paloka n\u00eb kuvend dhe k\u00ebrpudha e dashur e kryeministrit e shkat\u00ebrruar gjat\u00eb protest\u00ebs)<\/p><\/div>\n<p><span style=\"color: #000000;\">Z\u00ebvend\u00ebsi i tij Bra\u00e7e artikuloi m\u00eb her\u00ebt tez\u00ebn bllokuese se opozita e ka marr\u00eb k\u00ebt\u00eb vendim se ka frik\u00eb nga reforma n\u00eb drejt\u00ebsi, SPAK e BKH, nd\u00ebrsa Rama po tenton t\u00eb testoj\u00eb n\u00eb opinion a &#8220;do t&#8217;i pij\u00eb uj\u00eb&#8221; teza se me vendimin e marr\u00eb opozita do bllokoj\u00eb integrimin e Shqip\u00ebris\u00eb n\u00eb BE.<\/span><\/p>\n<p><span style=\"color: #000000;\">P\u00ebrgjigja e rivalit t\u00eb tij politik, Lulzim Bash\u00ebs, qe e qart\u00eb p\u00ebr &#8220;kart\u00ebn&#8221; e prosperimit europian t\u00eb vendit, se nuk mund t\u00eb ket\u00eb integrim n\u00eb BE me nj\u00eb parlament kriminal.<\/span><\/p>\n<p><span style=\"color: #000000;\">A do t\u00eb q\u00ebndroj\u00eb p\u00ebrfundimisht te kjo tez\u00eb p\u00ebr t\u00eb sulmuar Edi Rama apo di\u00e7ka tjet\u00ebr &#8220;po zien&#8221; n\u00eb tenxhere? <\/span><em><strong><span style=\"color: #000000;\">\/Hashtag.al<\/span><\/strong><\/em><\/p>\n<p><span style=\"color: #000000;\">\u00a0<\/span><\/p>\n","protected":false,"gt_translate_keys":[{"key":"rendered","format":"html"}]},"excerpt":{"rendered":"<p>Q\u00eb pas vendimit t\u00eb papritur t\u00eb opozit\u00ebs p\u00ebr djegien e mandateve dhe protest\u00ebs me pjes\u00ebmarrje t\u00eb gjer\u00eb Edi Rama \u00ebsht\u00eb duke u p\u00ebrpjekur t\u00eb fitoj\u00eb terren n\u00eb publik. I kthyer nga Vlora pas nj\u00eb mitingu q\u00eb realizoi p\u00ebr kund\u00ebrpesh\u00eb n\u00eb t\u00eb nj\u00ebjtin interval kohor me protest\u00ebn e lajm\u00ebruar, rastisi q\u00eb t\u00eb shfaqej p\u00ebr publikun n\u00eb [&hellip;]<\/p>\n","protected":false,"gt_translate_keys":[{"key":"rendered","format":"html"}]},"author":6,"featured_media":276015,"comment_status":"open","ping_status":"open","sticky":false,"template":"","format":"standard","meta":{"footnotes":""},"categories":[22,65,13],"tags":[],"class_list":["post-276013","post","type-post","status-publish","format-standard","has-post-thumbnail","hentry","category-ballina","category-lajme","category-te-fundit"],"gt_translate_keys":[{"key":"link","format":"url"}],"_links":{"self":[{"href":"https:\/\/www.hashtag.al\/index.php\/wp-json\/wp\/v2\/posts\/276013","targetHints":{"allow":["GET"]}}],"collection":[{"href":"https:\/\/www.hashtag.al\/index.php\/wp-json\/wp\/v2\/posts"}],"about":[{"href":"https:\/\/www.hashtag.al\/index.php\/wp-json\/wp\/v2\/types\/post"}],"author":[{"embeddable":true,"href":"https:\/\/www.hashtag.al\/index.php\/wp-json\/wp\/v2\/users\/6"}],"replies":[{"embeddable":true,"href":"https:\/\/www.hashtag.al\/index.php\/wp-json\/wp\/v2\/comments?post=276013"}],"version-history":[{"count":0,"href":"https:\/\/www.hashtag.al\/index.php\/wp-json\/wp\/v2\/posts\/276013\/revisions"}],"wp:featuredmedia":[{"embeddable":true,"href":"https:\/\/www.hashtag.al\/index.php\/wp-json\/wp\/v2\/media\/276015"}],"wp:attachment":[{"href":"https:\/\/www.hashtag.al\/index.php\/wp-json\/wp\/v2\/media?parent=276013"}],"wp:term":[{"taxonomy":"category","embeddable":true,"href":"https:\/\/www.hashtag.al\/index.php\/wp-json\/wp\/v2\/categories?post=276013"},{"taxonomy":"post_tag","embeddable":true,"href":"https:\/\/www.hashtag.al\/index.php\/wp-json\/wp\/v2\/tags?post=276013"}],"curies":[{"name":"wp","href":"https:\/\/api.w.org\/{rel}","templated":true}]}}