{"id":275943,"date":"2019-02-19T15:03:01","date_gmt":"2019-02-19T14:03:01","guid":{"rendered":"https:\/\/hashtag.al\/?p=275943"},"modified":"2019-02-19T15:41:50","modified_gmt":"2019-02-19T14:41:50","slug":"gjithcka-duhet-te-dini-per-djegien-e-mandateve-ne-40-rreshta","status":"publish","type":"post","link":"https:\/\/www.hashtag.al\/index.php\/2019\/02\/19\/gjithcka-duhet-te-dini-per-djegien-e-mandateve-ne-40-rreshta\/","title":{"rendered":"Gjith\u00e7ka duhet t\u00eb dini p\u00ebr djegien e mandateve n\u00eb 40 rreshta","gt_translate_keys":[{"key":"rendered","format":"text"}]},"content":{"rendered":"<p><span style=\"color: #000000;\"><img loading=\"lazy\" decoding=\"async\" class=\"aligncenter size-full wp-image-276010\" src=\"https:\/\/hashtag.al\/wp-content\/uploads\/2019\/02\/bashakryemadhi19shkurt.jpg\" alt=\"\" width=\"2000\" height=\"834\" srcset=\"https:\/\/www.hashtag.al\/wp-content\/uploads\/2019\/02\/bashakryemadhi19shkurt.jpg 2000w, https:\/\/www.hashtag.al\/wp-content\/uploads\/2019\/02\/bashakryemadhi19shkurt-300x125.jpg 300w, https:\/\/www.hashtag.al\/wp-content\/uploads\/2019\/02\/bashakryemadhi19shkurt-768x320.jpg 768w, https:\/\/www.hashtag.al\/wp-content\/uploads\/2019\/02\/bashakryemadhi19shkurt-1024x427.jpg 1024w\" sizes=\"auto, (max-width: 2000px) 100vw, 2000px\" \/><\/span><\/p>\n<p><span style=\"color: #000000;\">Pas protest\u00ebs s\u00eb 16 shkurtit, kryetari i PD-s\u00eb, Basha, deklaroi se me vendim unanim, forca politike q\u00eb drejton kishte vendosur t\u00eb digjte mandatet n\u00eb parlament.\u00a0<\/span><span style=\"color: #000000;\">Vendimi zyrtar erdhi nj\u00eb dit\u00eb pasi kryedemokrati deklaroi se do u propozonte deputet\u00ebve t\u00eb nd\u00ebrmerrnin k\u00ebt\u00eb akt. <\/span><\/p>\n<p><span style=\"color: #000000;\">Basha theksoi se vendi ishte n\u00eb emergjenc\u00eb civile p\u00ebr shkak t\u00eb vjedhjes s\u00eb faktuar t\u00eb votave, kapjes t\u00eb t\u00eb gjitha pushteteve nga ana e kryeministrit Rama dhe p\u00ebr shkak t\u00eb bashk\u00ebpunimit me krimin e organizuar t\u00eb qeveris\u00eb dhe shumic\u00ebs parlamentare. <\/span><\/p>\n<p><span style=\"color: #000000;\">Pak or\u00eb m\u00eb von\u00eb i nj\u00ebjti vendim u mor edhe nga L\u00ebvizja Socialiste p\u00ebr Integrim, q\u00eb n\u00ebp\u00ebrmjet kryetares s\u00eb saj, Kryemadhi, renditi arsyet e k\u00ebtij vendimi politik.<\/span><\/p>\n<p><span style=\"color: #000000;\"><strong>Protesta<\/strong><\/span><\/p>\n<p><span style=\"color: #000000;\">T\u00eb shtun\u00ebn e 16 shkurtit, n\u00eb Tiran\u00eb u organizuar protesta e thirrur nga opozit\u00eb ku dhjet\u00ebra mij\u00ebra qytetar\u00eb nga kryeqyteti dhe rrethe t\u00eb tjera t\u00eb vendit u mblodh\u00ebn para kryeministris\u00eb.\u00a0<\/span><span style=\"color: #000000;\">Protesta ishte e qet\u00eb me disa incidente kurse p<\/span><span style=\"color: #000000;\">olicia p\u00ebrdori gazin lotsjell\u00ebs p\u00ebr t\u00eb shp\u00ebrndar\u00eb protestuesit dhe pas 5 or\u00ebsh protest\u00eb, kreu i PD-s\u00eb, Basha, lajm\u00ebroi mbylljen e saj.<\/span><\/p>\n<p><span style=\"color: #000000;\"><img loading=\"lazy\" decoding=\"async\" class=\"aligncenter size-full wp-image-275613\" src=\"https:\/\/hashtag.al\/wp-content\/uploads\/2019\/02\/kryemadhibasha18shkurt.jpg\" alt=\"\" width=\"1024\" height=\"786\" srcset=\"https:\/\/www.hashtag.al\/wp-content\/uploads\/2019\/02\/kryemadhibasha18shkurt.jpg 1024w, https:\/\/www.hashtag.al\/wp-content\/uploads\/2019\/02\/kryemadhibasha18shkurt-300x230.jpg 300w, https:\/\/www.hashtag.al\/wp-content\/uploads\/2019\/02\/kryemadhibasha18shkurt-768x590.jpg 768w\" sizes=\"auto, (max-width: 1024px) 100vw, 1024px\" \/><\/span><\/p>\n<p><span style=\"color: #000000;\"><strong>Vendimi politik unanim i opozit\u00ebs s\u00eb bashkuar<\/strong><\/span><\/p>\n<p><span style=\"color: #000000;\">Pas lajm\u00ebrimit p\u00ebr djegien e mandateve nga ana e deputet\u00ebve t\u00eb PD-s\u00eb, e nj\u00ebjta gj\u00eb ndodhi edhe me aletat\u00ebt e tjer\u00eb t\u00eb opozit\u00ebs s\u00eb bashkuar.\u00a0<\/span><span style=\"color: #000000;\">Kryemadhi n\u00eb nj\u00eb dalje p\u00ebr mediat tha se deputet\u00ebt e LSI-s\u00eb, kishin vendosur djegien e mandateve dhe tha se opozita k\u00ebrkonte nj\u00eb qeveri tranzitore pa Ram\u00ebn kryeminist\u00ebr, p\u00ebr t\u00eb organizuar zgjedhje t\u00eb lira t\u00eb parakohshme.<\/span><\/p>\n<p><span style=\"color: #000000;\"><strong>Apatia n\u00eb reagim e mazhoranc\u00ebs<\/strong><\/span><\/p>\n<p><span style=\"color: #000000;\">Pas deklarat\u00ebs s\u00eb Bash\u00ebs p\u00ebr djegien e mandateve, te vetme reagime zyrtare ishin nga z\u00ebvend\u00ebskryeministri Bra\u00e7e, sipas t\u00eb cilit opozita e kishte nd\u00ebrmarr\u00eb k\u00ebt\u00eb veprim pasi i frik\u00ebsohej institucioneve t\u00eb reform\u00ebs n\u00eb drejt\u00ebsi reform\u00eb.\u00a0<\/span><span style=\"color: #000000;\">Rama u p\u00ebrpoq ta parodizonte k\u00ebt\u00eb gj\u00eb, n\u00ebp\u00ebrmjet nj\u00eb statusi n\u00eb \u201cTwitter\u201d, ku krahasonte qeverisjen e tij me Juventusin.<\/span><\/p>\n<p><img loading=\"lazy\" decoding=\"async\" class=\"aligncenter size-full wp-image-275975\" src=\"https:\/\/hashtag.al\/wp-content\/uploads\/2019\/02\/Protesta16shkurt1.jpg\" alt=\"\" width=\"2000\" height=\"1334\" srcset=\"https:\/\/www.hashtag.al\/wp-content\/uploads\/2019\/02\/Protesta16shkurt1.jpg 2000w, https:\/\/www.hashtag.al\/wp-content\/uploads\/2019\/02\/Protesta16shkurt1-300x200.jpg 300w, https:\/\/www.hashtag.al\/wp-content\/uploads\/2019\/02\/Protesta16shkurt1-768x512.jpg 768w, https:\/\/www.hashtag.al\/wp-content\/uploads\/2019\/02\/Protesta16shkurt1-1024x683.jpg 1024w\" sizes=\"auto, (max-width: 2000px) 100vw, 2000px\" \/><\/p>\n<p><span style=\"color: #000000;\"><strong>Z\u00ebrat kund\u00ebr<\/strong><\/span><\/p>\n<p><span style=\"color: #000000;\">I vetmi deputet i opozit\u00ebs q\u00eb deri tani \u00ebsht\u00eb shprehur zyrtarisht kund\u00ebr djegies s\u00eb mandatit \u00ebsht\u00eb Lefter Koka i LSI-s\u00eb, sipas gazet\u00ebs \u201cBulevard\u201d.\u00a0<\/span><span style=\"color: #000000;\">Koka nuk ka qen\u00eb i pranish\u00ebm n\u00eb mbledhjen e djeshme t\u00eb k\u00ebsaj force politike dhe ka deklaruar se nuk ka motiv p\u00ebr ta djegur mandatin e tij.<\/span><\/p>\n<p><span style=\"color: #000000;\"><strong>Nd\u00ebrkomb\u00ebtar\u00ebt<\/strong><\/span><\/p>\n<p><span style=\"color: #000000;\">Z\u00ebvend\u00ebsambasadorja e SHBA-s\u00eb n\u00eb Tiran\u00eb, Leyla Moses-Ones dhe ai i BE-s\u00eb, Luigi Soreca, i vajt\u00ebn n\u00eb zyr\u00eb kreut t\u00eb PD-s\u00eb, Basha, pas vendimit p\u00ebr djegien e mandateve.\u00a0<\/span><span style=\"color: #000000;\">Nj\u00eb reagim pati edhe nga raportuesi p\u00ebr Shqip\u00ebrin\u00eb n\u00eb PE, Fleckenstein si dhe nga z\u00ebdh\u00ebn\u00ebsja e KE-s\u00eb, Ko\u00e7ijan\u00e7i\u00e7.\u00a0<\/span><span style=\"color: #000000;\">Dy zyrtar\u00ebt theksuan se q\u00ebndrimi i opozit\u00ebs \u00ebsht\u00eb kund\u00ebrproduktiv dhe shkon kund\u00ebr p\u00ebrpjekjeve t\u00eb vendit p\u00ebr zbatimin e reformave t\u00eb k\u00ebrkuara nga BE.\u00a0<\/span><span style=\"color: #000000;\"><em><strong>\/Hashtag.al<\/strong><\/em><\/span><\/p>\n<p><img loading=\"lazy\" decoding=\"async\" class=\"aligncenter size-full wp-image-276009\" src=\"https:\/\/hashtag.al\/wp-content\/uploads\/2019\/02\/policia16shkurt.jpg\" alt=\"\" width=\"990\" height=\"659\" srcset=\"https:\/\/www.hashtag.al\/wp-content\/uploads\/2019\/02\/policia16shkurt.jpg 990w, https:\/\/www.hashtag.al\/wp-content\/uploads\/2019\/02\/policia16shkurt-300x200.jpg 300w, https:\/\/www.hashtag.al\/wp-content\/uploads\/2019\/02\/policia16shkurt-768x511.jpg 768w\" sizes=\"auto, (max-width: 990px) 100vw, 990px\" \/><\/p>\n","protected":false,"gt_translate_keys":[{"key":"rendered","format":"html"}]},"excerpt":{"rendered":"<p>Pas protest\u00ebs s\u00eb 16 shkurtit, kryetari i PD-s\u00eb, Basha, deklaroi se me vendim unanim, forca politike q\u00eb drejton kishte vendosur t\u00eb digjte mandatet n\u00eb parlament.\u00a0Vendimi zyrtar erdhi nj\u00eb dit\u00eb pasi kryedemokrati deklaroi se do u propozonte deputet\u00ebve t\u00eb nd\u00ebrmerrnin k\u00ebt\u00eb akt. Basha theksoi se vendi ishte n\u00eb emergjenc\u00eb civile p\u00ebr shkak t\u00eb vjedhjes s\u00eb faktuar [&hellip;]<\/p>\n","protected":false,"gt_translate_keys":[{"key":"rendered","format":"html"}]},"author":51,"featured_media":276014,"comment_status":"open","ping_status":"open","sticky":false,"template":"","format":"standard","meta":{"footnotes":""},"categories":[22,65,13],"tags":[],"class_list":["post-275943","post","type-post","status-publish","format-standard","has-post-thumbnail","hentry","category-ballina","category-lajme","category-te-fundit"],"gt_translate_keys":[{"key":"link","format":"url"}],"_links":{"self":[{"href":"https:\/\/www.hashtag.al\/index.php\/wp-json\/wp\/v2\/posts\/275943","targetHints":{"allow":["GET"]}}],"collection":[{"href":"https:\/\/www.hashtag.al\/index.php\/wp-json\/wp\/v2\/posts"}],"about":[{"href":"https:\/\/www.hashtag.al\/index.php\/wp-json\/wp\/v2\/types\/post"}],"author":[{"embeddable":true,"href":"https:\/\/www.hashtag.al\/index.php\/wp-json\/wp\/v2\/users\/51"}],"replies":[{"embeddable":true,"href":"https:\/\/www.hashtag.al\/index.php\/wp-json\/wp\/v2\/comments?post=275943"}],"version-history":[{"count":0,"href":"https:\/\/www.hashtag.al\/index.php\/wp-json\/wp\/v2\/posts\/275943\/revisions"}],"wp:featuredmedia":[{"embeddable":true,"href":"https:\/\/www.hashtag.al\/index.php\/wp-json\/wp\/v2\/media\/276014"}],"wp:attachment":[{"href":"https:\/\/www.hashtag.al\/index.php\/wp-json\/wp\/v2\/media?parent=275943"}],"wp:term":[{"taxonomy":"category","embeddable":true,"href":"https:\/\/www.hashtag.al\/index.php\/wp-json\/wp\/v2\/categories?post=275943"},{"taxonomy":"post_tag","embeddable":true,"href":"https:\/\/www.hashtag.al\/index.php\/wp-json\/wp\/v2\/tags?post=275943"}],"curies":[{"name":"wp","href":"https:\/\/api.w.org\/{rel}","templated":true}]}}