{"id":275915,"date":"2019-02-19T11:01:36","date_gmt":"2019-02-19T10:01:36","guid":{"rendered":"https:\/\/hashtag.al\/?p=275915"},"modified":"2019-02-19T16:54:35","modified_gmt":"2019-02-19T15:54:35","slug":"lezhjanet-i-zune-prite-rama-devijon-rrugen","status":"publish","type":"post","link":"https:\/\/www.hashtag.al\/index.php\/2019\/02\/19\/lezhjanet-i-zune-prite-rama-devijon-rrugen\/","title":{"rendered":"Lezhjan\u00ebt i zun\u00eb &#8220;prit\u00eb&#8221;, Rama devijon rrug\u00ebn (VIDEO)","gt_translate_keys":[{"key":"rendered","format":"text"}]},"content":{"rendered":"<p><span style=\"color: #000000;\"><img loading=\"lazy\" decoding=\"async\" class=\"aligncenter size-full wp-image-275916\" src=\"https:\/\/hashtag.al\/wp-content\/uploads\/2019\/02\/lezha-1.jpg\" alt=\"\" width=\"960\" height=\"720\" srcset=\"https:\/\/www.hashtag.al\/wp-content\/uploads\/2019\/02\/lezha-1.jpg 960w, https:\/\/www.hashtag.al\/wp-content\/uploads\/2019\/02\/lezha-1-300x225.jpg 300w, https:\/\/www.hashtag.al\/wp-content\/uploads\/2019\/02\/lezha-1-768x576.jpg 768w\" sizes=\"auto, (max-width: 960px) 100vw, 960px\" \/><\/span><\/p>\n<p><span style=\"color: #000000;\">Kryeministri Edi Rama ka devijuar rrug\u00ebn, pasi qytetar\u00ebt lezhjan\u00eb i bllokuan autostrad\u00ebn ku do kalonte ai p\u00ebr t\u00eb shkuar sot n\u00eb Puk\u00eb.<\/span><\/p>\n<p><span style=\"color: #000000;\">Dhjet\u00ebra qytetar\u00eb n\u00eb Lezh\u00eb kan\u00eb dal\u00eb me m\u00ebngjes n\u00eb rrug\u00eb, duke nisur nj\u00eb protest\u00eb t\u00eb papritur dhe t\u00eb palajm\u00ebruar m\u00eb par\u00eb.\u00a0M\u00ebsohet se Rama ka kaluar Lezh\u00ebn rreth or\u00ebs 10:00, p\u00ebr t\u00eb shkuar n\u00eb Vaun e Dej\u00ebs, e m\u00eb pas n\u00eb Puk\u00eb.<\/span><\/p>\n<p><span style=\"color: #000000;\">Duke qen\u00eb se qytetar\u00ebt kishin bllokuar rrug\u00ebn Lezh\u00eb-Shkod\u00ebr, Rama \u00ebsht\u00eb detyruar t\u00eb hyj\u00eb n\u00eb rrug\u00ebn e Ishull Lezh\u00eb p\u00ebr t\u00eb dal\u00eb m\u00eb pas n\u00eb rrug\u00ebn kryesore Lezh\u00eb-Shkod\u00ebr p\u00ebr t\u00eb shmangur p\u00ebrplasjen.\u00a0<\/span><\/p>\n<p><span style=\"color: #000000;\">N\u00eb vendin ku po zhvillohet protesta jan\u00eb shtuar forcat e policis\u00eb, mes t\u00eb cil\u00ebve edhe\u00a0Drejtori i policis\u00eb s\u00eb Qarkut Ferdinand Mara.<\/span><\/p>\n<p><span style=\"color: #000000;\">Kjo protest\u00eb vjen vet\u00ebm nj\u00eb dit\u00eb pas shpalljes s\u00eb vendimit t\u00eb opozit\u00ebs s\u00eb bashkuar p\u00ebr djegien e mandateve. Qytetar\u00ebt t\u00eb mb\u00ebshtetur edhe nga opozita kund\u00ebrshtojn\u00eb qeverin\u00eb Rama.<\/span><\/p>\n<p><span style=\"color: #000000;\">Sakaq t\u00eb enjten \u00ebsht\u00eb paralajm\u00ebruar nj\u00eb tjet\u00ebr protest\u00eb e opozit\u00ebs, k\u00ebt\u00eb radh\u00eb para parlamentit.<\/span><\/p>\n<p><strong>Eskorta e Ram\u00ebs<\/strong><\/p>\n<div style=\"width: 640px;\" class=\"wp-video\"><video class=\"wp-video-shortcode\" id=\"video-275915-1\" width=\"640\" height=\"362\" preload=\"metadata\" controls=\"controls\"><source type=\"video\/mp4\" src=\"https:\/\/hashtag.al\/wp-content\/uploads\/2019\/02\/ediramanderronrruge.mp4?_=1\" \/><a href=\"https:\/\/hashtag.al\/wp-content\/uploads\/2019\/02\/ediramanderronrruge.mp4\">https:\/\/hashtag.al\/wp-content\/uploads\/2019\/02\/ediramanderronrruge.mp4<\/a><\/video><\/div>\n<p><strong>PROTESTA<\/strong><\/p>\n<div style=\"width: 426px;\" class=\"wp-video\"><video class=\"wp-video-shortcode\" id=\"video-275915-2\" width=\"426\" height=\"236\" preload=\"metadata\" controls=\"controls\"><source type=\"video\/mp4\" src=\"https:\/\/hashtag.al\/wp-content\/uploads\/2019\/02\/lezha-3.mp4?_=2\" \/><a href=\"https:\/\/hashtag.al\/wp-content\/uploads\/2019\/02\/lezha-3.mp4\">https:\/\/hashtag.al\/wp-content\/uploads\/2019\/02\/lezha-3.mp4<\/a><\/video><\/div>\n<p>&nbsp;<\/p>\n","protected":false,"gt_translate_keys":[{"key":"rendered","format":"html"}]},"excerpt":{"rendered":"<p>Kryeministri Edi Rama ka devijuar rrug\u00ebn, pasi qytetar\u00ebt lezhjan\u00eb i bllokuan autostrad\u00ebn ku do kalonte ai p\u00ebr t\u00eb shkuar sot n\u00eb Puk\u00eb. Dhjet\u00ebra qytetar\u00eb n\u00eb Lezh\u00eb kan\u00eb dal\u00eb me m\u00ebngjes n\u00eb rrug\u00eb, duke nisur nj\u00eb protest\u00eb t\u00eb papritur dhe t\u00eb palajm\u00ebruar m\u00eb par\u00eb.\u00a0M\u00ebsohet se Rama ka kaluar Lezh\u00ebn rreth or\u00ebs 10:00, p\u00ebr t\u00eb shkuar n\u00eb [&hellip;]<\/p>\n","protected":false,"gt_translate_keys":[{"key":"rendered","format":"html"}]},"author":30,"featured_media":275917,"comment_status":"open","ping_status":"open","sticky":false,"template":"","format":"standard","meta":{"footnotes":""},"categories":[65,13],"tags":[],"class_list":["post-275915","post","type-post","status-publish","format-standard","has-post-thumbnail","hentry","category-lajme","category-te-fundit"],"gt_translate_keys":[{"key":"link","format":"url"}],"_links":{"self":[{"href":"https:\/\/www.hashtag.al\/index.php\/wp-json\/wp\/v2\/posts\/275915","targetHints":{"allow":["GET"]}}],"collection":[{"href":"https:\/\/www.hashtag.al\/index.php\/wp-json\/wp\/v2\/posts"}],"about":[{"href":"https:\/\/www.hashtag.al\/index.php\/wp-json\/wp\/v2\/types\/post"}],"author":[{"embeddable":true,"href":"https:\/\/www.hashtag.al\/index.php\/wp-json\/wp\/v2\/users\/30"}],"replies":[{"embeddable":true,"href":"https:\/\/www.hashtag.al\/index.php\/wp-json\/wp\/v2\/comments?post=275915"}],"version-history":[{"count":0,"href":"https:\/\/www.hashtag.al\/index.php\/wp-json\/wp\/v2\/posts\/275915\/revisions"}],"wp:featuredmedia":[{"embeddable":true,"href":"https:\/\/www.hashtag.al\/index.php\/wp-json\/wp\/v2\/media\/275917"}],"wp:attachment":[{"href":"https:\/\/www.hashtag.al\/index.php\/wp-json\/wp\/v2\/media?parent=275915"}],"wp:term":[{"taxonomy":"category","embeddable":true,"href":"https:\/\/www.hashtag.al\/index.php\/wp-json\/wp\/v2\/categories?post=275915"},{"taxonomy":"post_tag","embeddable":true,"href":"https:\/\/www.hashtag.al\/index.php\/wp-json\/wp\/v2\/tags?post=275915"}],"curies":[{"name":"wp","href":"https:\/\/api.w.org\/{rel}","templated":true}]}}