{"id":275898,"date":"2019-02-19T10:32:07","date_gmt":"2019-02-19T09:32:07","guid":{"rendered":"https:\/\/hashtag.al\/?p=275898"},"modified":"2019-02-19T10:34:51","modified_gmt":"2019-02-19T09:34:51","slug":"akuzohet-se-ekzekutoi-gruan-e-pronarit-ne-tualet-prokuroria-kerkon-burg-perjete","status":"publish","type":"post","link":"https:\/\/www.hashtag.al\/index.php\/2019\/02\/19\/akuzohet-se-ekzekutoi-gruan-e-pronarit-ne-tualet-prokuroria-kerkon-burg-perjete\/","title":{"rendered":"Akuzohet se ekzekutoi gruan e pronarit n\u00eb tualet, prokuroria k\u00ebrkon burg p\u00ebrjet\u00eb","gt_translate_keys":[{"key":"rendered","format":"text"}]},"content":{"rendered":"<p><span style=\"color: #000000;\"><img loading=\"lazy\" decoding=\"async\" class=\"aligncenter size-full wp-image-275899\" src=\"https:\/\/hashtag.al\/wp-content\/uploads\/2019\/02\/fatjon-4.jpg\" alt=\"\" width=\"1280\" height=\"720\" srcset=\"https:\/\/www.hashtag.al\/wp-content\/uploads\/2019\/02\/fatjon-4.jpg 1280w, https:\/\/www.hashtag.al\/wp-content\/uploads\/2019\/02\/fatjon-4-300x169.jpg 300w, https:\/\/www.hashtag.al\/wp-content\/uploads\/2019\/02\/fatjon-4-768x432.jpg 768w, https:\/\/www.hashtag.al\/wp-content\/uploads\/2019\/02\/fatjon-4-1024x576.jpg 1024w\" sizes=\"auto, (max-width: 1280px) 100vw, 1280px\" \/><\/span><\/p>\n<p><span style=\"color: #000000;\">Prokuroria ka k\u00ebrkuar burg p\u00ebrjet\u00eb p\u00ebr ekzekutorin e Suela Sul\u00ebs, Fatjon Karmeshtna. \u00a0<\/span><\/p>\n<p><span style=\"color: #000000;\">Ky i fundit akuzohet se ka vrar\u00eb Sul\u00ebn m\u00eb 18 prill 2016. <\/span><\/p>\n<p><span style=\"color: #000000;\">Sipas Karmeshtn\u00ebs, porosia p\u00ebr vrasjen i \u00ebsht\u00eb dh\u00ebn\u00eb nga bashk\u00ebshorti i Suel\u00ebs, Sadetin Sula.<\/span><\/p>\n<p><span style=\"color: #000000;\">Fillimisht u dyshua p\u00ebr vet\u00ebvrasje t\u00eb Suela Sul\u00ebs, por hetimet zbuluan se ajo ishte vrar\u00eb nga Karmeshtna, duke i v\u00ebn\u00eb duart n\u00eb fyt.<\/span><\/p>\n<p><span style=\"color: #000000;\">M\u00eb her\u00ebt gjykata p\u00ebr Krime t\u00eb R\u00ebnda kishte d\u00ebnuar me burg p\u00ebrjet\u00eb bashk\u00ebshortin e s\u00eb ndjer\u00ebs, Sadetin Sula, i cili u akuzua se kishte porositur Karmeshtn\u00ebn p\u00ebr vrasjen e bashk\u00ebshortes s\u00eb tij. \u00a0<\/span><\/p>\n<p><span style=\"color: #000000;\">Sula, pronari i nj\u00eb mobilerie n\u00eb fshatin Melgush\u00eb t\u00eb Shkodr\u00ebs, u faj\u00ebsua si porosit\u00ebs i vrasjes.<\/span><\/p>\n<p><span style=\"color: #000000;\">Disa regjistrime audio t\u00eb gjetura n\u00eb telefonin e viktim\u00ebs gati dy vjet pas ngjarjes i dhan\u00eb nj\u00eb kthes\u00eb t\u00eb fort\u00eb hetimit p\u00ebr zbardhjen e krimit.<\/span><\/p>\n<p><span style=\"color: #000000;\">N\u00eb regjistrimet e b\u00ebra n\u00eb shtator 2015, i pandehuri Sadetin Sula i vinte n\u00eb dyshim bashk\u00ebshortes at\u00ebsin\u00eb e tij tek nj\u00eb prej f\u00ebmij\u00ebve t\u00eb \u00e7iftit.<\/span><\/p>\n<p><span style=\"color: #000000;\">Nd\u00ebrsa n\u00eb nj\u00eb tjet\u00ebr regjistrim, pronari i mobileris\u00eb i k\u00ebrkonte punonj\u00ebsit t\u00eb tij Fatjon Karmneshta, t\u2019i b\u00ebj\u00eb magji bashk\u00ebshortes s\u00eb tij q\u00eb t\u2019i bindej atij, si dhe i druhej divorcit, pasi mund t\u2019i ndahej pasuria.<\/span><\/p>\n<p><span style=\"color: #000000;\">Veprimet e m\u00ebtejshme hetimore provuan shkenc\u00ebrisht se Suela Sula ishte mbytur me duar nga Fatjon Karmeshtna, me porosi t\u00eb bashk\u00ebshortit t\u00eb saj. <\/span><\/p>\n<p><span style=\"color: #000000;\">Materiali gjenetik i l\u00ebn\u00eb prej tij n\u00eb nj\u00eb shishe uji rezultoi i nj\u00ebjt\u00eb me materialin e gjetur n\u00eb thonjt\u00eb e viktim\u00ebs.<\/span><\/p>\n<p><span style=\"color: #000000;\"><img loading=\"lazy\" decoding=\"async\" class=\"aligncenter size-full wp-image-275900\" src=\"https:\/\/hashtag.al\/wp-content\/uploads\/2019\/02\/Fatjon.jpg\" alt=\"\" width=\"633\" height=\"347\" srcset=\"https:\/\/www.hashtag.al\/wp-content\/uploads\/2019\/02\/Fatjon.jpg 633w, https:\/\/www.hashtag.al\/wp-content\/uploads\/2019\/02\/Fatjon-300x164.jpg 300w\" sizes=\"auto, (max-width: 633px) 100vw, 633px\" \/><\/span><\/p>\n","protected":false,"gt_translate_keys":[{"key":"rendered","format":"html"}]},"excerpt":{"rendered":"<p>Prokuroria ka k\u00ebrkuar burg p\u00ebrjet\u00eb p\u00ebr ekzekutorin e Suela Sul\u00ebs, Fatjon Karmeshtna. \u00a0 Ky i fundit akuzohet se ka vrar\u00eb Sul\u00ebn m\u00eb 18 prill 2016. Sipas Karmeshtn\u00ebs, porosia p\u00ebr vrasjen i \u00ebsht\u00eb dh\u00ebn\u00eb nga bashk\u00ebshorti i Suel\u00ebs, Sadetin Sula. Fillimisht u dyshua p\u00ebr vet\u00ebvrasje t\u00eb Suela Sul\u00ebs, por hetimet zbuluan se ajo ishte vrar\u00eb nga [&hellip;]<\/p>\n","protected":false,"gt_translate_keys":[{"key":"rendered","format":"html"}]},"author":51,"featured_media":275901,"comment_status":"open","ping_status":"open","sticky":false,"template":"","format":"standard","meta":{"footnotes":""},"categories":[65,13],"tags":[],"class_list":["post-275898","post","type-post","status-publish","format-standard","has-post-thumbnail","hentry","category-lajme","category-te-fundit"],"gt_translate_keys":[{"key":"link","format":"url"}],"_links":{"self":[{"href":"https:\/\/www.hashtag.al\/index.php\/wp-json\/wp\/v2\/posts\/275898","targetHints":{"allow":["GET"]}}],"collection":[{"href":"https:\/\/www.hashtag.al\/index.php\/wp-json\/wp\/v2\/posts"}],"about":[{"href":"https:\/\/www.hashtag.al\/index.php\/wp-json\/wp\/v2\/types\/post"}],"author":[{"embeddable":true,"href":"https:\/\/www.hashtag.al\/index.php\/wp-json\/wp\/v2\/users\/51"}],"replies":[{"embeddable":true,"href":"https:\/\/www.hashtag.al\/index.php\/wp-json\/wp\/v2\/comments?post=275898"}],"version-history":[{"count":0,"href":"https:\/\/www.hashtag.al\/index.php\/wp-json\/wp\/v2\/posts\/275898\/revisions"}],"wp:featuredmedia":[{"embeddable":true,"href":"https:\/\/www.hashtag.al\/index.php\/wp-json\/wp\/v2\/media\/275901"}],"wp:attachment":[{"href":"https:\/\/www.hashtag.al\/index.php\/wp-json\/wp\/v2\/media?parent=275898"}],"wp:term":[{"taxonomy":"category","embeddable":true,"href":"https:\/\/www.hashtag.al\/index.php\/wp-json\/wp\/v2\/categories?post=275898"},{"taxonomy":"post_tag","embeddable":true,"href":"https:\/\/www.hashtag.al\/index.php\/wp-json\/wp\/v2\/tags?post=275898"}],"curies":[{"name":"wp","href":"https:\/\/api.w.org\/{rel}","templated":true}]}}