{"id":275864,"date":"2019-02-19T10:19:31","date_gmt":"2019-02-19T09:19:31","guid":{"rendered":"https:\/\/hashtag.al\/?p=275864"},"modified":"2019-02-19T10:21:39","modified_gmt":"2019-02-19T09:21:39","slug":"ska-kthim-prapa-per-mandatet-ne-be-nuk-shkohet-me-parlament-te-lidhur-me-krimin-basha","status":"publish","type":"post","link":"https:\/\/www.hashtag.al\/index.php\/2019\/02\/19\/ska-kthim-prapa-per-mandatet-ne-be-nuk-shkohet-me-parlament-te-lidhur-me-krimin-basha\/","title":{"rendered":"&#8220;S&#8217;ka kthim prapa p\u00ebr mandatet, n\u00eb BE nuk shkohet me parlament t\u00eb lidhur me krimin&#8221; &#8211; Basha","gt_translate_keys":[{"key":"rendered","format":"text"}]},"content":{"rendered":"<p><span style=\"color: #000000;\"><img loading=\"lazy\" decoding=\"async\" class=\"aligncenter size-full wp-image-275889\" src=\"https:\/\/hashtag.al\/wp-content\/uploads\/2019\/02\/basha-2-3.jpg\" alt=\"\" width=\"2048\" height=\"1327\" srcset=\"https:\/\/www.hashtag.al\/wp-content\/uploads\/2019\/02\/basha-2-3.jpg 2048w, https:\/\/www.hashtag.al\/wp-content\/uploads\/2019\/02\/basha-2-3-300x194.jpg 300w, https:\/\/www.hashtag.al\/wp-content\/uploads\/2019\/02\/basha-2-3-768x498.jpg 768w, https:\/\/www.hashtag.al\/wp-content\/uploads\/2019\/02\/basha-2-3-1024x664.jpg 1024w\" sizes=\"auto, (max-width: 2048px) 100vw, 2048px\" \/><\/span><\/p>\n<p><span style=\"color: #000000;\">Pas takimit me kreun e K\u00ebshillit Komb\u00ebtar t\u00eb Partis\u00eb Demokratike, Bujar Nishani, kreu i PD-s\u00eb, Basha ka dh\u00ebn\u00eb nj\u00eb deklarat\u00eb p\u00ebr mediat.<\/span><\/p>\n<p><span style=\"color: #000000;\"> Ai ka deklaruar se vendimi p\u00ebr djegien e mandateve \u00ebsht\u00eb i pakthyesh\u00ebm dhe se forca politike e drejtuar prej tij nuk do ndalet deri n\u00eb kthimin e normalitetit n\u00eb vend.<\/span><\/p>\n<p><span style=\"color: #000000;\"><em>\u201cNuk ka m\u00eb kthim prapa. Kemi marr\u00eb vendimin p\u00ebr djegien e mandateve dhe do i q\u00ebndrojm\u00eb deri n\u00eb fund. Nuk do ket\u00eb m\u00eb parlament fasad\u00eb. N\u00eb BE nuk shkohet me parlament t\u00eb lidhur me krimin. Nuk ka l\u00ebvizje me pro Evrop\u00ebs sesa vendimi i marr\u00eb dit\u00ebn e djeshme nga Partiaq Demokratike.\u201d<\/em> &#8211; ka deklaruar Basha.<\/span><\/p>\n<p><span style=\"color: #000000;\">Vendimi p\u00ebr djegien e mandateve t\u00eb Partis\u00eb Demokratike u mor dit\u00ebn e djeshme pas mbledhjes s\u00eb grupit parlamentar t\u00eb k\u00ebsaj force politike. <\/span><\/p>\n<p><span style=\"color: #000000;\">T\u00eb gjith\u00eb deputet\u00ebt e PD-s\u00eb q\u00eb mor\u00ebn pjes\u00eb n\u00eb mbledhje u shpreh\u00ebn p\u00ebr djegien e mandateve dhe bashkimin me qytetar\u00ebt.<\/span><\/p>\n<p><span style=\"color: #000000;\"><img loading=\"lazy\" decoding=\"async\" class=\"aligncenter size-full wp-image-275614\" src=\"https:\/\/hashtag.al\/wp-content\/uploads\/2019\/02\/bashakryemadhi18shkurt.jpg\" alt=\"\" width=\"1024\" height=\"816\" srcset=\"https:\/\/www.hashtag.al\/wp-content\/uploads\/2019\/02\/bashakryemadhi18shkurt.jpg 1024w, https:\/\/www.hashtag.al\/wp-content\/uploads\/2019\/02\/bashakryemadhi18shkurt-300x239.jpg 300w, https:\/\/www.hashtag.al\/wp-content\/uploads\/2019\/02\/bashakryemadhi18shkurt-768x612.jpg 768w\" sizes=\"auto, (max-width: 1024px) 100vw, 1024px\" \/><\/span><\/p>\n","protected":false,"gt_translate_keys":[{"key":"rendered","format":"html"}]},"excerpt":{"rendered":"<p>Pas takimit me kreun e K\u00ebshillit Komb\u00ebtar t\u00eb Partis\u00eb Demokratike, Bujar Nishani, kreu i PD-s\u00eb, Basha ka dh\u00ebn\u00eb nj\u00eb deklarat\u00eb p\u00ebr mediat. Ai ka deklaruar se vendimi p\u00ebr djegien e mandateve \u00ebsht\u00eb i pakthyesh\u00ebm dhe se forca politike e drejtuar prej tij nuk do ndalet deri n\u00eb kthimin e normalitetit n\u00eb vend. \u201cNuk ka m\u00eb [&hellip;]<\/p>\n","protected":false,"gt_translate_keys":[{"key":"rendered","format":"html"}]},"author":51,"featured_media":275890,"comment_status":"open","ping_status":"open","sticky":false,"template":"","format":"standard","meta":{"footnotes":""},"categories":[65,13],"tags":[],"class_list":["post-275864","post","type-post","status-publish","format-standard","has-post-thumbnail","hentry","category-lajme","category-te-fundit"],"gt_translate_keys":[{"key":"link","format":"url"}],"_links":{"self":[{"href":"https:\/\/www.hashtag.al\/index.php\/wp-json\/wp\/v2\/posts\/275864","targetHints":{"allow":["GET"]}}],"collection":[{"href":"https:\/\/www.hashtag.al\/index.php\/wp-json\/wp\/v2\/posts"}],"about":[{"href":"https:\/\/www.hashtag.al\/index.php\/wp-json\/wp\/v2\/types\/post"}],"author":[{"embeddable":true,"href":"https:\/\/www.hashtag.al\/index.php\/wp-json\/wp\/v2\/users\/51"}],"replies":[{"embeddable":true,"href":"https:\/\/www.hashtag.al\/index.php\/wp-json\/wp\/v2\/comments?post=275864"}],"version-history":[{"count":0,"href":"https:\/\/www.hashtag.al\/index.php\/wp-json\/wp\/v2\/posts\/275864\/revisions"}],"wp:featuredmedia":[{"embeddable":true,"href":"https:\/\/www.hashtag.al\/index.php\/wp-json\/wp\/v2\/media\/275890"}],"wp:attachment":[{"href":"https:\/\/www.hashtag.al\/index.php\/wp-json\/wp\/v2\/media?parent=275864"}],"wp:term":[{"taxonomy":"category","embeddable":true,"href":"https:\/\/www.hashtag.al\/index.php\/wp-json\/wp\/v2\/categories?post=275864"},{"taxonomy":"post_tag","embeddable":true,"href":"https:\/\/www.hashtag.al\/index.php\/wp-json\/wp\/v2\/tags?post=275864"}],"curies":[{"name":"wp","href":"https:\/\/api.w.org\/{rel}","templated":true}]}}