{"id":275762,"date":"2019-02-18T23:04:33","date_gmt":"2019-02-18T22:04:33","guid":{"rendered":"https:\/\/hashtag.al\/?p=275762"},"modified":"2019-02-18T23:04:33","modified_gmt":"2019-02-18T22:04:33","slug":"bardhi-tregon-pse-asnje-parti-tjeter-nuk-i-merr-mandatet-e-pd-se","status":"publish","type":"post","link":"https:\/\/www.hashtag.al\/index.php\/2019\/02\/18\/bardhi-tregon-pse-asnje-parti-tjeter-nuk-i-merr-mandatet-e-pd-se\/","title":{"rendered":"Bardhi tregon pse asnj\u00eb parti tjet\u00ebr nuk i merr mandatet e PD-s\u00eb","gt_translate_keys":[{"key":"rendered","format":"text"}]},"content":{"rendered":"<p><img loading=\"lazy\" decoding=\"async\" class=\"aligncenter size-full wp-image-233391\" src=\"https:\/\/hashtag.al\/wp-content\/uploads\/2018\/09\/gazmend-bardhi-770x425.jpg\" alt=\"\" width=\"770\" height=\"425\" \/><\/p>\n<p><span style=\"color: #000000;\">Sekretari i P\u00ebrgjithsh\u00ebm i Partis\u00eb Demokratike, Gazmend Bardhi, i ftuar n\u00eb emisionin \u201cOpinion\u201d, ka dh\u00ebn\u00eb shkaqet q\u00eb detyruan opozit\u00ebn t\u00eb vendos\u00eb p\u00ebr djegien e mandateve si edhe ka p\u00ebrmendur se pse mandatet e PD-s\u00eb nuk i merr asnj\u00eb parti tjet\u00ebr.<\/span><\/p>\n<p><span style=\"color: #000000;\">\u201c<em>Kemi ndjekur prej nj\u00eb viti e gjys\u00ebm t\u00eb gjitha rrug\u00ebt institucionale p\u00ebr t\u00eb zgjidhur kriz\u00ebn ku e ka futur vendin Edi Rama. Kemi publikuar me prova me fakte dhe ai p\u00ebrfaqsim n\u00eb Kuvend nuk \u00ebsht\u00eb legjitim. Kemi ofruar nj\u00eb zgjidhje tjet\u00ebr institucionale q\u00eb ishte vettingu n\u00eb politik\u00eb, Edi Rama e mori inicativ\u00ebn kushtetuese t\u00eb opozit\u00ebs e hodhi n\u00eb kosh. Ai qeveris fal\u00eb dosjes 339. Kemi k\u00ebrkuar me k\u00ebmb\u00ebngulje d\u00ebnimin e \u00e7do deputeti apo njeriu tjet\u00ebr q\u00eb \u00ebsht\u00eb kapur n\u00eb vjedhjen e votave<\/em>\u201d- deklaroi Bardhi.<\/span><\/p>\n<p><span style=\"color: #000000;\">\u201c<em>Kthehemi n\u00eb nj\u00eb Parlament monopartiak dhe kjo \u00ebsht\u00eb p\u00ebrgjegj\u00ebsi e Edi Ram\u00ebs. E gjith\u00eb lista e PD-s\u00eb do t\u00eb ezaurohet dhe ligji nuk thot\u00eb m\u00eb pas. Duhet t\u00eb shteroj\u00eb vet\u00ebm lista e PD dhe nuk ka m\u00eb tutje sepse n\u00eb zgjedhjet e kaluara nuk kishim koalicio<\/em>n\u201d- deklaroi m\u00eb tej Bardhi.<\/span><\/p>\n","protected":false,"gt_translate_keys":[{"key":"rendered","format":"html"}]},"excerpt":{"rendered":"<p>Sekretari i P\u00ebrgjithsh\u00ebm i Partis\u00eb Demokratike, Gazmend Bardhi, i ftuar n\u00eb emisionin \u201cOpinion\u201d, ka dh\u00ebn\u00eb shkaqet q\u00eb detyruan opozit\u00ebn t\u00eb vendos\u00eb p\u00ebr djegien e mandateve si edhe ka p\u00ebrmendur se pse mandatet e PD-s\u00eb nuk i merr asnj\u00eb parti tjet\u00ebr. \u201cKemi ndjekur prej nj\u00eb viti e gjys\u00ebm t\u00eb gjitha rrug\u00ebt institucionale p\u00ebr t\u00eb zgjidhur kriz\u00ebn [&hellip;]<\/p>\n","protected":false,"gt_translate_keys":[{"key":"rendered","format":"html"}]},"author":32,"featured_media":233391,"comment_status":"open","ping_status":"open","sticky":false,"template":"","format":"standard","meta":{"footnotes":""},"categories":[65,13],"tags":[],"class_list":["post-275762","post","type-post","status-publish","format-standard","has-post-thumbnail","hentry","category-lajme","category-te-fundit"],"gt_translate_keys":[{"key":"link","format":"url"}],"_links":{"self":[{"href":"https:\/\/www.hashtag.al\/index.php\/wp-json\/wp\/v2\/posts\/275762","targetHints":{"allow":["GET"]}}],"collection":[{"href":"https:\/\/www.hashtag.al\/index.php\/wp-json\/wp\/v2\/posts"}],"about":[{"href":"https:\/\/www.hashtag.al\/index.php\/wp-json\/wp\/v2\/types\/post"}],"author":[{"embeddable":true,"href":"https:\/\/www.hashtag.al\/index.php\/wp-json\/wp\/v2\/users\/32"}],"replies":[{"embeddable":true,"href":"https:\/\/www.hashtag.al\/index.php\/wp-json\/wp\/v2\/comments?post=275762"}],"version-history":[{"count":0,"href":"https:\/\/www.hashtag.al\/index.php\/wp-json\/wp\/v2\/posts\/275762\/revisions"}],"wp:featuredmedia":[{"embeddable":true,"href":"https:\/\/www.hashtag.al\/index.php\/wp-json\/"}],"wp:attachment":[{"href":"https:\/\/www.hashtag.al\/index.php\/wp-json\/wp\/v2\/media?parent=275762"}],"wp:term":[{"taxonomy":"category","embeddable":true,"href":"https:\/\/www.hashtag.al\/index.php\/wp-json\/wp\/v2\/categories?post=275762"},{"taxonomy":"post_tag","embeddable":true,"href":"https:\/\/www.hashtag.al\/index.php\/wp-json\/wp\/v2\/tags?post=275762"}],"curies":[{"name":"wp","href":"https:\/\/api.w.org\/{rel}","templated":true}]}}