{"id":275700,"date":"2019-02-18T18:36:05","date_gmt":"2019-02-18T17:36:05","guid":{"rendered":"https:\/\/hashtag.al\/?p=275700"},"modified":"2019-02-18T18:39:36","modified_gmt":"2019-02-18T17:39:36","slug":"lsi-zbulon-arsyet-pse-vendosi-te-djege-mandatet","status":"publish","type":"post","link":"https:\/\/www.hashtag.al\/index.php\/2019\/02\/18\/lsi-zbulon-arsyet-pse-vendosi-te-djege-mandatet\/","title":{"rendered":"LSI zbulon arsyet pse vendosi t\u00eb djeg\u00eb mandatet","gt_translate_keys":[{"key":"rendered","format":"text"}]},"content":{"rendered":"<p><span style=\"color: #000000;\"><img loading=\"lazy\" decoding=\"async\" class=\"aligncenter size-full wp-image-275507\" src=\"https:\/\/hashtag.al\/wp-content\/uploads\/2019\/02\/Kryemadhi-grupi.jpeg\" alt=\"\" width=\"900\" height=\"600\" srcset=\"https:\/\/www.hashtag.al\/wp-content\/uploads\/2019\/02\/Kryemadhi-grupi.jpeg 900w, https:\/\/www.hashtag.al\/wp-content\/uploads\/2019\/02\/Kryemadhi-grupi-300x200.jpeg 300w, https:\/\/www.hashtag.al\/wp-content\/uploads\/2019\/02\/Kryemadhi-grupi-768x512.jpeg 768w\" sizes=\"auto, (max-width: 900px) 100vw, 900px\" \/><\/span><\/p>\n<p><span style=\"color: #000000;\">Opozita e Bashkuar sot doli me vendimin p\u00ebr t\u00eb djegur mandatet e deputet\u00ebve, duke e konsideruar si zgjidhjen e vetme p\u00ebr t\u00eb arritur n\u00eb qeveri tranzitore dhe zgjedhje t\u00eb parakoshme.<\/span><\/p>\n<p><span style=\"color: #000000;\">P\u00ebrmes nj\u00eb dklarate p\u00ebr shtyp, grupi Parlamentar i LSI-s\u00eb ka dh\u00ebn\u00eb arsyet se pse kan\u00eb arritur n\u00eb k\u00ebt\u00eb p\u00ebrfundim.<\/span><\/p>\n<p><span style=\"color: #000000;\">L\u00ebnia e vendit pa Gjykat\u00eb Kushtetuese, dhe jo-legjitimiteti i mazhoranc\u00ebs, rritja e taksave, korrupsioni dhe shum\u00eb arsye t\u00eb tjera, sipas LSI-s\u00eb jan\u00eb t\u00eb mjaftueshme p\u00ebr t\u00eb vler\u00ebsuar se djegja e mandateve \u00ebsht\u00eb rruga e vetme.<\/span><\/p>\n<p><span style=\"color: #000000;\">K\u00ebshtu grupi Parlamentar, vendosi djegjen e mandateve dhe mandatoi Kryetaren e LSI-s\u00eb Monika Kryemadhin p\u00ebr t\u00eb nd\u00ebrmarr\u00eb t\u00eb gjith\u00eb hapat statutore dhe politike n\u00eb p\u00ebrmbushje t\u00eb k\u00ebtij vendimi.<\/span><\/p>\n<p><strong><span style=\"color: #000000;\">Deklarata e LSI-s\u00eb<\/span><\/strong><\/p>\n<p><span style=\"color: #000000;\">Me shqet\u00ebsimin kritik dhe n\u00eb rritje p\u00ebr <strong>rr\u00ebnimin dhe asgjesimin e funksionimit t\u00eb Kuvendit,<\/strong> si institucioni themelor i Republik\u00ebs s\u00eb Shqip\u00ebris\u00eb p\u00ebr shkak t\u00eb arroganc\u00ebs dhe paligjshm\u00ebris\u00eb s\u00eb mazhoranc\u00ebs parlamentare,<\/span><\/p>\n<p><span style=\"color: #000000;\">Me shqetesimin e jasht\u00ebzakonsh\u00ebm p\u00ebr uzurpimin dhe k<strong>apjen nga mazhoranca t\u00eb sistemit t\u00eb drejt\u00ebsis\u00eb<\/strong> dhe l\u00ebnien e vendit pa Gjykat\u00eb Kushtetuese,\u00a0<\/span><\/p>\n<p><span style=\"color: #000000;\">Me shqet\u00ebsimin madhor p\u00ebr<strong> shkat\u00ebrrimin e elementit themelor t\u00eb demokracis\u00eb<\/strong>, ndarjen e pushteteve dhe kontrollin dhe balanc\u00ebn mbi pushtetet,\u00a0\u00a0<\/span><\/p>\n<p><span style=\"color: #000000;\">Me v\u00ebrtetimin bot\u00ebrisht nga media nd\u00ebrkomb\u00ebtare dhe dosjet gjyq\u00ebsore t\u00eb ilegjitimitetit t\u00eb faktuar t\u00eb k\u00ebsaj qeverie dhe maxhorance p\u00ebr shkak t\u00eb <strong>vjedhjes s\u00eb vot\u00ebs dhe kriminalizimit<\/strong> t\u00eb procesit zgjedhor nga kjo mazhoranc\u00eb\u00a0\u00a0n\u00eb zgjedhjet e 2017,\u00a0\u00a0<\/span><\/p>\n<p><span style=\"color: #000000;\">Me bindjen se <strong>paligjshm\u00ebria e k\u00ebsaj mazhorance<\/strong> t\u00eb krijuar nga vjedhja dhe kriminalizimi i vot\u00ebs \u00ebsht\u00eb burim themelor p\u00ebr konfliktualitetin ekstrem politik, keq-qeverisjen e thell\u00eb t\u00eb vendit, t\u00eb v\u00ebrtetuar nga skandalet e p\u00ebrditshme dhe pand\u00ebshkueshm\u00ebria e fajtor\u00ebve<\/span><\/p>\n<p><span style=\"color: #000000;\">Thell\u00ebsisht t\u00eb shqet\u00ebsuar p\u00ebr <strong>munges\u00ebn totale t\u00eb vullnetit t\u00eb mazhoranc\u00ebs<\/strong> p\u00ebr t\u00eb realizuar reformat e nevojshme p\u00ebr hapjen e negociatave p\u00ebr antar\u00ebsim n\u00eb BE,<\/span><\/p>\n<p><span style=\"color: #000000;\">Duke vler\u00ebsuar t\u00eb q\u00ebllimshme sjelljen e mazhoranc\u00ebs p\u00ebrpara <strong>detyrimit p\u00ebr t\u00eb realizuar reform\u00ebn zgjedhore<\/strong>, p\u00ebr t\u00eb garantuar nj\u00eb proces zgjedhor t\u00eb lir\u00eb e t\u00eb ndersh\u00ebm n\u00eb zgjedhjet e ardhshme,<\/span><\/p>\n<p><span style=\"color: #000000;\">Duke vler\u00ebsuar me shum\u00eb shqet\u00ebsim <strong>p\u00ebrkeq\u00ebsimin trondit\u00ebs t\u00eb gjendjes ekonomike<\/strong>, rritjen e taksave, korrupsionin galopant, dhe shkat\u00ebrrimin e besimit tek qytetar\u00ebt dhe ve\u00e7an\u00ebrisht rinia, e cila po largohet masivisht,<\/span><\/p>\n<p><span style=\"color: #000000;\">Demostrimi i munges\u00ebs s\u00eb plot\u00eb t\u00eb vullnetit nga mazhoranca p\u00ebr t\u00eb kthyer n\u00eb normalitet ligjor <strong>dialogun politik<\/strong> dhe funksionimin e kuvendit, si dhe injorimi, bullizimi dhe dhunimi i opozit\u00ebs parlamentare nga ana e saj,<\/span><\/p>\n<p><span style=\"color: #000000;\">Duke mb\u00ebshtetur plot\u00ebsisht zgjidhjen politike t\u00eb ofruar nga opozita e bashkuar,<strong> t\u00eb nj\u00eb qeverie tranzitore<\/strong>, t\u00eb gatshme p\u00ebr t\u00eb nd\u00ebrmarr\u00eb t\u00eb gjith\u00eb hapat e nevojsh\u00ebm, q\u00eb do t\u00eb garantojn\u00eb zgjedhje t\u00eb lira dhe t\u00eb ndershme dhe zhbllokimin e procesit t\u00eb integrimit europian t\u00eb Shqip\u00ebris\u00eb, hapjes s\u00eb negociatave me Bashkimin Europian, p\u00ebrmes zgjedhjeve t\u00eb lira dhe t\u00eb ndershme t\u00eb parakohshme parlamentare;<\/span><\/p>\n<p><span style=\"color: #000000;\">Grupi Parlamentar i LSI vler\u00ebson se djegja e mandateve \u00ebsht\u00eb rruga e vetme p\u00ebr t\u00eb rikthyer shtetin e s\u00eb drejt\u00ebs dhe legjitimitetin e qeverisjes p\u00ebrmes vot\u00ebs s\u00eb lire.<\/span><\/p>\n<p><span style=\"color: #000000;\">Prandaj, Grupi Parlamentar, vendosi djegjen e mandateve dhe mandatoi Kryetaren e LSI p\u00ebr t\u00eb nd\u00ebrmarr\u00eb t\u00eb gjith\u00eb hapat statutore dhe politike n\u00eb p\u00ebrmbushje t\u00eb k\u00ebtij vendimi.<\/span><\/p>\n","protected":false,"gt_translate_keys":[{"key":"rendered","format":"html"}]},"excerpt":{"rendered":"<p>Opozita e Bashkuar sot doli me vendimin p\u00ebr t\u00eb djegur mandatet e deputet\u00ebve, duke e konsideruar si zgjidhjen e vetme p\u00ebr t\u00eb arritur n\u00eb qeveri tranzitore dhe zgjedhje t\u00eb parakoshme. P\u00ebrmes nj\u00eb dklarate p\u00ebr shtyp, grupi Parlamentar i LSI-s\u00eb ka dh\u00ebn\u00eb arsyet se pse kan\u00eb arritur n\u00eb k\u00ebt\u00eb p\u00ebrfundim. L\u00ebnia e vendit pa Gjykat\u00eb Kushtetuese, [&hellip;]<\/p>\n","protected":false,"gt_translate_keys":[{"key":"rendered","format":"html"}]},"author":30,"featured_media":275507,"comment_status":"open","ping_status":"open","sticky":false,"template":"","format":"standard","meta":{"footnotes":""},"categories":[65,13],"tags":[],"class_list":["post-275700","post","type-post","status-publish","format-standard","has-post-thumbnail","hentry","category-lajme","category-te-fundit"],"gt_translate_keys":[{"key":"link","format":"url"}],"_links":{"self":[{"href":"https:\/\/www.hashtag.al\/index.php\/wp-json\/wp\/v2\/posts\/275700","targetHints":{"allow":["GET"]}}],"collection":[{"href":"https:\/\/www.hashtag.al\/index.php\/wp-json\/wp\/v2\/posts"}],"about":[{"href":"https:\/\/www.hashtag.al\/index.php\/wp-json\/wp\/v2\/types\/post"}],"author":[{"embeddable":true,"href":"https:\/\/www.hashtag.al\/index.php\/wp-json\/wp\/v2\/users\/30"}],"replies":[{"embeddable":true,"href":"https:\/\/www.hashtag.al\/index.php\/wp-json\/wp\/v2\/comments?post=275700"}],"version-history":[{"count":0,"href":"https:\/\/www.hashtag.al\/index.php\/wp-json\/wp\/v2\/posts\/275700\/revisions"}],"wp:featuredmedia":[{"embeddable":true,"href":"https:\/\/www.hashtag.al\/index.php\/wp-json\/wp\/v2\/media\/275507"}],"wp:attachment":[{"href":"https:\/\/www.hashtag.al\/index.php\/wp-json\/wp\/v2\/media?parent=275700"}],"wp:term":[{"taxonomy":"category","embeddable":true,"href":"https:\/\/www.hashtag.al\/index.php\/wp-json\/wp\/v2\/categories?post=275700"},{"taxonomy":"post_tag","embeddable":true,"href":"https:\/\/www.hashtag.al\/index.php\/wp-json\/wp\/v2\/tags?post=275700"}],"curies":[{"name":"wp","href":"https:\/\/api.w.org\/{rel}","templated":true}]}}