{"id":275562,"date":"2019-02-18T11:18:05","date_gmt":"2019-02-18T10:18:05","guid":{"rendered":"https:\/\/hashtag.al\/?p=275562"},"modified":"2019-02-18T13:22:00","modified_gmt":"2019-02-18T12:22:00","slug":"edi-rama-sbesoj-se-opozita-do-i-djege-mandatet","status":"publish","type":"post","link":"https:\/\/www.hashtag.al\/index.php\/2019\/02\/18\/edi-rama-sbesoj-se-opozita-do-i-djege-mandatet\/","title":{"rendered":"Edi Rama: S&#8217;besoj se opozita do i djeg\u00eb mandatet!","gt_translate_keys":[{"key":"rendered","format":"text"}]},"content":{"rendered":"<p><span style=\"color: #000000;\"><img loading=\"lazy\" decoding=\"async\" class=\"aligncenter size-full wp-image-275498\" src=\"https:\/\/hashtag.al\/wp-content\/uploads\/2019\/02\/rama-grupi.jpg\" alt=\"\" width=\"900\" height=\"600\" srcset=\"https:\/\/www.hashtag.al\/wp-content\/uploads\/2019\/02\/rama-grupi.jpg 900w, https:\/\/www.hashtag.al\/wp-content\/uploads\/2019\/02\/rama-grupi-300x200.jpg 300w, https:\/\/www.hashtag.al\/wp-content\/uploads\/2019\/02\/rama-grupi-768x512.jpg 768w\" sizes=\"auto, (max-width: 900px) 100vw, 900px\" \/><\/span><\/p>\n<p><span style=\"color: #000000;\">Krahas mbledhjes s\u00eb grupit parlamentar t\u00eb PS-s\u00eb, dhe t\u00eb LSI-s\u00eb, edhe kryeministri Edi Rama mblodhi socialist\u00ebt n\u00eb nj\u00eb mbledhje grupi.<\/span><\/p>\n<p><span style=\"color: #000000;\">N\u00eb k\u00ebt\u00eb mbledhje, m\u00ebsohet se pavar\u00ebsisht vendimit t\u00eb opozit\u00ebs p\u00ebr djegien e mandateve, Rama iu ka k\u00ebrkuar deputet\u00ebve t\u00eb PS-s\u00eb q\u00eb t\u00eb organizohen p\u00ebr zgjedhjet vendore.<\/span><\/p>\n<p><span style=\"color: #000000;\">Sipas Ram\u00ebs, opozita nuk do i djeg\u00eb mandatet pasi nuk do gjejn\u00eb konsensus.<\/span><\/p>\n<p><span style=\"color: #000000;\"><em>&#8220;Organizim p\u00ebr zgjedhjet vendore pavar\u00ebsisht se \u00e7far\u00eb b\u00ebn opozita. Un\u00eb nuk besoj se opozita do gjej\u00eb konsensus p\u00ebr t\u00eb djegur e mandatet. Ne duhet t\u00eb p\u00ebrmir\u00ebsohemi. Mes shpifjeve t\u00eb kund\u00ebrshtar\u00ebve t\u00eb shohim \u00e7far\u00eb nuk shkon me ne.\u00a0Djegia e mandateve \u00ebsht\u00eb nj\u00eb \u00e7ad\u00ebr n\u00eb form\u00eb bojkoti p\u00ebr zgjedhjet. Mes tyre v\u00ebshtir\u00eb t\u00eb ket\u00eb konsensus p\u00ebr djegie mandatesh. Lulzimi po luan blofin. Ne do t\u00eb ecim drejt, duke d\u00ebgjuar njer\u00ebzit. P\u00ebrg\u00ebzime policis\u00eb p\u00ebr menaxhimin e protest\u00ebs. Protesta e gatuar p\u00ebr dhun\u00eb e destabilizim. Opozita d\u00ebshtoi me sukses n\u00eb orvatjen e saj dhe tani premton djegie mandatesh.<\/em><em>\u201d &#8211;<\/em>\u00a0\u00ebsht\u00eb shprehur Rama.<\/span><\/p>\n<p><span style=\"color: #000000;\">Po ashtu deputet\u00ebt socialist\u00eb jan\u00eb shprehur n\u00eb mbledhje se Parlamenti \u00ebsht\u00eb legjitim edhe pa opozit\u00ebn.<\/span><\/p>\n<p><span style=\"color: #000000;\">Sakaq n\u00eb mbledhjen e Partis\u00eb Demokratike, kryetari Lulzim Basha ka shprehur t\u00eb nj\u00ebjtim q\u00ebndim si t\u00eb diel\u00ebn p\u00ebr djegien e mandateve. Sipas Bash\u00ebs ky \u00ebsht\u00eb nj\u00eb borxh ndaj qytetar\u00ebve.<\/span><\/p>\n<p>&nbsp;<\/p>\n","protected":false,"gt_translate_keys":[{"key":"rendered","format":"html"}]},"excerpt":{"rendered":"<p>Krahas mbledhjes s\u00eb grupit parlamentar t\u00eb PS-s\u00eb, dhe t\u00eb LSI-s\u00eb, edhe kryeministri Edi Rama mblodhi socialist\u00ebt n\u00eb nj\u00eb mbledhje grupi. N\u00eb k\u00ebt\u00eb mbledhje, m\u00ebsohet se pavar\u00ebsisht vendimit t\u00eb opozit\u00ebs p\u00ebr djegien e mandateve, Rama iu ka k\u00ebrkuar deputet\u00ebve t\u00eb PS-s\u00eb q\u00eb t\u00eb organizohen p\u00ebr zgjedhjet vendore. Sipas Ram\u00ebs, opozita nuk do i djeg\u00eb mandatet pasi [&hellip;]<\/p>\n","protected":false,"gt_translate_keys":[{"key":"rendered","format":"html"}]},"author":30,"featured_media":275498,"comment_status":"open","ping_status":"open","sticky":false,"template":"","format":"standard","meta":{"footnotes":""},"categories":[65,13],"tags":[],"class_list":["post-275562","post","type-post","status-publish","format-standard","has-post-thumbnail","hentry","category-lajme","category-te-fundit"],"gt_translate_keys":[{"key":"link","format":"url"}],"_links":{"self":[{"href":"https:\/\/www.hashtag.al\/index.php\/wp-json\/wp\/v2\/posts\/275562","targetHints":{"allow":["GET"]}}],"collection":[{"href":"https:\/\/www.hashtag.al\/index.php\/wp-json\/wp\/v2\/posts"}],"about":[{"href":"https:\/\/www.hashtag.al\/index.php\/wp-json\/wp\/v2\/types\/post"}],"author":[{"embeddable":true,"href":"https:\/\/www.hashtag.al\/index.php\/wp-json\/wp\/v2\/users\/30"}],"replies":[{"embeddable":true,"href":"https:\/\/www.hashtag.al\/index.php\/wp-json\/wp\/v2\/comments?post=275562"}],"version-history":[{"count":0,"href":"https:\/\/www.hashtag.al\/index.php\/wp-json\/wp\/v2\/posts\/275562\/revisions"}],"wp:featuredmedia":[{"embeddable":true,"href":"https:\/\/www.hashtag.al\/index.php\/wp-json\/wp\/v2\/media\/275498"}],"wp:attachment":[{"href":"https:\/\/www.hashtag.al\/index.php\/wp-json\/wp\/v2\/media?parent=275562"}],"wp:term":[{"taxonomy":"category","embeddable":true,"href":"https:\/\/www.hashtag.al\/index.php\/wp-json\/wp\/v2\/categories?post=275562"},{"taxonomy":"post_tag","embeddable":true,"href":"https:\/\/www.hashtag.al\/index.php\/wp-json\/wp\/v2\/tags?post=275562"}],"curies":[{"name":"wp","href":"https:\/\/api.w.org\/{rel}","templated":true}]}}