{"id":275506,"date":"2019-02-18T09:34:20","date_gmt":"2019-02-18T08:34:20","guid":{"rendered":"https:\/\/hashtag.al\/?p=275506"},"modified":"2019-02-18T12:09:39","modified_gmt":"2019-02-18T11:09:39","slug":"edhe-lsi-mbledhje-grupi-per-djegien-e-mandateve","status":"publish","type":"post","link":"https:\/\/www.hashtag.al\/index.php\/2019\/02\/18\/edhe-lsi-mbledhje-grupi-per-djegien-e-mandateve\/","title":{"rendered":"Edhe LSI mbledhje grupi p\u00ebr djegien e mandateve","gt_translate_keys":[{"key":"rendered","format":"text"}]},"content":{"rendered":"<p><img loading=\"lazy\" decoding=\"async\" class=\"aligncenter size-full wp-image-275507\" src=\"https:\/\/hashtag.al\/wp-content\/uploads\/2019\/02\/Kryemadhi-grupi.jpeg\" alt=\"\" width=\"900\" height=\"600\" srcset=\"https:\/\/www.hashtag.al\/wp-content\/uploads\/2019\/02\/Kryemadhi-grupi.jpeg 900w, https:\/\/www.hashtag.al\/wp-content\/uploads\/2019\/02\/Kryemadhi-grupi-300x200.jpeg 300w, https:\/\/www.hashtag.al\/wp-content\/uploads\/2019\/02\/Kryemadhi-grupi-768x512.jpeg 768w\" sizes=\"auto, (max-width: 900px) 100vw, 900px\" \/><\/p>\n<p><span style=\"color: #000000;\">Pas propozimit t\u00eb liderit demokrat Lulzim Basha p\u00ebr djegjen e mandateve t\u00eb deputet\u00ebve t\u00eb opozit\u00ebs, edhe L\u00ebvizja Socialiste p\u00ebr Integrim ka lajm\u00ebruar nj\u00eb mbledhje grupi.<\/span><\/p>\n<p><span style=\"color: #000000;\">Pas mbledhjes s\u00eb grupit t\u00eb PD-s\u00eb n\u00eb or\u00ebn 10:00, edhe LSI do t\u00eb ket\u00eb mbledhje grupi n\u00eb or\u00ebn 13:00 pik\u00ebrisht p\u00ebr t\u00eb nj\u00ebjt\u00ebn \u00e7\u00ebshtje.<\/span><\/p>\n<p><span style=\"color: #000000;\">N\u00eb nj\u00eb konferenc\u00eb t\u00eb posa\u00e7me p\u00ebr mediat, 24 or\u00eb pas protest\u00ebs masive n\u00eb sheshin para Kryeministris\u00eb, kryetari i Partis\u00eb Demokratike lajm\u00ebroi djegien e mandateve parlamentare t\u00eb opozit\u00ebs, pasi si\u00e7 tha, e ka lexuar mjaft qart\u00eb mesazhin e popullit n\u00eb protest\u00ebn e s\u00eb shtun\u00ebs.<\/span><\/p>\n<p><span style=\"color: #000000;\"><em>\u201cNdaj un\u00eb jam sot k\u00ebtu p\u00ebr t\u2019ju th\u00ebn\u00eb me p\u00ebrgjegj\u00ebsi t\u00eb plot\u00eb se e kam lexuar vullnetin tuaj. Ndaj kam vendosur t\u2019i propozoj grupit parlamentar dhe forumeve m\u00eb t\u00eb larta vendimmarr\u00ebse t\u00eb Partis\u00eb Demokratike t\u00eb Shqip\u00ebris\u00eb djegien e mandatave parlamentare n\u00eb mb\u00ebshtetje t\u00eb q\u00ebllimit dhe aspirat\u00ebs q\u00eb ju dje d\u00ebshmuat se \u00ebsht\u00eb mbar\u00ebkomb\u00ebtare, europiane dhe e pandalshme, mbrojtjen e demokracis\u00eb dhe shtetit t\u00eb s\u00eb drejt\u00ebs, Shqip\u00ebrin\u00eb si gjith\u00eb Europa, qeverin\u00eb tranzitore dhe zgjedhje t\u00eb lira dhe t\u00eb ndershme, parlament t\u00eb popullit dhe jo t\u00eb krimit\u201d,<\/em>\u00a0u shpreh Basha.<\/span><\/p>\n<p><span style=\"color: #000000;\">P\u00ebrmes k\u00ebsaj opozita synon t\u00eb shkoj\u00eb n\u00eb qeveri tranzitore dhe zgjedhje t\u00eb parakoshme parlamentare. \u00a0<\/span><\/p>\n","protected":false,"gt_translate_keys":[{"key":"rendered","format":"html"}]},"excerpt":{"rendered":"<p>Pas propozimit t\u00eb liderit demokrat Lulzim Basha p\u00ebr djegjen e mandateve t\u00eb deputet\u00ebve t\u00eb opozit\u00ebs, edhe L\u00ebvizja Socialiste p\u00ebr Integrim ka lajm\u00ebruar nj\u00eb mbledhje grupi. Pas mbledhjes s\u00eb grupit t\u00eb PD-s\u00eb n\u00eb or\u00ebn 10:00, edhe LSI do t\u00eb ket\u00eb mbledhje grupi n\u00eb or\u00ebn 13:00 pik\u00ebrisht p\u00ebr t\u00eb nj\u00ebjt\u00ebn \u00e7\u00ebshtje. N\u00eb nj\u00eb konferenc\u00eb t\u00eb posa\u00e7me p\u00ebr [&hellip;]<\/p>\n","protected":false,"gt_translate_keys":[{"key":"rendered","format":"html"}]},"author":30,"featured_media":275507,"comment_status":"open","ping_status":"open","sticky":false,"template":"","format":"standard","meta":{"footnotes":""},"categories":[65,13],"tags":[],"class_list":["post-275506","post","type-post","status-publish","format-standard","has-post-thumbnail","hentry","category-lajme","category-te-fundit"],"gt_translate_keys":[{"key":"link","format":"url"}],"_links":{"self":[{"href":"https:\/\/www.hashtag.al\/index.php\/wp-json\/wp\/v2\/posts\/275506","targetHints":{"allow":["GET"]}}],"collection":[{"href":"https:\/\/www.hashtag.al\/index.php\/wp-json\/wp\/v2\/posts"}],"about":[{"href":"https:\/\/www.hashtag.al\/index.php\/wp-json\/wp\/v2\/types\/post"}],"author":[{"embeddable":true,"href":"https:\/\/www.hashtag.al\/index.php\/wp-json\/wp\/v2\/users\/30"}],"replies":[{"embeddable":true,"href":"https:\/\/www.hashtag.al\/index.php\/wp-json\/wp\/v2\/comments?post=275506"}],"version-history":[{"count":0,"href":"https:\/\/www.hashtag.al\/index.php\/wp-json\/wp\/v2\/posts\/275506\/revisions"}],"wp:featuredmedia":[{"embeddable":true,"href":"https:\/\/www.hashtag.al\/index.php\/wp-json\/wp\/v2\/media\/275507"}],"wp:attachment":[{"href":"https:\/\/www.hashtag.al\/index.php\/wp-json\/wp\/v2\/media?parent=275506"}],"wp:term":[{"taxonomy":"category","embeddable":true,"href":"https:\/\/www.hashtag.al\/index.php\/wp-json\/wp\/v2\/categories?post=275506"},{"taxonomy":"post_tag","embeddable":true,"href":"https:\/\/www.hashtag.al\/index.php\/wp-json\/wp\/v2\/tags?post=275506"}],"curies":[{"name":"wp","href":"https:\/\/api.w.org\/{rel}","templated":true}]}}