{"id":275465,"date":"2019-02-18T07:29:54","date_gmt":"2019-02-18T06:29:54","guid":{"rendered":"https:\/\/hashtag.al\/?p=275465"},"modified":"2019-02-18T07:33:25","modified_gmt":"2019-02-18T06:33:25","slug":"netanyahu-jep-doreheqjen-si-minister-i-jashtem-por-mban-tre-postet-e-tjera","status":"publish","type":"post","link":"https:\/\/www.hashtag.al\/index.php\/2019\/02\/18\/netanyahu-jep-doreheqjen-si-minister-i-jashtem-por-mban-tre-postet-e-tjera\/","title":{"rendered":"Netanyahu jep dor\u00ebheqjen si minist\u00ebr i Jasht\u00ebm, por mban tre postet e tjera","gt_translate_keys":[{"key":"rendered","format":"text"}]},"content":{"rendered":"<p><span style=\"color: #000000;\"><img loading=\"lazy\" decoding=\"async\" class=\"aligncenter size-full wp-image-275466\" src=\"https:\/\/hashtag.al\/wp-content\/uploads\/2019\/02\/netanyahu.jpg\" alt=\"\" width=\"980\" height=\"551\" \/><\/span><\/p>\n<p><span style=\"color: #000000;\">Kryeministri izraelit Benjamin Netanyahu ka dh\u00ebn\u00eb dor\u00ebheqjen si minist\u00ebr i Jasht\u00ebm, pas nj\u00eb peticioni n\u00eb Gjykat\u00ebn e Lart\u00eb q\u00eb argumentonte se ishte e pamundur q\u00eb ai t\u00eb mbante nj\u00ebkoh\u00ebsisht edhe postin e kryeministrit, ministrit t\u00eb Sh\u00ebndetit, t\u00eb Mbrojtjes dhe at\u00eb \u00a0t\u00eb ministrit t\u00eb Jasht\u00ebm.<\/span><\/p>\n<p><span style=\"color: #000000;\">K\u00ebshtu vet\u00ebm dy muaj para zgjedhjeve t\u00eb p\u00ebrgjithshme izraelite, <span style=\"color: #0000ff;\"><a style=\"color: #0000ff;\" href=\"https:\/\/www.rt.com\/news\/451693-netanyahu-foreign-minister-resigns\/\">&#8220;RT&#8221;<\/a><\/span> shkruan se Netanyahu dor\u00ebzoi detyr\u00ebn e tij si minist\u00ebr i jasht\u00ebm i vendit, detyr\u00eb t\u00eb cilin ai e mori n\u00eb vitin 2015.<\/span><\/p>\n<p><span style=\"color: #000000;\">Peticioni kund\u00ebr Netanyahu-t nisi n\u00eb dhjetor, kur ai ende mbante kat\u00ebr poste ministrash, p\u00ebrve\u00e7 atij t\u00eb kryeministrit.<\/span><\/p>\n<p><span style=\"color: #000000;\">Duke u p\u00ebrballur me nj\u00eb sfid\u00eb t\u00eb mundshme ligjore p\u00ebrpara zgjedhjeve vendimtare m\u00eb 9 prill, Netanyahu dha dor\u00ebheqjen si minist\u00ebr i imigracionit n\u00eb dhjetor, duke em\u00ebruar ministren e turizmit, Yariv Levin, n\u00eb post.<\/span><\/p>\n<p><span style=\"color: #000000;\">Netanyahu ishte zotuar t\u00eb hiqte dor\u00ebe nga t\u00eb qenit minist\u00ebr i jasht\u00ebm deri n\u00eb janar, por nuk pranoi t\u00eb dor\u00ebzoj\u00eb detyr\u00eb. Por pas peticionit, Netanyahu p\u00ebrfundimisht njoftoi t\u00eb enjten se do t\u00eb heq\u00eb dor\u00eb nga ky funksion deri n\u00eb fund t\u00eb jav\u00ebs.Por dy detyrat e tjera ministrore, do i mbaj\u00eb ende krahas detyr\u00ebs s\u00eb kryeministrit.<\/span><\/p>\n<p><span style=\"color: #000000;\">K\u00ebt\u00eb t\u00eb djel\u00eb, gjat\u00eb nj\u00eb takimi t\u00eb kabinetit, Netanyahu em\u00ebroi ministrin e inteligjenc\u00ebs, Yisrael Katz, i cili tanim\u00eb mban tre poste ministrore, pasi ai \u00ebsht\u00eb gjithashtu minist\u00ebr i transportit.<\/span><\/p>\n<p><img loading=\"lazy\" decoding=\"async\" class=\"aligncenter size-full wp-image-275471\" src=\"https:\/\/hashtag.al\/wp-content\/uploads\/2019\/02\/Beniamin-Netanyahu.jpg\" alt=\"\" width=\"980\" height=\"551\" srcset=\"https:\/\/www.hashtag.al\/wp-content\/uploads\/2019\/02\/Beniamin-Netanyahu.jpg 980w, https:\/\/www.hashtag.al\/wp-content\/uploads\/2019\/02\/Beniamin-Netanyahu-300x169.jpg 300w, https:\/\/www.hashtag.al\/wp-content\/uploads\/2019\/02\/Beniamin-Netanyahu-768x432.jpg 768w\" sizes=\"auto, (max-width: 980px) 100vw, 980px\" \/><\/p>\n","protected":false,"gt_translate_keys":[{"key":"rendered","format":"html"}]},"excerpt":{"rendered":"<p>Kryeministri izraelit Benjamin Netanyahu ka dh\u00ebn\u00eb dor\u00ebheqjen si minist\u00ebr i Jasht\u00ebm, pas nj\u00eb peticioni n\u00eb Gjykat\u00ebn e Lart\u00eb q\u00eb argumentonte se ishte e pamundur q\u00eb ai t\u00eb mbante nj\u00ebkoh\u00ebsisht edhe postin e kryeministrit, ministrit t\u00eb Sh\u00ebndetit, t\u00eb Mbrojtjes dhe at\u00eb \u00a0t\u00eb ministrit t\u00eb Jasht\u00ebm. K\u00ebshtu vet\u00ebm dy muaj para zgjedhjeve t\u00eb p\u00ebrgjithshme izraelite, &#8220;RT&#8221; shkruan [&hellip;]<\/p>\n","protected":false,"gt_translate_keys":[{"key":"rendered","format":"html"}]},"author":30,"featured_media":275466,"comment_status":"open","ping_status":"open","sticky":false,"template":"","format":"standard","meta":{"footnotes":""},"categories":[6],"tags":[],"class_list":["post-275465","post","type-post","status-publish","format-standard","has-post-thumbnail","hentry","category-nderkombetare"],"gt_translate_keys":[{"key":"link","format":"url"}],"_links":{"self":[{"href":"https:\/\/www.hashtag.al\/index.php\/wp-json\/wp\/v2\/posts\/275465","targetHints":{"allow":["GET"]}}],"collection":[{"href":"https:\/\/www.hashtag.al\/index.php\/wp-json\/wp\/v2\/posts"}],"about":[{"href":"https:\/\/www.hashtag.al\/index.php\/wp-json\/wp\/v2\/types\/post"}],"author":[{"embeddable":true,"href":"https:\/\/www.hashtag.al\/index.php\/wp-json\/wp\/v2\/users\/30"}],"replies":[{"embeddable":true,"href":"https:\/\/www.hashtag.al\/index.php\/wp-json\/wp\/v2\/comments?post=275465"}],"version-history":[{"count":0,"href":"https:\/\/www.hashtag.al\/index.php\/wp-json\/wp\/v2\/posts\/275465\/revisions"}],"wp:featuredmedia":[{"embeddable":true,"href":"https:\/\/www.hashtag.al\/index.php\/wp-json\/wp\/v2\/media\/275466"}],"wp:attachment":[{"href":"https:\/\/www.hashtag.al\/index.php\/wp-json\/wp\/v2\/media?parent=275465"}],"wp:term":[{"taxonomy":"category","embeddable":true,"href":"https:\/\/www.hashtag.al\/index.php\/wp-json\/wp\/v2\/categories?post=275465"},{"taxonomy":"post_tag","embeddable":true,"href":"https:\/\/www.hashtag.al\/index.php\/wp-json\/wp\/v2\/tags?post=275465"}],"curies":[{"name":"wp","href":"https:\/\/api.w.org\/{rel}","templated":true}]}}