{"id":275460,"date":"2019-02-18T07:09:58","date_gmt":"2019-02-18T06:09:58","guid":{"rendered":"https:\/\/hashtag.al\/?p=275460"},"modified":"2019-02-18T08:29:35","modified_gmt":"2019-02-18T07:29:35","slug":"ramen-e-djeg-vetem-zjarri-i-mandateve","status":"publish","type":"post","link":"https:\/\/www.hashtag.al\/index.php\/2019\/02\/18\/ramen-e-djeg-vetem-zjarri-i-mandateve\/","title":{"rendered":"\u00a0Ram\u00ebn e djeg vet\u00ebm zjarri&#8230; i mandateve!","gt_translate_keys":[{"key":"rendered","format":"text"}]},"content":{"rendered":"<p>&nbsp;<\/p>\n<p><img loading=\"lazy\" decoding=\"async\" class=\"alignright wp-image-275461 size-medium\" src=\"https:\/\/hashtag.al\/wp-content\/uploads\/2019\/02\/gurr-300x300.jpg\" alt=\"\" width=\"300\" height=\"300\" srcset=\"https:\/\/www.hashtag.al\/wp-content\/uploads\/2019\/02\/gurr-300x300.jpg 300w, https:\/\/www.hashtag.al\/wp-content\/uploads\/2019\/02\/gurr-150x150.jpg 150w, https:\/\/www.hashtag.al\/wp-content\/uploads\/2019\/02\/gurr-768x768.jpg 768w, https:\/\/www.hashtag.al\/wp-content\/uploads\/2019\/02\/gurr-120x120.jpg 120w, https:\/\/www.hashtag.al\/wp-content\/uploads\/2019\/02\/gurr.jpg 900w\" sizes=\"auto, (max-width: 300px) 100vw, 300px\" \/><\/p>\n<p><strong><span style=\"color: #000000;\">Nga Hysni Gurra<\/span><\/strong><\/p>\n<p><span style=\"color: #000000;\">Propozimi i Bash\u00ebs p\u00ebr \u201cdjegie mandatesh\u201d nuk \u00ebsht\u00eb votuar akoma n\u00eb forumet e partis\u00eb, mbetet vet\u00ebm propozim derisa t\u00eb votohet, por \u00ebsht\u00eb propozim i drejt\u00eb!<\/span><\/p>\n<p><span style=\"color: #000000;\">Radikalizim nuk do t\u00eb thot\u00eb t\u00eb marr\u00ebsh hunjt dhe t\u2019i thyesh xhamat kryeministris\u00eb, si\u00e7 ka qef Edi, por mos ta njoh\u00ebsh m\u00eb legjitimitetin e k\u00ebsaj mazhorance. Protesta e 16 shkurtit ishte masive, ndoshta nga m\u00eb masivet e viteve t\u00eb fundit. P\u00ebrpjekjet e Ram\u00ebs dhe z\u00ebvend\u00ebsit t\u00eb tij Lleshaj p\u00ebr ta futur n\u00eb kurth opozit\u00ebn d\u00ebshtuan.<\/span><\/p>\n<p><span style=\"color: #000000;\">Lulzim Basha b\u00ebri diferenc\u00ebn sa i p\u00ebrket taktik\u00ebs politike k\u00ebt\u00eb her\u00eb. Un\u00eb kam shum\u00eb kritika p\u00ebr paqart\u00ebsit\u00eb dhe shum\u00eb veprime t\u00eb Bash\u00ebs, t\u00eb shumtat i kam p\u00ebrcjell\u00eb edhe n\u00ebp\u00ebrmjet shkrimeve. Por sigurisht Basha me protest\u00ebn e 16 shkurtit tregoi se ai nuk \u00ebsht\u00eb si Rama. Nuk e nxori popullin n\u00eb prit\u00eb p\u00ebr pushtet si\u00e7 b\u00ebri Rama n\u00eb 21 janar 2011. Protesta e 16 shkurtit kishte t\u00eb gjitha shanset q\u00eb t\u00eb p\u00ebrfundonte si protesta e 21 janarit! Radikalizim i protestave n\u00eb Shqip\u00ebri kuptohet si venia e flak\u00ebs objekteve fizike si godina e kryeministris\u00eb, apo institucioneve t\u00eb tjera t\u00eb shtetit, edhe pse kjo ndodh n\u00eb Paris, Athin\u00eb, Lond\u00ebr etj. Shqip\u00ebria nuk ka takat p\u00ebr radikalizime t\u00eb tilla! Por sa kohe vendi nuk ka institucioni kryesor t\u00eb vendit \u201crojtarin e kushtetut\u00ebs\u201d Gjykat\u00ebn Kushtetuese, \u00ebsht\u00eb shtet jo funksional. P\u00ebr sa koh\u00eb vendi nuk ka Prokuror t\u00eb P\u00ebrgjithsh\u00ebm, vendi \u00ebsht\u00eb jo funksional. P\u00ebr sa koh\u00eb qeveria jep e jep kon\u00e7ensione pa asnj\u00eb plan e pa asnj\u00eb llogari, vendi duksh\u00ebm po shkon n\u00eb drejtim t\u00eb ditur, drejt falimentit. K\u00ebt\u00eb e pohojn\u00eb edhe t\u00eb gjitha organizmat nd\u00ebrkomb\u00ebtare. P\u00ebr sa koh\u00eb korrupsioni, varf\u00ebria, liria e medias dhe\u00a0 investimet e huaja jan\u00eb n\u00eb regres, ky vend nuk \u00ebsht\u00eb normal.<\/span><\/p>\n<p><span style=\"color: #000000;\">\u00c7far\u00eb t\u00eb b\u00ebj\u00eb opozita n\u00eb k\u00ebt\u00eb rast, t\u2019i ver\u00eb zjarrin fizikisht institucioneve?!<\/span><\/p>\n<p><span style=\"color: #000000;\">Jo!<\/span><\/p>\n<p><span style=\"color: #000000;\">Opozita \u00ebsht\u00eb n\u00eb koh\u00ebn e duhur p\u00ebr t\u00eb dal\u00eb nga institucioni m\u00eb jo p\u00ebrfaq\u00ebsues i vendit sot, i cili \u00ebsht\u00eb Parlamenti i vendit.<\/span><\/p>\n<p><span style=\"color: #000000;\">Parlamenti i vendit sot \u00ebsht\u00eb institucion i delegjitimuar. Faktet e shit-blerjes s\u00eb votave jan\u00eb t\u00eb mjaftueshme p\u00ebr k\u00ebt\u00eb. Parlamenti nuk \u00ebsht\u00eb vullneti i popullit, k\u00ebshtu q\u00eb opozita n\u00eb pretendon t\u00eb jet\u00eb akoma p\u00ebrfaq\u00ebsuese e popullit nuk duhet ta njoh\u00eb m\u00eb at\u00eb institucion.<\/span><\/p>\n<p><span style=\"color: #000000;\">Vendimi \u00ebsht\u00eb i v\u00ebshtir\u00eb, tejet i v\u00ebshtir\u00eb. Do t\u00eb jet\u00eb i kritikuesh\u00ebm nga nd\u00ebrkomb\u00ebtar\u00ebt, por opozita do t\u00eb ket\u00eb mb\u00ebshtetje t\u00eb gjer\u00eb n\u00eb popull. Parlamenti sot \u00ebsht\u00eb institucioni me besueshm\u00ebrin\u00eb m\u00eb t\u00eb ul\u00ebt n\u00eb popull. Madje edhe socialist\u00ebt vet\u00eb nuk ndihen t\u00eb p\u00ebrfaq\u00ebsuar m\u00eb n\u00eb at\u00eb parlament. Nuk ndihen t\u00eb p\u00ebrfaq\u00ebsuar me ministra si Cakaj, Shahini, Lleshaj etj.<\/span><\/p>\n<p><span style=\"color: #000000;\">Paralajm\u00ebrimi i Bash\u00ebs p\u00ebr djegie mandatesh mund t\u00eb jet\u00eb vendim i marr\u00eb, forumet thjesht procedurale mund t\u00eb jen\u00eb, ose \u00ebsht\u00eb presion ndaj qeveris\u00eb. N\u00eb t\u00eb dyja rastet p\u00ebrfundimi duhet t\u00eb jet\u00eb i nj\u00ebjt\u00eb. Qeveri tranzitore, zgjedhje t\u00eb parakohshme me reform\u00eb t\u00eb re zgjedhore dhe me rregulla t\u00eb reja loje politike. N\u00ebse q\u00ebllimi \u00ebsht\u00eb \u201cca bashki ti, ca bashki un\u00eb\u201d mjer\u00eb p\u00ebr shqiptar\u00ebt!<\/span><\/p>\n","protected":false,"gt_translate_keys":[{"key":"rendered","format":"html"}]},"excerpt":{"rendered":"<p>&nbsp; Nga Hysni Gurra Propozimi i Bash\u00ebs p\u00ebr \u201cdjegie mandatesh\u201d nuk \u00ebsht\u00eb votuar akoma n\u00eb forumet e partis\u00eb, mbetet vet\u00ebm propozim derisa t\u00eb votohet, por \u00ebsht\u00eb propozim i drejt\u00eb! Radikalizim nuk do t\u00eb thot\u00eb t\u00eb marr\u00ebsh hunjt dhe t\u2019i thyesh xhamat kryeministris\u00eb, si\u00e7 ka qef Edi, por mos ta njoh\u00ebsh m\u00eb legjitimitetin e k\u00ebsaj mazhorance. [&hellip;]<\/p>\n","protected":false,"gt_translate_keys":[{"key":"rendered","format":"html"}]},"author":30,"featured_media":275461,"comment_status":"open","ping_status":"open","sticky":false,"template":"","format":"standard","meta":{"footnotes":""},"categories":[23],"tags":[],"class_list":["post-275460","post","type-post","status-publish","format-standard","has-post-thumbnail","hentry","category-editorial"],"gt_translate_keys":[{"key":"link","format":"url"}],"_links":{"self":[{"href":"https:\/\/www.hashtag.al\/index.php\/wp-json\/wp\/v2\/posts\/275460","targetHints":{"allow":["GET"]}}],"collection":[{"href":"https:\/\/www.hashtag.al\/index.php\/wp-json\/wp\/v2\/posts"}],"about":[{"href":"https:\/\/www.hashtag.al\/index.php\/wp-json\/wp\/v2\/types\/post"}],"author":[{"embeddable":true,"href":"https:\/\/www.hashtag.al\/index.php\/wp-json\/wp\/v2\/users\/30"}],"replies":[{"embeddable":true,"href":"https:\/\/www.hashtag.al\/index.php\/wp-json\/wp\/v2\/comments?post=275460"}],"version-history":[{"count":0,"href":"https:\/\/www.hashtag.al\/index.php\/wp-json\/wp\/v2\/posts\/275460\/revisions"}],"wp:featuredmedia":[{"embeddable":true,"href":"https:\/\/www.hashtag.al\/index.php\/wp-json\/wp\/v2\/media\/275461"}],"wp:attachment":[{"href":"https:\/\/www.hashtag.al\/index.php\/wp-json\/wp\/v2\/media?parent=275460"}],"wp:term":[{"taxonomy":"category","embeddable":true,"href":"https:\/\/www.hashtag.al\/index.php\/wp-json\/wp\/v2\/categories?post=275460"},{"taxonomy":"post_tag","embeddable":true,"href":"https:\/\/www.hashtag.al\/index.php\/wp-json\/wp\/v2\/tags?post=275460"}],"curies":[{"name":"wp","href":"https:\/\/api.w.org\/{rel}","templated":true}]}}