{"id":275431,"date":"2019-02-17T20:00:41","date_gmt":"2019-02-17T19:00:41","guid":{"rendered":"https:\/\/hashtag.al\/?p=275431"},"modified":"2019-02-17T19:56:17","modified_gmt":"2019-02-17T18:56:17","slug":"protestoi-te-kryeministria-policia-arreston-80-vjecarin-nga-lezha","status":"publish","type":"post","link":"https:\/\/www.hashtag.al\/index.php\/2019\/02\/17\/protestoi-te-kryeministria-policia-arreston-80-vjecarin-nga-lezha\/","title":{"rendered":"Protestoi te kryeministria, policia arreston 80-vje\u00e7arin nga Lezha","gt_translate_keys":[{"key":"rendered","format":"text"}]},"content":{"rendered":"<p><img loading=\"lazy\" decoding=\"async\" class=\"aligncenter size-full wp-image-275432\" src=\"https:\/\/hashtag.al\/wp-content\/uploads\/2019\/02\/protestuesi_80_vjecar.jpg\" alt=\"\" width=\"564\" height=\"307\" srcset=\"https:\/\/www.hashtag.al\/wp-content\/uploads\/2019\/02\/protestuesi_80_vjecar.jpg 564w, https:\/\/www.hashtag.al\/wp-content\/uploads\/2019\/02\/protestuesi_80_vjecar-300x163.jpg 300w\" sizes=\"auto, (max-width: 564px) 100vw, 564px\" \/><\/p>\n<p><span style=\"color: #000000;\">Policia e Lezh\u00ebs ka arrestuar nj\u00eb 80-vje\u00e7ar i cili protestoi dit\u00ebn e djeshme para kryeministris\u00eb. Ndue Fuga \u00ebsht\u00eb personi i 16 n\u00eb list\u00ebn e t\u00eb ndaluarve nga policia si pjes\u00ebmarr\u00ebs n\u00eb protest\u00ebn e 16 shkurtit.<\/span><\/p>\n<p><span style=\"color: #000000;\">Fuga \u00ebsht\u00eb marr\u00eb n\u00eb banes\u00ebn e tij n\u00eb Fisht\u00eb dhe \u00ebsht\u00eb nisur drejt Tiran\u00ebs.<\/span><\/p>\n<p><span style=\"color: #000000;\">Mbr\u00ebmjen e djeshme policia arrestoi edhe Florenc Hoxh\u00ebn ish-drejtuesin e policis\u00eb bashkiake si pjes\u00ebmarr\u00ebs n\u00eb protest\u00eb.<\/span><\/p>\n","protected":false,"gt_translate_keys":[{"key":"rendered","format":"html"}]},"excerpt":{"rendered":"<p>Policia e Lezh\u00ebs ka arrestuar nj\u00eb 80-vje\u00e7ar i cili protestoi dit\u00ebn e djeshme para kryeministris\u00eb. Ndue Fuga \u00ebsht\u00eb personi i 16 n\u00eb list\u00ebn e t\u00eb ndaluarve nga policia si pjes\u00ebmarr\u00ebs n\u00eb protest\u00ebn e 16 shkurtit. Fuga \u00ebsht\u00eb marr\u00eb n\u00eb banes\u00ebn e tij n\u00eb Fisht\u00eb dhe \u00ebsht\u00eb nisur drejt Tiran\u00ebs. Mbr\u00ebmjen e djeshme policia arrestoi edhe [&hellip;]<\/p>\n","protected":false,"gt_translate_keys":[{"key":"rendered","format":"html"}]},"author":32,"featured_media":275432,"comment_status":"open","ping_status":"open","sticky":false,"template":"","format":"standard","meta":{"footnotes":""},"categories":[65,13],"tags":[],"class_list":["post-275431","post","type-post","status-publish","format-standard","has-post-thumbnail","hentry","category-lajme","category-te-fundit"],"gt_translate_keys":[{"key":"link","format":"url"}],"_links":{"self":[{"href":"https:\/\/www.hashtag.al\/index.php\/wp-json\/wp\/v2\/posts\/275431","targetHints":{"allow":["GET"]}}],"collection":[{"href":"https:\/\/www.hashtag.al\/index.php\/wp-json\/wp\/v2\/posts"}],"about":[{"href":"https:\/\/www.hashtag.al\/index.php\/wp-json\/wp\/v2\/types\/post"}],"author":[{"embeddable":true,"href":"https:\/\/www.hashtag.al\/index.php\/wp-json\/wp\/v2\/users\/32"}],"replies":[{"embeddable":true,"href":"https:\/\/www.hashtag.al\/index.php\/wp-json\/wp\/v2\/comments?post=275431"}],"version-history":[{"count":0,"href":"https:\/\/www.hashtag.al\/index.php\/wp-json\/wp\/v2\/posts\/275431\/revisions"}],"wp:featuredmedia":[{"embeddable":true,"href":"https:\/\/www.hashtag.al\/index.php\/wp-json\/wp\/v2\/media\/275432"}],"wp:attachment":[{"href":"https:\/\/www.hashtag.al\/index.php\/wp-json\/wp\/v2\/media?parent=275431"}],"wp:term":[{"taxonomy":"category","embeddable":true,"href":"https:\/\/www.hashtag.al\/index.php\/wp-json\/wp\/v2\/categories?post=275431"},{"taxonomy":"post_tag","embeddable":true,"href":"https:\/\/www.hashtag.al\/index.php\/wp-json\/wp\/v2\/tags?post=275431"}],"curies":[{"name":"wp","href":"https:\/\/api.w.org\/{rel}","templated":true}]}}