{"id":275385,"date":"2019-02-17T15:10:52","date_gmt":"2019-02-17T14:10:52","guid":{"rendered":"https:\/\/hashtag.al\/?p=275385"},"modified":"2019-02-17T15:14:44","modified_gmt":"2019-02-17T14:14:44","slug":"this-is-spartaaaa-si-u-mbush-rrjeti-me-meme-per-protestuesin-me-shtize","status":"publish","type":"post","link":"https:\/\/www.hashtag.al\/index.php\/2019\/02\/17\/this-is-spartaaaa-si-u-mbush-rrjeti-me-meme-per-protestuesin-me-shtize\/","title":{"rendered":"&#8220;This is Spartaaaa&#8221;, si u mbush rrjeti me meme p\u00ebr protestuesin me shtiz\u00eb","gt_translate_keys":[{"key":"rendered","format":"text"}]},"content":{"rendered":"<p><img loading=\"lazy\" decoding=\"async\" class=\"aligncenter size-full wp-image-275391\" src=\"https:\/\/hashtag.al\/wp-content\/uploads\/2019\/02\/protestuesishtizameme5.jpeg\" alt=\"\" width=\"1000\" height=\"718\" srcset=\"https:\/\/www.hashtag.al\/wp-content\/uploads\/2019\/02\/protestuesishtizameme5.jpeg 1000w, https:\/\/www.hashtag.al\/wp-content\/uploads\/2019\/02\/protestuesishtizameme5-300x215.jpeg 300w, https:\/\/www.hashtag.al\/wp-content\/uploads\/2019\/02\/protestuesishtizameme5-768x551.jpeg 768w\" sizes=\"auto, (max-width: 1000px) 100vw, 1000px\" \/><\/p>\n<p><span style=\"color: #000000;\">Kaluan disa or\u00eb pas protest\u00ebs s\u00eb djeshme, kur n\u00eb rrjet, n\u00eb or\u00ebt e mbr\u00ebmjes s\u00eb 16 shkurtit, nis\u00ebn t\u00eb v\u00ebrshojn\u00eb disa meme.<\/span><\/p>\n<p><span style=\"color: #000000;\">N\u00eb qend\u00ebr t\u00eb tyre qe nj\u00eb protestues duke hedhur shtiz\u00ebn.<\/span><\/p>\n<p><span style=\"color: #000000;\">Protestuesi me shtiz\u00eb frym\u00ebzoi ideator\u00ebt, t\u00eb cil\u00ebt shfrenuan fantazin\u00eb dhe soll\u00ebn krijimet e m\u00ebposhtme:<\/span><\/p>\n<p><img loading=\"lazy\" decoding=\"async\" class=\"aligncenter wp-image-275390\" src=\"https:\/\/hashtag.al\/wp-content\/uploads\/2019\/02\/protestuesishtizameme4.jpeg\" alt=\"\" width=\"751\" height=\"422\" srcset=\"https:\/\/www.hashtag.al\/wp-content\/uploads\/2019\/02\/protestuesishtizameme4.jpeg 640w, https:\/\/www.hashtag.al\/wp-content\/uploads\/2019\/02\/protestuesishtizameme4-300x169.jpeg 300w\" sizes=\"auto, (max-width: 751px) 100vw, 751px\" \/><\/p>\n<p><img loading=\"lazy\" decoding=\"async\" class=\"aligncenter wp-image-275387\" src=\"https:\/\/hashtag.al\/wp-content\/uploads\/2019\/02\/protestuesishtizameme.jpg\" alt=\"\" width=\"757\" height=\"741\" srcset=\"https:\/\/www.hashtag.al\/wp-content\/uploads\/2019\/02\/protestuesishtizameme.jpg 640w, https:\/\/www.hashtag.al\/wp-content\/uploads\/2019\/02\/protestuesishtizameme-300x294.jpg 300w\" sizes=\"auto, (max-width: 757px) 100vw, 757px\" \/><\/p>\n<p><img loading=\"lazy\" decoding=\"async\" class=\"aligncenter size-full wp-image-275391\" src=\"https:\/\/hashtag.al\/wp-content\/uploads\/2019\/02\/protestuesishtizameme5.jpeg\" alt=\"\" width=\"1000\" height=\"718\" srcset=\"https:\/\/www.hashtag.al\/wp-content\/uploads\/2019\/02\/protestuesishtizameme5.jpeg 1000w, https:\/\/www.hashtag.al\/wp-content\/uploads\/2019\/02\/protestuesishtizameme5-300x215.jpeg 300w, https:\/\/www.hashtag.al\/wp-content\/uploads\/2019\/02\/protestuesishtizameme5-768x551.jpeg 768w\" sizes=\"auto, (max-width: 1000px) 100vw, 1000px\" \/><\/p>\n<p><img loading=\"lazy\" decoding=\"async\" class=\"aligncenter wp-image-275389\" src=\"https:\/\/hashtag.al\/wp-content\/uploads\/2019\/02\/protestuesishtizameme3.jpg\" alt=\"\" width=\"741\" height=\"781\" srcset=\"https:\/\/www.hashtag.al\/wp-content\/uploads\/2019\/02\/protestuesishtizameme3.jpg 635w, https:\/\/www.hashtag.al\/wp-content\/uploads\/2019\/02\/protestuesishtizameme3-285x300.jpg 285w\" sizes=\"auto, (max-width: 741px) 100vw, 741px\" \/><\/p>\n<p><strong>Fotoja reale \u00ebsht\u00eb kjo e m\u00ebposhtmja:<\/strong><\/p>\n<p><img loading=\"lazy\" decoding=\"async\" class=\"aligncenter size-full wp-image-275386\" src=\"https:\/\/hashtag.al\/wp-content\/uploads\/2019\/02\/protestuesishtiza.jpg\" alt=\"\" width=\"750\" height=\"489\" srcset=\"https:\/\/www.hashtag.al\/wp-content\/uploads\/2019\/02\/protestuesishtiza.jpg 750w, https:\/\/www.hashtag.al\/wp-content\/uploads\/2019\/02\/protestuesishtiza-300x196.jpg 300w\" sizes=\"auto, (max-width: 750px) 100vw, 750px\" \/><\/p>\n<p><span style=\"color: #000000;\">\u00a0<\/span><\/p>\n","protected":false,"gt_translate_keys":[{"key":"rendered","format":"html"}]},"excerpt":{"rendered":"<p>Kaluan disa or\u00eb pas protest\u00ebs s\u00eb djeshme, kur n\u00eb rrjet, n\u00eb or\u00ebt e mbr\u00ebmjes s\u00eb 16 shkurtit, nis\u00ebn t\u00eb v\u00ebrshojn\u00eb disa meme. N\u00eb qend\u00ebr t\u00eb tyre qe nj\u00eb protestues duke hedhur shtiz\u00ebn. Protestuesi me shtiz\u00eb frym\u00ebzoi ideator\u00ebt, t\u00eb cil\u00ebt shfrenuan fantazin\u00eb dhe soll\u00ebn krijimet e m\u00ebposhtme: Fotoja reale \u00ebsht\u00eb kjo e m\u00ebposhtmja: \u00a0<\/p>\n","protected":false,"gt_translate_keys":[{"key":"rendered","format":"html"}]},"author":6,"featured_media":275391,"comment_status":"open","ping_status":"open","sticky":false,"template":"","format":"standard","meta":{"footnotes":""},"categories":[53,65],"tags":[],"class_list":["post-275385","post","type-post","status-publish","format-standard","has-post-thumbnail","hentry","category-fast-foodi","category-lajme"],"gt_translate_keys":[{"key":"link","format":"url"}],"_links":{"self":[{"href":"https:\/\/www.hashtag.al\/index.php\/wp-json\/wp\/v2\/posts\/275385","targetHints":{"allow":["GET"]}}],"collection":[{"href":"https:\/\/www.hashtag.al\/index.php\/wp-json\/wp\/v2\/posts"}],"about":[{"href":"https:\/\/www.hashtag.al\/index.php\/wp-json\/wp\/v2\/types\/post"}],"author":[{"embeddable":true,"href":"https:\/\/www.hashtag.al\/index.php\/wp-json\/wp\/v2\/users\/6"}],"replies":[{"embeddable":true,"href":"https:\/\/www.hashtag.al\/index.php\/wp-json\/wp\/v2\/comments?post=275385"}],"version-history":[{"count":0,"href":"https:\/\/www.hashtag.al\/index.php\/wp-json\/wp\/v2\/posts\/275385\/revisions"}],"wp:featuredmedia":[{"embeddable":true,"href":"https:\/\/www.hashtag.al\/index.php\/wp-json\/wp\/v2\/media\/275391"}],"wp:attachment":[{"href":"https:\/\/www.hashtag.al\/index.php\/wp-json\/wp\/v2\/media?parent=275385"}],"wp:term":[{"taxonomy":"category","embeddable":true,"href":"https:\/\/www.hashtag.al\/index.php\/wp-json\/wp\/v2\/categories?post=275385"},{"taxonomy":"post_tag","embeddable":true,"href":"https:\/\/www.hashtag.al\/index.php\/wp-json\/wp\/v2\/tags?post=275385"}],"curies":[{"name":"wp","href":"https:\/\/api.w.org\/{rel}","templated":true}]}}