{"id":275047,"date":"2019-02-16T13:43:59","date_gmt":"2019-02-16T12:43:59","guid":{"rendered":"https:\/\/hashtag.al\/?p=275047"},"modified":"2019-02-16T14:42:20","modified_gmt":"2019-02-16T13:42:20","slug":"edi-rama-ka-vetem-nje-shqetesim-sot-nuk-jane-protestuesit-e-lenduar-as-policet-eshte-vetem-kerpudha-reagimi","status":"publish","type":"post","link":"https:\/\/www.hashtag.al\/index.php\/2019\/02\/16\/edi-rama-ka-vetem-nje-shqetesim-sot-nuk-jane-protestuesit-e-lenduar-as-policet-eshte-vetem-kerpudha-reagimi\/","title":{"rendered":"Edi Rama ka vet\u00ebm nj\u00eb shqet\u00ebsim sot, nuk jan\u00eb protestuesit e l\u00ebnduar, as polic\u00ebt, \u00ebsht\u00eb vet\u00ebm k\u00ebrpudha&#8230;(REAGIMI)","gt_translate_keys":[{"key":"rendered","format":"text"}]},"content":{"rendered":"<p><span style=\"color: #000000;\"><img loading=\"lazy\" decoding=\"async\" class=\"aligncenter size-full wp-image-275049\" src=\"https:\/\/hashtag.al\/wp-content\/uploads\/2019\/02\/Kerpudha-e-Rames.jpg\" alt=\"\" width=\"900\" height=\"600\" srcset=\"https:\/\/www.hashtag.al\/wp-content\/uploads\/2019\/02\/Kerpudha-e-Rames.jpg 900w, https:\/\/www.hashtag.al\/wp-content\/uploads\/2019\/02\/Kerpudha-e-Rames-300x200.jpg 300w, https:\/\/www.hashtag.al\/wp-content\/uploads\/2019\/02\/Kerpudha-e-Rames-768x512.jpg 768w\" sizes=\"auto, (max-width: 900px) 100vw, 900px\" \/><\/span><\/p>\n<p><span style=\"color: #000000;\">Edi Rama duket se ka vet\u00ebm nj\u00eb shqet\u00ebsim sot dhe protestuesit e l\u00ebnduar nuk b\u00ebjn\u00eb pjes\u00eb n\u00eb k\u00ebt\u00eb shqet\u00ebsim. As polic\u00ebt nuk jan\u00eb, por \u00ebsht\u00eb vet\u00ebm k\u00ebrpudha e vendosur an\u00ebs godin\u00ebs s\u00eb Kryeministris\u00eb. P\u00ebrmes nj\u00eb postimi n\u00eb &#8220;Twitter&#8221;, Rama ka shprehur shqet\u00ebsimin e tij p\u00ebr d\u00ebmtimin e vepr\u00ebs s\u00eb Carsten Holler nd\u00ebrsa p\u00ebr gjasht\u00eb personat e l\u00ebnduar nuk ka th\u00ebn\u00eb asnj\u00eb fjal\u00eb t\u00eb vetme.<\/span><\/p>\n<p><em><span style=\"color: #000000;\">&#8220;K\u00cbRP<\/span><\/em><span style=\"color: #000000;\"><em>URDHA &#8211; Vep\u00ebr e Carsten Holler, pjes\u00eb e nj\u00eb cikli t\u00eb ekspozuar n\u00eb disa muze, dhuruar Kryeministris\u00eb pas nj\u00eb vizite n\u00eb vendin ton\u00eb, q\u00eb e ktheu artistin e famsh\u00ebm bashk\u00ebkohor n\u00eb nj\u00eb ambasador t\u00eb Shqip\u00ebris\u00eb e shqiptar\u00ebve.Ndjes\u00eb Carsten, kjo s&#8217;\u00ebsht\u00eb Shqip\u00ebria k\u00ebta s&#8217;jan\u00eb shqiptar\u00eb&#8221;,<\/em> shkruan Rama.<\/span><\/p>\n<p><span style=\"color: #000000;\">Si pasoj\u00eb e gazit lotsjell\u00ebs t\u00eb p\u00ebrdorur nga snajperat q\u00eb q\u00ebndrojn\u00eb mbi tarac\u00ebn e Kryeministris\u00eb, kan\u00eb mbetur t\u00eb l\u00ebnduar gjasht\u00eb persona. T\u00eb pranishmit u kan\u00eb ardhur n\u00eb ndihm\u00eb t\u00eb l\u00ebnduarve t\u00eb shtrir\u00eb p\u00ebrtok\u00eb.\u00a0Sipas ministris\u00eb s\u00eb Sh\u00ebndet\u00ebsis\u00eb, kat\u00ebr nga t\u00eb plagosurit jan\u00eb protestues nd\u00ebrsa dy t\u00eb tjer\u00ebt jan\u00eb punonj\u00ebs t\u00eb policis\u00eb.<\/span><\/p>\n<p><span style=\"color: #000000;\">Sakaq raportohet edhe p\u00ebr dy gazetar\u00eb t\u00eb l\u00ebnduar, nj\u00ebri prej t\u00eb cil\u00ebve Isa Myzyraj. Fatmir\u00ebsisht ai \u00ebsht\u00eb stabilizuar dhe gati p\u00ebr t\u2019u rikthyer s\u00ebrish n\u00eb krye t\u00eb detyr\u00ebs. Opozita ka akuzuar policin\u00eb e Shtetit si provokatore e dhun\u00ebs.<\/span><\/p>\n<p>&nbsp;<\/p>\n<p><span style=\"color: #000000;\"><img loading=\"lazy\" decoding=\"async\" class=\"aligncenter size-full wp-image-275050\" src=\"https:\/\/hashtag.al\/wp-content\/uploads\/2019\/02\/edi-rama.png\" alt=\"\" width=\"601\" height=\"659\" srcset=\"https:\/\/www.hashtag.al\/wp-content\/uploads\/2019\/02\/edi-rama.png 601w, https:\/\/www.hashtag.al\/wp-content\/uploads\/2019\/02\/edi-rama-274x300.png 274w\" sizes=\"auto, (max-width: 601px) 100vw, 601px\" \/> <img loading=\"lazy\" decoding=\"async\" class=\"aligncenter size-full wp-image-275048\" src=\"https:\/\/hashtag.al\/wp-content\/uploads\/2019\/02\/kerpudha.jpg\" alt=\"\" width=\"750\" height=\"492\" srcset=\"https:\/\/www.hashtag.al\/wp-content\/uploads\/2019\/02\/kerpudha.jpg 750w, https:\/\/www.hashtag.al\/wp-content\/uploads\/2019\/02\/kerpudha-300x197.jpg 300w\" sizes=\"auto, (max-width: 750px) 100vw, 750px\" \/><\/span><\/p>\n","protected":false,"gt_translate_keys":[{"key":"rendered","format":"html"}]},"excerpt":{"rendered":"<p>Edi Rama duket se ka vet\u00ebm nj\u00eb shqet\u00ebsim sot dhe protestuesit e l\u00ebnduar nuk b\u00ebjn\u00eb pjes\u00eb n\u00eb k\u00ebt\u00eb shqet\u00ebsim. As polic\u00ebt nuk jan\u00eb, por \u00ebsht\u00eb vet\u00ebm k\u00ebrpudha e vendosur an\u00ebs godin\u00ebs s\u00eb Kryeministris\u00eb. P\u00ebrmes nj\u00eb postimi n\u00eb &#8220;Twitter&#8221;, Rama ka shprehur shqet\u00ebsimin e tij p\u00ebr d\u00ebmtimin e vepr\u00ebs s\u00eb Carsten Holler nd\u00ebrsa p\u00ebr gjasht\u00eb personat [&hellip;]<\/p>\n","protected":false,"gt_translate_keys":[{"key":"rendered","format":"html"}]},"author":30,"featured_media":275049,"comment_status":"open","ping_status":"open","sticky":false,"template":"","format":"standard","meta":{"footnotes":""},"categories":[65,13],"tags":[],"class_list":["post-275047","post","type-post","status-publish","format-standard","has-post-thumbnail","hentry","category-lajme","category-te-fundit"],"gt_translate_keys":[{"key":"link","format":"url"}],"_links":{"self":[{"href":"https:\/\/www.hashtag.al\/index.php\/wp-json\/wp\/v2\/posts\/275047","targetHints":{"allow":["GET"]}}],"collection":[{"href":"https:\/\/www.hashtag.al\/index.php\/wp-json\/wp\/v2\/posts"}],"about":[{"href":"https:\/\/www.hashtag.al\/index.php\/wp-json\/wp\/v2\/types\/post"}],"author":[{"embeddable":true,"href":"https:\/\/www.hashtag.al\/index.php\/wp-json\/wp\/v2\/users\/30"}],"replies":[{"embeddable":true,"href":"https:\/\/www.hashtag.al\/index.php\/wp-json\/wp\/v2\/comments?post=275047"}],"version-history":[{"count":0,"href":"https:\/\/www.hashtag.al\/index.php\/wp-json\/wp\/v2\/posts\/275047\/revisions"}],"wp:featuredmedia":[{"embeddable":true,"href":"https:\/\/www.hashtag.al\/index.php\/wp-json\/wp\/v2\/media\/275049"}],"wp:attachment":[{"href":"https:\/\/www.hashtag.al\/index.php\/wp-json\/wp\/v2\/media?parent=275047"}],"wp:term":[{"taxonomy":"category","embeddable":true,"href":"https:\/\/www.hashtag.al\/index.php\/wp-json\/wp\/v2\/categories?post=275047"},{"taxonomy":"post_tag","embeddable":true,"href":"https:\/\/www.hashtag.al\/index.php\/wp-json\/wp\/v2\/tags?post=275047"}],"curies":[{"name":"wp","href":"https:\/\/api.w.org\/{rel}","templated":true}]}}