{"id":275012,"date":"2019-02-16T13:08:42","date_gmt":"2019-02-16T12:08:42","guid":{"rendered":"https:\/\/hashtag.al\/?p=275012"},"modified":"2019-02-16T13:10:34","modified_gmt":"2019-02-16T12:10:34","slug":"ministri-i-brendshem-reagon-gjate-protestes-u-bej-thirrje-gjithe-drejtuesve-politike-qe-te-distancohen-nga-dhuna","status":"publish","type":"post","link":"https:\/\/www.hashtag.al\/index.php\/2019\/02\/16\/ministri-i-brendshem-reagon-gjate-protestes-u-bej-thirrje-gjithe-drejtuesve-politike-qe-te-distancohen-nga-dhuna\/","title":{"rendered":"Ministri i Brendsh\u00ebm reagon gjat\u00eb protest\u00ebs: U b\u00ebj thirrje gjith\u00eb drejtuesve politik\u00eb q\u00eb t\u00eb distancohen nga dhuna","gt_translate_keys":[{"key":"rendered","format":"text"}]},"content":{"rendered":"<p>&nbsp;<\/p>\n<p><img loading=\"lazy\" decoding=\"async\" class=\"aligncenter size-full wp-image-265798\" src=\"https:\/\/hashtag.al\/wp-content\/uploads\/2019\/01\/Sander-Lleshaj-e1547550878320.jpg\" alt=\"\" width=\"1024\" height=\"682\" srcset=\"https:\/\/www.hashtag.al\/wp-content\/uploads\/2019\/01\/Sander-Lleshaj-e1547550878320.jpg 1024w, https:\/\/www.hashtag.al\/wp-content\/uploads\/2019\/01\/Sander-Lleshaj-e1547550878320-300x200.jpg 300w, https:\/\/www.hashtag.al\/wp-content\/uploads\/2019\/01\/Sander-Lleshaj-e1547550878320-768x512.jpg 768w\" sizes=\"auto, (max-width: 1024px) 100vw, 1024px\" \/><\/p>\n<p><span style=\"color: #000000;\">Reagon ministri i Pun\u00ebve t\u00eb Brendshme, Sand\u00ebr Lleshaj gjat\u00eb protest\u00ebs.<\/span><\/p>\n<p><span style=\"color: #000000;\">&#8220;B\u00ebj thirrje gjith\u00eb drejtuesve politik\u00eb q\u00eb t\u00eb distancohen nga dhuna q\u00eb po ushtrohet ndaj institucioneve t\u00eb Shqip\u00ebris\u00eb. Ftoj qytetar\u00ebt t\u00eb distancohen nga element\u00ebt e dhunsh\u00ebm. \u00cbsht\u00eb me shum\u00eb vler\u00eb t\u00eb d\u00ebgjohet z\u00ebri i arsyesh\u00ebm i miqve t\u00eb m\u00ebdhenj t\u00eb Shqip\u00ebris\u00eb.<\/span><\/p>\n<p><span style=\"color: #000000;\">Jo dhuna, por arsyeja na afron drejt Europ\u00ebs s\u00eb vlerave tona!&#8221;, shkruan ai.<\/span><\/p>\n<p><span style=\"color: #000000;\">Deri m\u00eb tani gjat\u00eb protest\u00ebs s\u00eb opozit\u00ebs jan\u00eb 6 t\u00eb plagosur, 4 protestues dhe 2 polic\u00eb.<\/span><\/p>\n<p><img loading=\"lazy\" decoding=\"async\" class=\"aligncenter size-full wp-image-275010\" src=\"https:\/\/hashtag.al\/wp-content\/uploads\/2019\/01\/IMG-20190216-WA0021.jpg\" alt=\"\" width=\"1280\" height=\"853\" srcset=\"https:\/\/www.hashtag.al\/wp-content\/uploads\/2019\/01\/IMG-20190216-WA0021.jpg 1280w, https:\/\/www.hashtag.al\/wp-content\/uploads\/2019\/01\/IMG-20190216-WA0021-300x200.jpg 300w, https:\/\/www.hashtag.al\/wp-content\/uploads\/2019\/01\/IMG-20190216-WA0021-768x512.jpg 768w, https:\/\/www.hashtag.al\/wp-content\/uploads\/2019\/01\/IMG-20190216-WA0021-1024x682.jpg 1024w\" sizes=\"auto, (max-width: 1280px) 100vw, 1280px\" \/><\/p>\n","protected":false,"gt_translate_keys":[{"key":"rendered","format":"html"}]},"excerpt":{"rendered":"<p>&nbsp; Reagon ministri i Pun\u00ebve t\u00eb Brendshme, Sand\u00ebr Lleshaj gjat\u00eb protest\u00ebs. &#8220;B\u00ebj thirrje gjith\u00eb drejtuesve politik\u00eb q\u00eb t\u00eb distancohen nga dhuna q\u00eb po ushtrohet ndaj institucioneve t\u00eb Shqip\u00ebris\u00eb. Ftoj qytetar\u00ebt t\u00eb distancohen nga element\u00ebt e dhunsh\u00ebm. \u00cbsht\u00eb me shum\u00eb vler\u00eb t\u00eb d\u00ebgjohet z\u00ebri i arsyesh\u00ebm i miqve t\u00eb m\u00ebdhenj t\u00eb Shqip\u00ebris\u00eb. Jo dhuna, por arsyeja [&hellip;]<\/p>\n","protected":false,"gt_translate_keys":[{"key":"rendered","format":"html"}]},"author":6,"featured_media":265798,"comment_status":"open","ping_status":"open","sticky":false,"template":"","format":"standard","meta":{"footnotes":""},"categories":[65,13],"tags":[],"class_list":["post-275012","post","type-post","status-publish","format-standard","has-post-thumbnail","hentry","category-lajme","category-te-fundit"],"gt_translate_keys":[{"key":"link","format":"url"}],"_links":{"self":[{"href":"https:\/\/www.hashtag.al\/index.php\/wp-json\/wp\/v2\/posts\/275012","targetHints":{"allow":["GET"]}}],"collection":[{"href":"https:\/\/www.hashtag.al\/index.php\/wp-json\/wp\/v2\/posts"}],"about":[{"href":"https:\/\/www.hashtag.al\/index.php\/wp-json\/wp\/v2\/types\/post"}],"author":[{"embeddable":true,"href":"https:\/\/www.hashtag.al\/index.php\/wp-json\/wp\/v2\/users\/6"}],"replies":[{"embeddable":true,"href":"https:\/\/www.hashtag.al\/index.php\/wp-json\/wp\/v2\/comments?post=275012"}],"version-history":[{"count":0,"href":"https:\/\/www.hashtag.al\/index.php\/wp-json\/wp\/v2\/posts\/275012\/revisions"}],"wp:featuredmedia":[{"embeddable":true,"href":"https:\/\/www.hashtag.al\/index.php\/wp-json\/wp\/v2\/media\/265798"}],"wp:attachment":[{"href":"https:\/\/www.hashtag.al\/index.php\/wp-json\/wp\/v2\/media?parent=275012"}],"wp:term":[{"taxonomy":"category","embeddable":true,"href":"https:\/\/www.hashtag.al\/index.php\/wp-json\/wp\/v2\/categories?post=275012"},{"taxonomy":"post_tag","embeddable":true,"href":"https:\/\/www.hashtag.al\/index.php\/wp-json\/wp\/v2\/tags?post=275012"}],"curies":[{"name":"wp","href":"https:\/\/api.w.org\/{rel}","templated":true}]}}