{"id":274440,"date":"2019-02-14T12:48:41","date_gmt":"2019-02-14T11:48:41","guid":{"rendered":"https:\/\/hashtag.al\/?p=274440"},"modified":"2019-02-14T12:49:21","modified_gmt":"2019-02-14T11:49:21","slug":"sulmi-me-boje-ndaj-rames-policia-sekuestron-armen-e-krimit","status":"publish","type":"post","link":"https:\/\/www.hashtag.al\/index.php\/2019\/02\/14\/sulmi-me-boje-ndaj-rames-policia-sekuestron-armen-e-krimit\/","title":{"rendered":"Sulmi me boj\u00eb ndaj Ram\u00ebs, policia sekuestron &#8220;arm\u00ebn e krimit&#8221;","gt_translate_keys":[{"key":"rendered","format":"text"}]},"content":{"rendered":"<p><img loading=\"lazy\" decoding=\"async\" class=\"aligncenter size-full wp-image-274442\" src=\"https:\/\/hashtag.al\/wp-content\/uploads\/2019\/02\/shiringa14shkurt.jpeg\" alt=\"\" width=\"900\" height=\"1200\" srcset=\"https:\/\/www.hashtag.al\/wp-content\/uploads\/2019\/02\/shiringa14shkurt.jpeg 900w, https:\/\/www.hashtag.al\/wp-content\/uploads\/2019\/02\/shiringa14shkurt-225x300.jpeg 225w, https:\/\/www.hashtag.al\/wp-content\/uploads\/2019\/02\/shiringa14shkurt-768x1024.jpeg 768w\" sizes=\"auto, (max-width: 900px) 100vw, 900px\" \/><\/p>\n<p><span style=\"color: #000000;\">Policia ka sekuestruar shiring\u00ebn me t\u00eb cil\u00ebn n\u00ebnkryetari i PD-s\u00eb, Paloka, sp\u00ebrkati me boj\u00eb kryeministrin Rama gjat\u00eb seanc\u00ebs s\u00eb sotme n\u00eb Kuvend. <\/span><\/p>\n<p><span style=\"color: #000000;\">Ajo dhe boja q\u00eb iu hodh kreut t\u00eb qeveris\u00eb po analizohet nga ekspert\u00ebt. <\/span><\/p>\n<p><span style=\"color: #000000;\">Pas incidentit n\u00eb parlament dhe p\u00ebrfundimit t\u00eb seanc\u00ebs, ekspert\u00eb t\u00eb policis\u00eb mb\u00ebrrit\u00ebn n\u00eb Kuvend p\u00ebr t\u00eb b\u00ebr\u00eb verifikimet dhe analizat e duhura p\u00ebr boj\u00ebn q\u00eb iu hodh kryeministrit Rama.<\/span><\/p>\n<p><span style=\"color: #000000;\"><strong>Deklarata e Gard\u00ebs s\u00eb Republik\u00ebs dhe Policis\u00eb s\u00eb Shtetit<\/strong><\/span><\/p>\n<p><span style=\"color: #000000;\"><em>\u201cSot, n\u00eb sall\u00ebn e seancave t\u00eb Kuvendit t\u00eb Shqip\u00ebris\u00eb, deputeti Edi Paloka ka sulmuar me nj\u00eb solucion kimik t\u00eb parap\u00ebrgatitur Kryeministrin e Shqip\u00ebris\u00eb, Edi Rama. Garda e Republik\u00ebs me mb\u00ebshtetjen e strukturave t\u00eb specializuara t\u00eb Policis\u00eb s\u00eb Shtetit ka nisur hetimet e menj\u00ebhershme p\u00ebr agresionin e kryer n\u00eb syt\u00eb e t\u00eb gjith\u00ebve dhe gjithashtu procedimin penal kund\u00ebr shtetasit Edi Paloka.\u201d<\/em><\/span><\/p>\n<p><span style=\"color: #000000;\"><strong>Incidenti<\/strong><\/span><\/p>\n<p><span style=\"color: #000000;\">Pas fjal\u00ebs s\u00eb kreut t\u00eb PD-s\u00eb, Basha, kryeministri Rama foli nga vendi duke i k\u00ebrkuar ndjes\u00eb kryetarit t\u00eb Parlamentit t\u00eb Maqedonis\u00eb, Talat Xhaferri, lidhur me deklaratat e kreut t\u00eb opozit\u00ebs.<\/span><\/p>\n<p><span style=\"color: #000000;\">Pas k\u00ebsaj, n\u00ebnkryetari i PD-s\u00eb, Paloka, u \u00e7ua nga vendi dhe iu drejtua vendit ku rri kreu i qeveris\u00eb duke e sp\u00ebrkatur me boj\u00eb.<\/span><\/p>\n<p><img loading=\"lazy\" decoding=\"async\" class=\"aligncenter size-full wp-image-274446\" src=\"https:\/\/hashtag.al\/wp-content\/uploads\/2019\/02\/Palokarama14shkurt1.jpeg\" alt=\"\" width=\"900\" height=\"804\" srcset=\"https:\/\/www.hashtag.al\/wp-content\/uploads\/2019\/02\/Palokarama14shkurt1.jpeg 900w, https:\/\/www.hashtag.al\/wp-content\/uploads\/2019\/02\/Palokarama14shkurt1-300x268.jpeg 300w, https:\/\/www.hashtag.al\/wp-content\/uploads\/2019\/02\/Palokarama14shkurt1-768x686.jpeg 768w\" sizes=\"auto, (max-width: 900px) 100vw, 900px\" \/><\/p>\n","protected":false,"gt_translate_keys":[{"key":"rendered","format":"html"}]},"excerpt":{"rendered":"<p>Policia ka sekuestruar shiring\u00ebn me t\u00eb cil\u00ebn n\u00ebnkryetari i PD-s\u00eb, Paloka, sp\u00ebrkati me boj\u00eb kryeministrin Rama gjat\u00eb seanc\u00ebs s\u00eb sotme n\u00eb Kuvend. Ajo dhe boja q\u00eb iu hodh kreut t\u00eb qeveris\u00eb po analizohet nga ekspert\u00ebt. Pas incidentit n\u00eb parlament dhe p\u00ebrfundimit t\u00eb seanc\u00ebs, ekspert\u00eb t\u00eb policis\u00eb mb\u00ebrrit\u00ebn n\u00eb Kuvend p\u00ebr t\u00eb b\u00ebr\u00eb verifikimet dhe analizat [&hellip;]<\/p>\n","protected":false,"gt_translate_keys":[{"key":"rendered","format":"html"}]},"author":51,"featured_media":274445,"comment_status":"open","ping_status":"open","sticky":false,"template":"","format":"standard","meta":{"footnotes":""},"categories":[53,13],"tags":[],"class_list":["post-274440","post","type-post","status-publish","format-standard","has-post-thumbnail","hentry","category-fast-foodi","category-te-fundit"],"gt_translate_keys":[{"key":"link","format":"url"}],"_links":{"self":[{"href":"https:\/\/www.hashtag.al\/index.php\/wp-json\/wp\/v2\/posts\/274440","targetHints":{"allow":["GET"]}}],"collection":[{"href":"https:\/\/www.hashtag.al\/index.php\/wp-json\/wp\/v2\/posts"}],"about":[{"href":"https:\/\/www.hashtag.al\/index.php\/wp-json\/wp\/v2\/types\/post"}],"author":[{"embeddable":true,"href":"https:\/\/www.hashtag.al\/index.php\/wp-json\/wp\/v2\/users\/51"}],"replies":[{"embeddable":true,"href":"https:\/\/www.hashtag.al\/index.php\/wp-json\/wp\/v2\/comments?post=274440"}],"version-history":[{"count":0,"href":"https:\/\/www.hashtag.al\/index.php\/wp-json\/wp\/v2\/posts\/274440\/revisions"}],"wp:featuredmedia":[{"embeddable":true,"href":"https:\/\/www.hashtag.al\/index.php\/wp-json\/wp\/v2\/media\/274445"}],"wp:attachment":[{"href":"https:\/\/www.hashtag.al\/index.php\/wp-json\/wp\/v2\/media?parent=274440"}],"wp:term":[{"taxonomy":"category","embeddable":true,"href":"https:\/\/www.hashtag.al\/index.php\/wp-json\/wp\/v2\/categories?post=274440"},{"taxonomy":"post_tag","embeddable":true,"href":"https:\/\/www.hashtag.al\/index.php\/wp-json\/wp\/v2\/tags?post=274440"}],"curies":[{"name":"wp","href":"https:\/\/api.w.org\/{rel}","templated":true}]}}