{"id":274438,"date":"2019-02-14T12:42:42","date_gmt":"2019-02-14T11:42:42","guid":{"rendered":"https:\/\/hashtag.al\/?p=274438"},"modified":"2019-02-14T12:58:11","modified_gmt":"2019-02-14T11:58:11","slug":"pas-bojes-qe-i-mbuloi-fytyren-reagon-edi-rama-ne-facebook-dhe-nuk-i-ndahet-th-se","status":"publish","type":"post","link":"https:\/\/www.hashtag.al\/index.php\/2019\/02\/14\/pas-bojes-qe-i-mbuloi-fytyren-reagon-edi-rama-ne-facebook-dhe-nuk-i-ndahet-th-se\/","title":{"rendered":"Pas boj\u00ebs q\u00eb i mbuloi fytyr\u00ebn reagon Edi Rama. N\u00eb &#8220;Facebook&#8221; dhe nuk i ndahet &#8220;Th&#8221;-s\u00eb","gt_translate_keys":[{"key":"rendered","format":"text"}]},"content":{"rendered":"<p><img loading=\"lazy\" decoding=\"async\" class=\"aligncenter size-full wp-image-274403\" src=\"https:\/\/hashtag.al\/wp-content\/uploads\/2019\/02\/rama-2-2-1.jpg\" alt=\"\" width=\"900\" height=\"659\" srcset=\"https:\/\/www.hashtag.al\/wp-content\/uploads\/2019\/02\/rama-2-2-1.jpg 900w, https:\/\/www.hashtag.al\/wp-content\/uploads\/2019\/02\/rama-2-2-1-300x220.jpg 300w, https:\/\/www.hashtag.al\/wp-content\/uploads\/2019\/02\/rama-2-2-1-768x562.jpg 768w\" sizes=\"auto, (max-width: 900px) 100vw, 900px\" \/><\/p>\n<p><span style=\"color: #000000;\">Reagon Edi Rama, pas sp\u00ebrkatjes me boj\u00eb t\u00eb zez\u00eb nga Edi Paloka. Edhe k\u00ebt\u00eb her\u00eb Rama \u00ebsht\u00eb kujdesur t\u00eb ofendoj\u00eb \u00a0s\u00ebrish Palok\u00ebn.<\/span><\/p>\n<p><span style=\"color: #000000;\">&#8220;Dy gj\u00ebra jan\u00eb t\u00eb pafundme, universi dhe budallall\u00ebku i njeriut&#8221;, shkruante Ajnshtajni, p\u00ebrpara se sa opozita n\u00eb Shqip\u00ebri t\u00eb merrte form\u00ebn e nj\u00eb Budallall\u00ebku Universal, q\u00eb vizion ka Vez\u00ebn e Lulit, ide ka \u00c7izmen e Doktorresh\u00ebs dhe program ka Boj\u00ebn e Paloth\u00ebs&#8221;, shkruan Rama, duke vendosur edhe nj\u00eb emoji me gishtin posht\u00eb n\u00eb status dhe duke shp\u00ebrndar\u00eb videon e momentit.<\/span><\/p>\n<p><span style=\"color: #000000;\">Nd\u00ebrsa n\u00eb &#8220;Instagram&#8221; ka publikuar &#8220;arm\u00ebn e krimit&#8221;, shiring\u00ebn.<\/span><\/p>\n<p><span style=\"color: #000000;\">PD-ja b\u00ebri me dije sot se arsyeja pse n\u00ebnkryetari i PD-s\u00eb, sp\u00ebrkati kryeministrin Rama me boj\u00eb, \u00ebsht\u00eb pasi ai e kishte tallur dhe bullizuar m\u00ebnyr\u00ebn e t\u00eb folurit t\u00eb Palok\u00ebs. Tallja e kryeministrit Rama ndaj Palok\u00ebs ndodhi n\u00eb seanc\u00ebn plenare t\u00eb s\u00eb enjtes s\u00eb shkuar, kur kreu i qeveris\u00eb iu drejtua n\u00ebnkryetarit t\u00eb PD-s\u00eb q\u00eb po fliste n\u00eb vendi duke b\u00ebr\u00eb \u201cththth\u201d me gjuh\u00eb.<\/span><\/p>\n<p><img loading=\"lazy\" decoding=\"async\" class=\"aligncenter size-full wp-image-274443\" src=\"https:\/\/hashtag.al\/wp-content\/uploads\/2019\/02\/ediramareagimpaloka2.png\" alt=\"\" width=\"811\" height=\"604\" srcset=\"https:\/\/www.hashtag.al\/wp-content\/uploads\/2019\/02\/ediramareagimpaloka2.png 811w, https:\/\/www.hashtag.al\/wp-content\/uploads\/2019\/02\/ediramareagimpaloka2-300x223.png 300w, https:\/\/www.hashtag.al\/wp-content\/uploads\/2019\/02\/ediramareagimpaloka2-768x572.png 768w\" sizes=\"auto, (max-width: 811px) 100vw, 811px\" \/><\/p>\n<div style=\"width: 400px;\" class=\"wp-video\"><video class=\"wp-video-shortcode\" id=\"video-274438-1\" width=\"400\" height=\"226\" preload=\"metadata\" controls=\"controls\"><source type=\"video\/mp4\" src=\"https:\/\/hashtag.al\/wp-content\/uploads\/2019\/02\/ediramasperkatja.mp4?_=1\" \/><a href=\"https:\/\/hashtag.al\/wp-content\/uploads\/2019\/02\/ediramasperkatja.mp4\">https:\/\/hashtag.al\/wp-content\/uploads\/2019\/02\/ediramasperkatja.mp4<\/a><\/video><\/div>\n","protected":false,"gt_translate_keys":[{"key":"rendered","format":"html"}]},"excerpt":{"rendered":"<p>Reagon Edi Rama, pas sp\u00ebrkatjes me boj\u00eb t\u00eb zez\u00eb nga Edi Paloka. Edhe k\u00ebt\u00eb her\u00eb Rama \u00ebsht\u00eb kujdesur t\u00eb ofendoj\u00eb \u00a0s\u00ebrish Palok\u00ebn. &#8220;Dy gj\u00ebra jan\u00eb t\u00eb pafundme, universi dhe budallall\u00ebku i njeriut&#8221;, shkruante Ajnshtajni, p\u00ebrpara se sa opozita n\u00eb Shqip\u00ebri t\u00eb merrte form\u00ebn e nj\u00eb Budallall\u00ebku Universal, q\u00eb vizion ka Vez\u00ebn e Lulit, ide ka [&hellip;]<\/p>\n","protected":false,"gt_translate_keys":[{"key":"rendered","format":"html"}]},"author":6,"featured_media":274415,"comment_status":"open","ping_status":"open","sticky":false,"template":"","format":"standard","meta":{"footnotes":""},"categories":[65,13],"tags":[],"class_list":["post-274438","post","type-post","status-publish","format-standard","has-post-thumbnail","hentry","category-lajme","category-te-fundit"],"gt_translate_keys":[{"key":"link","format":"url"}],"_links":{"self":[{"href":"https:\/\/www.hashtag.al\/index.php\/wp-json\/wp\/v2\/posts\/274438","targetHints":{"allow":["GET"]}}],"collection":[{"href":"https:\/\/www.hashtag.al\/index.php\/wp-json\/wp\/v2\/posts"}],"about":[{"href":"https:\/\/www.hashtag.al\/index.php\/wp-json\/wp\/v2\/types\/post"}],"author":[{"embeddable":true,"href":"https:\/\/www.hashtag.al\/index.php\/wp-json\/wp\/v2\/users\/6"}],"replies":[{"embeddable":true,"href":"https:\/\/www.hashtag.al\/index.php\/wp-json\/wp\/v2\/comments?post=274438"}],"version-history":[{"count":0,"href":"https:\/\/www.hashtag.al\/index.php\/wp-json\/wp\/v2\/posts\/274438\/revisions"}],"wp:featuredmedia":[{"embeddable":true,"href":"https:\/\/www.hashtag.al\/index.php\/wp-json\/wp\/v2\/media\/274415"}],"wp:attachment":[{"href":"https:\/\/www.hashtag.al\/index.php\/wp-json\/wp\/v2\/media?parent=274438"}],"wp:term":[{"taxonomy":"category","embeddable":true,"href":"https:\/\/www.hashtag.al\/index.php\/wp-json\/wp\/v2\/categories?post=274438"},{"taxonomy":"post_tag","embeddable":true,"href":"https:\/\/www.hashtag.al\/index.php\/wp-json\/wp\/v2\/tags?post=274438"}],"curies":[{"name":"wp","href":"https:\/\/api.w.org\/{rel}","templated":true}]}}