{"id":274421,"date":"2019-02-14T12:19:40","date_gmt":"2019-02-14T11:19:40","guid":{"rendered":"https:\/\/hashtag.al\/?p=274421"},"modified":"2019-02-14T12:25:32","modified_gmt":"2019-02-14T11:25:32","slug":"haradinaj-ironizon-thacin-une-e-presidenti-sjemi-zedhenes-shba-ja-flet-vete","status":"publish","type":"post","link":"https:\/\/www.hashtag.al\/index.php\/2019\/02\/14\/haradinaj-ironizon-thacin-une-e-presidenti-sjemi-zedhenes-shba-ja-flet-vete\/","title":{"rendered":"Haradinaj ironizon Tha\u00e7in: Un\u00eb e presidenti s&#8217;jemi z\u00ebdh\u00ebn\u00ebs, SHBA-ja flet vet\u00eb","gt_translate_keys":[{"key":"rendered","format":"text"}]},"content":{"rendered":"<p><img loading=\"lazy\" decoding=\"async\" class=\"aligncenter size-full wp-image-274422\" src=\"https:\/\/hashtag.al\/wp-content\/uploads\/2019\/02\/haradinaj-thaci.jpg\" alt=\"\" width=\"1023\" height=\"575\" srcset=\"https:\/\/www.hashtag.al\/wp-content\/uploads\/2019\/02\/haradinaj-thaci.jpg 1023w, https:\/\/www.hashtag.al\/wp-content\/uploads\/2019\/02\/haradinaj-thaci-300x169.jpg 300w, https:\/\/www.hashtag.al\/wp-content\/uploads\/2019\/02\/haradinaj-thaci-768x432.jpg 768w\" sizes=\"auto, (max-width: 1023px) 100vw, 1023px\" \/><\/p>\n<p><span style=\"color: #000000;\">Krer\u00ebt e shtetit t\u00eb Kosov\u00ebs kan\u00eb zhvilluar nj\u00eb takim me ekipin negociator p\u00ebr bisedimet me Serbin\u00eb. <\/span><\/p>\n<p><span style=\"color: #000000;\">Pas takimit, kreu i qeveris\u00eb, Haradinaj, ka th\u00ebn\u00eb se n\u00eb mbledhje ishte diskutuar p\u00ebr platform\u00ebn e dialogut Kosov\u00eb-Serbi, shkruan Lajmi.net.<\/span><\/p>\n<p><span style=\"color: #000000;\"><em>\u201cPlatforma \u00ebsht\u00eb nj\u00eb dokument i q\u00ebndruesh\u00ebm i parimeve por edhe i q\u00ebllimeve q\u00eb ka Kosova n\u00eb dialog. Kjo platform\u00eb buron nga kushtetuta, i obligohet kushtetueshm\u00ebris\u00eb edhe \u00ebsht\u00eb nj\u00eb garanc\u00eb e mir\u00eb p\u00ebr Kosov\u00ebn.\u201d<\/em> &#8211; tha Haradinaj.<\/span><\/p>\n<p><span style=\"color: #000000;\">M\u00eb tej Haradinaj tha se gjat\u00eb takimit nuk ishte diskutuar p\u00ebr taks\u00ebn 100% ndaj mallrave serbe.<\/span><\/p>\n<p><span style=\"color: #000000;\"><em>\u201cI dhash\u00eb p\u00ebrkrahje platform\u00ebs, me siguri do mbajm\u00eb k\u00ebshillime edhe me lider\u00eb opozitare. N\u00ebse Vet\u00ebvendosja dhe LDK-ja nuk marrin pjes\u00eb n\u00eb delegacion, mund t\u00eb japin ndihm\u00ebn e tyre me p\u00ebrkrahje p\u00ebr platform\u00ebn.\u201d \u2013<\/em> shtoi ai.<\/span><\/p>\n<p><span style=\"color: #000000;\">N\u00eb fund ai theksoi se n\u00eb takime t\u00eb tilla nuk ishte e udh\u00ebs q\u00eb t\u00eb p\u00ebrziheshin temat n\u00eb diskutim teksa tha: <em>\u201cNuk do i kisha p\u00ebrzier temat. Amerika flet vet\u00eb, as presidenti dhe as un\u00eb s\u2019jemi z\u00ebdh\u00ebn\u00ebs t\u00eb Amerik\u00ebs.\u201d<\/em><\/span><\/p>\n<p><img loading=\"lazy\" decoding=\"async\" class=\"aligncenter size-full wp-image-274423\" src=\"https:\/\/hashtag.al\/wp-content\/uploads\/2019\/02\/Haradinaj.jpg\" alt=\"\" width=\"650\" height=\"358\" srcset=\"https:\/\/www.hashtag.al\/wp-content\/uploads\/2019\/02\/Haradinaj.jpg 650w, https:\/\/www.hashtag.al\/wp-content\/uploads\/2019\/02\/Haradinaj-300x165.jpg 300w\" sizes=\"auto, (max-width: 650px) 100vw, 650px\" \/><\/p>\n","protected":false,"gt_translate_keys":[{"key":"rendered","format":"html"}]},"excerpt":{"rendered":"<p>Krer\u00ebt e shtetit t\u00eb Kosov\u00ebs kan\u00eb zhvilluar nj\u00eb takim me ekipin negociator p\u00ebr bisedimet me Serbin\u00eb. Pas takimit, kreu i qeveris\u00eb, Haradinaj, ka th\u00ebn\u00eb se n\u00eb mbledhje ishte diskutuar p\u00ebr platform\u00ebn e dialogut Kosov\u00eb-Serbi, shkruan Lajmi.net. \u201cPlatforma \u00ebsht\u00eb nj\u00eb dokument i q\u00ebndruesh\u00ebm i parimeve por edhe i q\u00ebllimeve q\u00eb ka Kosova n\u00eb dialog. Kjo platform\u00eb [&hellip;]<\/p>\n","protected":false,"gt_translate_keys":[{"key":"rendered","format":"html"}]},"author":51,"featured_media":274424,"comment_status":"open","ping_status":"open","sticky":false,"template":"","format":"standard","meta":{"footnotes":""},"categories":[149,6],"tags":[],"class_list":["post-274421","post","type-post","status-publish","format-standard","has-post-thumbnail","hentry","category-kosoverajon","category-nderkombetare"],"gt_translate_keys":[{"key":"link","format":"url"}],"_links":{"self":[{"href":"https:\/\/www.hashtag.al\/index.php\/wp-json\/wp\/v2\/posts\/274421","targetHints":{"allow":["GET"]}}],"collection":[{"href":"https:\/\/www.hashtag.al\/index.php\/wp-json\/wp\/v2\/posts"}],"about":[{"href":"https:\/\/www.hashtag.al\/index.php\/wp-json\/wp\/v2\/types\/post"}],"author":[{"embeddable":true,"href":"https:\/\/www.hashtag.al\/index.php\/wp-json\/wp\/v2\/users\/51"}],"replies":[{"embeddable":true,"href":"https:\/\/www.hashtag.al\/index.php\/wp-json\/wp\/v2\/comments?post=274421"}],"version-history":[{"count":0,"href":"https:\/\/www.hashtag.al\/index.php\/wp-json\/wp\/v2\/posts\/274421\/revisions"}],"wp:featuredmedia":[{"embeddable":true,"href":"https:\/\/www.hashtag.al\/index.php\/wp-json\/wp\/v2\/media\/274424"}],"wp:attachment":[{"href":"https:\/\/www.hashtag.al\/index.php\/wp-json\/wp\/v2\/media?parent=274421"}],"wp:term":[{"taxonomy":"category","embeddable":true,"href":"https:\/\/www.hashtag.al\/index.php\/wp-json\/wp\/v2\/categories?post=274421"},{"taxonomy":"post_tag","embeddable":true,"href":"https:\/\/www.hashtag.al\/index.php\/wp-json\/wp\/v2\/tags?post=274421"}],"curies":[{"name":"wp","href":"https:\/\/api.w.org\/{rel}","templated":true}]}}