{"id":274413,"date":"2019-02-14T12:00:59","date_gmt":"2019-02-14T11:00:59","guid":{"rendered":"https:\/\/hashtag.al\/?p=274413"},"modified":"2019-02-14T12:04:48","modified_gmt":"2019-02-14T11:04:48","slug":"garda-dhe-policia-procedojne-penalisht-paloken-sulmoi-me-solucion-kimik-kryeministrin-rama","status":"publish","type":"post","link":"https:\/\/www.hashtag.al\/index.php\/2019\/02\/14\/garda-dhe-policia-procedojne-penalisht-paloken-sulmoi-me-solucion-kimik-kryeministrin-rama\/","title":{"rendered":"Garda dhe policia procedojn\u00eb penalisht Palok\u00ebn: Sulmoi me solucion kimik kryeministrin Rama","gt_translate_keys":[{"key":"rendered","format":"text"}]},"content":{"rendered":"<p><span style=\"color: #000000;\"><img loading=\"lazy\" decoding=\"async\" class=\"aligncenter size-full wp-image-274414\" src=\"https:\/\/hashtag.al\/wp-content\/uploads\/2019\/02\/Ramaboje4.jpg\" alt=\"\" width=\"1280\" height=\"720\" srcset=\"https:\/\/www.hashtag.al\/wp-content\/uploads\/2019\/02\/Ramaboje4.jpg 1280w, https:\/\/www.hashtag.al\/wp-content\/uploads\/2019\/02\/Ramaboje4-300x169.jpg 300w, https:\/\/www.hashtag.al\/wp-content\/uploads\/2019\/02\/Ramaboje4-768x432.jpg 768w, https:\/\/www.hashtag.al\/wp-content\/uploads\/2019\/02\/Ramaboje4-1024x576.jpg 1024w\" sizes=\"auto, (max-width: 1280px) 100vw, 1280px\" \/><\/span><\/p>\n<p><span style=\"color: #000000;\">Garda e Republik\u00ebs dhe policia kan\u00eb nisur hetimet ndaj n\u00ebnkryetarit t\u00eb PD-s\u00eb, Paloka, pasi ky i fundit sp\u00ebrkati me boj\u00eb kryeministrin Rama gjat\u00eb seanc\u00ebs s\u00eb sotme parlamentare. <\/span><\/p>\n<p><span style=\"color: #000000;\">N\u00eb njoftimin e shp\u00ebrndar\u00eb p\u00ebr mediat, theksohet se Paloka e kishte sulmues kreun e qeveris\u00eb me solucion kimik t\u00eb parap\u00ebrgatitur dhe p\u00ebr k\u00ebt\u00eb arsye ka nisur procedimin penal ndaj tij.<\/span><\/p>\n<p><span style=\"color: #000000;\"><strong>Deklarata e Gard\u00ebs s\u00eb Republik\u00ebs dhe Policis\u00eb s\u00eb Shtetit<\/strong><\/span><\/p>\n<p><span style=\"color: #000000;\"><em>\u201cSot, n\u00eb sall\u00ebn e seancave t\u00eb Kuvendit t\u00eb Shqip\u00ebris\u00eb, deputeti Edi Paloka ka sulmuar me nj\u00eb solucion kimik t\u00eb parap\u00ebrgatitur Kryeministrin e Shqip\u00ebris\u00eb, Edi Rama. Garda e Republik\u00ebs me mb\u00ebshtetjen e strukturave t\u00eb specializuara t\u00eb Policis\u00eb s\u00eb Shtetit ka nisur hetimet e menj\u00ebhershme p\u00ebr agresionin e kryer n\u00eb syt\u00eb e t\u00eb gjith\u00ebve dhe gjithashtu procedimin penal kund\u00ebr shtetasit Edi Paloka.\u201d<\/em><\/span><\/p>\n<p><span style=\"color: #000000;\"><strong>Incidenti<\/strong><\/span><\/p>\n<p><span style=\"color: #000000;\">Pas fjal\u00ebs s\u00eb kreut t\u00eb PD-s\u00eb, Basha, kryeministri Rama foli nga vendi duke i k\u00ebrkuar ndjes\u00eb kryetarit t\u00eb Parlamentit t\u00eb Maqedonis\u00eb, Talat Xhaferri, lidhur me deklaratat e kreut t\u00eb opozit\u00ebs.<\/span><\/p>\n<p><span style=\"color: #000000;\">Pas k\u00ebsaj, n\u00ebnkryetari i PD-s\u00eb, Paloka, u \u00e7ua nga vendi dhe iu drejtua vendit ku rri kreu i qeveris\u00eb duke e sp\u00ebrkatur me boj\u00eb.<\/span><\/p>\n<p><span style=\"color: #000000;\">Kreu i Kuvendit, Ru\u00e7i, nd\u00ebrpreu seanc\u00ebn dhe urdh\u00ebroi daljen jasht\u00eb sall\u00ebs t\u00eb Palok\u00ebs.<\/span><\/p>\n<p><span style=\"color: #000000;\"><img loading=\"lazy\" decoding=\"async\" class=\"aligncenter size-full wp-image-274415\" src=\"https:\/\/hashtag.al\/wp-content\/uploads\/2019\/02\/rama-2-2-2.jpg\" alt=\"\" width=\"900\" height=\"659\" srcset=\"https:\/\/www.hashtag.al\/wp-content\/uploads\/2019\/02\/rama-2-2-2.jpg 900w, https:\/\/www.hashtag.al\/wp-content\/uploads\/2019\/02\/rama-2-2-2-300x220.jpg 300w, https:\/\/www.hashtag.al\/wp-content\/uploads\/2019\/02\/rama-2-2-2-768x562.jpg 768w\" sizes=\"auto, (max-width: 900px) 100vw, 900px\" \/><\/span><\/p>\n","protected":false,"gt_translate_keys":[{"key":"rendered","format":"html"}]},"excerpt":{"rendered":"<p>Garda e Republik\u00ebs dhe policia kan\u00eb nisur hetimet ndaj n\u00ebnkryetarit t\u00eb PD-s\u00eb, Paloka, pasi ky i fundit sp\u00ebrkati me boj\u00eb kryeministrin Rama gjat\u00eb seanc\u00ebs s\u00eb sotme parlamentare. N\u00eb njoftimin e shp\u00ebrndar\u00eb p\u00ebr mediat, theksohet se Paloka e kishte sulmues kreun e qeveris\u00eb me solucion kimik t\u00eb parap\u00ebrgatitur dhe p\u00ebr k\u00ebt\u00eb arsye ka nisur procedimin penal [&hellip;]<\/p>\n","protected":false,"gt_translate_keys":[{"key":"rendered","format":"html"}]},"author":51,"featured_media":274416,"comment_status":"open","ping_status":"open","sticky":false,"template":"","format":"standard","meta":{"footnotes":""},"categories":[65,13],"tags":[],"class_list":["post-274413","post","type-post","status-publish","format-standard","has-post-thumbnail","hentry","category-lajme","category-te-fundit"],"gt_translate_keys":[{"key":"link","format":"url"}],"_links":{"self":[{"href":"https:\/\/www.hashtag.al\/index.php\/wp-json\/wp\/v2\/posts\/274413","targetHints":{"allow":["GET"]}}],"collection":[{"href":"https:\/\/www.hashtag.al\/index.php\/wp-json\/wp\/v2\/posts"}],"about":[{"href":"https:\/\/www.hashtag.al\/index.php\/wp-json\/wp\/v2\/types\/post"}],"author":[{"embeddable":true,"href":"https:\/\/www.hashtag.al\/index.php\/wp-json\/wp\/v2\/users\/51"}],"replies":[{"embeddable":true,"href":"https:\/\/www.hashtag.al\/index.php\/wp-json\/wp\/v2\/comments?post=274413"}],"version-history":[{"count":0,"href":"https:\/\/www.hashtag.al\/index.php\/wp-json\/wp\/v2\/posts\/274413\/revisions"}],"wp:featuredmedia":[{"embeddable":true,"href":"https:\/\/www.hashtag.al\/index.php\/wp-json\/wp\/v2\/media\/274416"}],"wp:attachment":[{"href":"https:\/\/www.hashtag.al\/index.php\/wp-json\/wp\/v2\/media?parent=274413"}],"wp:term":[{"taxonomy":"category","embeddable":true,"href":"https:\/\/www.hashtag.al\/index.php\/wp-json\/wp\/v2\/categories?post=274413"},{"taxonomy":"post_tag","embeddable":true,"href":"https:\/\/www.hashtag.al\/index.php\/wp-json\/wp\/v2\/tags?post=274413"}],"curies":[{"name":"wp","href":"https:\/\/api.w.org\/{rel}","templated":true}]}}