{"id":274214,"date":"2019-02-13T19:45:50","date_gmt":"2019-02-13T18:45:50","guid":{"rendered":"https:\/\/hashtag.al\/?p=274214"},"modified":"2019-02-13T19:39:40","modified_gmt":"2019-02-13T18:39:40","slug":"aksident-ne-aksin-shkup-tetove-humbin-jeten-10-persona","status":"publish","type":"post","link":"https:\/\/www.hashtag.al\/index.php\/2019\/02\/13\/aksident-ne-aksin-shkup-tetove-humbin-jeten-10-persona\/","title":{"rendered":"Aksident n\u00eb aksin Shkup-Tetov\u00eb, humbin jet\u00ebn 10 persona","gt_translate_keys":[{"key":"rendered","format":"text"}]},"content":{"rendered":"<p><img loading=\"lazy\" decoding=\"async\" class=\"aligncenter size-full wp-image-274215\" src=\"https:\/\/hashtag.al\/wp-content\/uploads\/2019\/02\/aksidenti-maqexdoni.jpg\" alt=\"\" width=\"702\" height=\"387\" srcset=\"https:\/\/www.hashtag.al\/wp-content\/uploads\/2019\/02\/aksidenti-maqexdoni.jpg 702w, https:\/\/www.hashtag.al\/wp-content\/uploads\/2019\/02\/aksidenti-maqexdoni-300x165.jpg 300w\" sizes=\"auto, (max-width: 702px) 100vw, 702px\" \/><\/p>\n<p><span style=\"color: #000000;\">Rreth\u00a0 20 persona t\u00eb aksidentuar n\u00eb autostrad\u00ebn Shkup-Tetov\u00eb\u00a0 jan\u00eb transportuar deri m\u00eb tani n\u00eb spitalin \u201c8 shtatori\u201d n\u00eb Shkup .Sipas Alsat deri m\u00eb tani raportohet p\u00ebr 10 persona q\u00eb kan\u00eb nd\u00ebruar jet\u00eb.<\/span><\/p>\n<p><span style=\"color: #000000;\">Patrullat policore kan\u00eb bllokuar dhe siguruar perimetrin e aksidentit. Zv. ministri i Brendsh\u00ebm, Agim Nuhiu\u00a0 si dhe ministri i Sh\u00ebndet\u00ebsis\u00eb Venko Filip\u00e7e jan\u00eb duke shkuar n\u00eb vendin e ngjarjes.<\/span><\/p>\n<p><span style=\"color: #000000;\">Kalimtar\u00ebt e rastit dhe qytetar\u00ebt t\u00eb cil\u00ebt gjenden n\u00eb vendngjarje jan\u00eb mbledhur grup dhe po mundohen q\u00eb t\u00eb rrokullisin autobusin, p\u00ebr t\u00eb mund\u00ebsuar t\u00ebrheqjen e udh\u00ebtar\u00ebve q\u00eb kan\u00eb ngelur brenda autobusit t\u00eb nxirren jasht\u00eb.<\/span><\/p>\n<p><span style=\"color: #000000;\">Mjete t\u00eb r\u00ebnda jan\u00eb sjellur n\u00eb vendngjarje p\u00ebr t\u00eb mund\u00ebsuar q\u00eb t\u00eb l\u00ebvizin autobusin, kujtojm\u00eb q\u00eb autobusi \u00ebsht\u00eb rrokullisur n\u00eb kilometrin e shtat\u00eb t\u00eb autostrad\u00ebs Shkup-Tetov\u00eb pas pik\u00eb pages\u00ebs s\u00eb par\u00eb.<\/span><\/p>\n<p><span style=\"color: #000000;\">Ekipet e ndihm\u00ebs s\u00eb shpejt\u00eb jan\u00eb mbledhur n\u00eb vendngjarje nga ku po ndihmohen nga kalimtar\u00ebt e rastit dhe banor\u00ebt p\u00ebr rreth, p\u00ebr t\u00eb nxjerr\u00eb nga autobusi udh\u00ebtar\u00ebt t\u00eb cil\u00ebt kan\u00eb ngelur brenda, dyshohet edhe p\u00ebr t\u00eb vdekur.<\/span><\/p>\n<p><span style=\"color: #000000;\">Sipas d\u00ebshmitar\u00ebve thuhet se shkak i aksidentit ishte plasja e gom\u00ebs\u00a0 me \u00e7rast autobusi ka p\u00ebrfunduar n\u00eb korsin\u00eb e kund\u00ebrt t\u00eb autostrad\u00ebs .<\/span><\/p>\n","protected":false,"gt_translate_keys":[{"key":"rendered","format":"html"}]},"excerpt":{"rendered":"<p>Rreth\u00a0 20 persona t\u00eb aksidentuar n\u00eb autostrad\u00ebn Shkup-Tetov\u00eb\u00a0 jan\u00eb transportuar deri m\u00eb tani n\u00eb spitalin \u201c8 shtatori\u201d n\u00eb Shkup .Sipas Alsat deri m\u00eb tani raportohet p\u00ebr 10 persona q\u00eb kan\u00eb nd\u00ebruar jet\u00eb. Patrullat policore kan\u00eb bllokuar dhe siguruar perimetrin e aksidentit. Zv. ministri i Brendsh\u00ebm, Agim Nuhiu\u00a0 si dhe ministri i Sh\u00ebndet\u00ebsis\u00eb Venko Filip\u00e7e jan\u00eb [&hellip;]<\/p>\n","protected":false,"gt_translate_keys":[{"key":"rendered","format":"html"}]},"author":32,"featured_media":274215,"comment_status":"open","ping_status":"open","sticky":false,"template":"","format":"standard","meta":{"footnotes":""},"categories":[149,13],"tags":[],"class_list":["post-274214","post","type-post","status-publish","format-standard","has-post-thumbnail","hentry","category-kosoverajon","category-te-fundit"],"gt_translate_keys":[{"key":"link","format":"url"}],"_links":{"self":[{"href":"https:\/\/www.hashtag.al\/index.php\/wp-json\/wp\/v2\/posts\/274214","targetHints":{"allow":["GET"]}}],"collection":[{"href":"https:\/\/www.hashtag.al\/index.php\/wp-json\/wp\/v2\/posts"}],"about":[{"href":"https:\/\/www.hashtag.al\/index.php\/wp-json\/wp\/v2\/types\/post"}],"author":[{"embeddable":true,"href":"https:\/\/www.hashtag.al\/index.php\/wp-json\/wp\/v2\/users\/32"}],"replies":[{"embeddable":true,"href":"https:\/\/www.hashtag.al\/index.php\/wp-json\/wp\/v2\/comments?post=274214"}],"version-history":[{"count":0,"href":"https:\/\/www.hashtag.al\/index.php\/wp-json\/wp\/v2\/posts\/274214\/revisions"}],"wp:featuredmedia":[{"embeddable":true,"href":"https:\/\/www.hashtag.al\/index.php\/wp-json\/wp\/v2\/media\/274215"}],"wp:attachment":[{"href":"https:\/\/www.hashtag.al\/index.php\/wp-json\/wp\/v2\/media?parent=274214"}],"wp:term":[{"taxonomy":"category","embeddable":true,"href":"https:\/\/www.hashtag.al\/index.php\/wp-json\/wp\/v2\/categories?post=274214"},{"taxonomy":"post_tag","embeddable":true,"href":"https:\/\/www.hashtag.al\/index.php\/wp-json\/wp\/v2\/tags?post=274214"}],"curies":[{"name":"wp","href":"https:\/\/api.w.org\/{rel}","templated":true}]}}