{"id":274191,"date":"2019-02-13T18:28:41","date_gmt":"2019-02-13T17:28:41","guid":{"rendered":"https:\/\/hashtag.al\/?p=274191"},"modified":"2019-02-14T12:54:19","modified_gmt":"2019-02-14T11:54:19","slug":"banoret-e-unazes-bllokojne-rrethrrotullimin-te-dogana-rama-e-veliaj-ikni-nga-shqiperia-fotot","status":"publish","type":"post","link":"https:\/\/www.hashtag.al\/index.php\/2019\/02\/13\/banoret-e-unazes-bllokojne-rrethrrotullimin-te-dogana-rama-e-veliaj-ikni-nga-shqiperia-fotot\/","title":{"rendered":"Banor\u00ebt e Unaz\u00ebs bllokojn\u00eb Dogan\u00ebn: Rama e Veliaj, ikni nga Shqip\u00ebria! (FOTOT)","gt_translate_keys":[{"key":"rendered","format":"text"}]},"content":{"rendered":"<p><img loading=\"lazy\" decoding=\"async\" class=\"aligncenter size-full wp-image-274193\" src=\"https:\/\/hashtag.al\/wp-content\/uploads\/2019\/02\/Astiri-2.png\" alt=\"\" width=\"961\" height=\"502\" srcset=\"https:\/\/www.hashtag.al\/wp-content\/uploads\/2019\/02\/Astiri-2.png 961w, https:\/\/www.hashtag.al\/wp-content\/uploads\/2019\/02\/Astiri-2-300x157.png 300w, https:\/\/www.hashtag.al\/wp-content\/uploads\/2019\/02\/Astiri-2-768x401.png 768w\" sizes=\"auto, (max-width: 961px) 100vw, 961px\" \/><\/p>\n<p><span style=\"color: #000000;\">Banor\u00ebt e Unaz\u00ebs s\u00eb Re kan\u00eb vijuar me protest\u00ebn kund\u00ebr projektit q\u00eb parashikon shembjen e banesave t\u00eb tyre.<\/span><\/p>\n<p><span style=\"color: #000000;\">Por sot ata nuk jan\u00eb t\u00eb vet\u00ebm. U jan\u00eb bashkuar edhe qytetar\u00eb t\u00eb tjer\u00eb t\u00eb Tiran\u00ebs, t\u00eb cil\u00ebt nuk jan\u00eb banor\u00eb t\u00eb zon\u00ebs, por jan\u00eb solidarizuar me kauz\u00ebn e tyre.<\/span><\/p>\n<p><span style=\"color: #000000;\">N\u00eb dit\u00ebn e 103-t\u00eb t\u00eb protest\u00ebs s\u00eb tyre, banor\u00ebt e Unaz\u00ebs brohorasin n\u00eb kor:<em>\u201cEdi Rama, Erion Veliaj, ikni nga Shqip\u00ebria\u201d<\/em> dhe <em>\u201cEdi Rama o zagar, do t\u00eb t\u00ebrheqim me litar\u201d<\/em>, aspo \u201c<em>Te sheshi, te sheshi, ta hedhim qelb\u00ebsir\u00ebn\u201d.<\/em><\/span><\/p>\n<p><img loading=\"lazy\" decoding=\"async\" class=\"aligncenter size-full wp-image-274194\" src=\"https:\/\/hashtag.al\/wp-content\/uploads\/2019\/02\/AStiri-4.png\" alt=\"\" width=\"962\" height=\"487\" srcset=\"https:\/\/www.hashtag.al\/wp-content\/uploads\/2019\/02\/AStiri-4.png 962w, https:\/\/www.hashtag.al\/wp-content\/uploads\/2019\/02\/AStiri-4-300x152.png 300w, https:\/\/www.hashtag.al\/wp-content\/uploads\/2019\/02\/AStiri-4-768x389.png 768w\" sizes=\"auto, (max-width: 962px) 100vw, 962px\" \/><\/p>\n<p><span style=\"color: #000000;\">Protestuesit kan\u00eb paralajm\u00ebruar se do t\u00eb marrin pjes\u00eb n\u00eb protest\u00ebn e 16 shkurtit, nd\u00ebrsa ftojn\u00eb edhe qytetar\u00ebt e tjer\u00eb, jo vet\u00ebm t\u00eb Tiran\u00ebs por t\u00eb gjith\u00eb Shqip\u00ebris\u00eb q\u00eb t\u2019u bashkohen.<\/span><\/p>\n<p><span style=\"color: #000000;\">N\u00eb protest\u00ebn e sotme, i pranish\u00ebm ishte si zakonisht edhe deputeti demokrat Klevis Balliu, i cili tha se kjo qeveri mbahet n\u00eb k\u00ebmb\u00eb vet\u00ebm nga bandat, por bandat nuk mund t\u00eb mbajn\u00eb peng t\u00eb ardhmen e f\u00ebmij\u00ebve tan\u00eb.<\/span><\/p>\n<p><span style=\"color: #000000;\"><em>\u201cProtesta e 16 shkurtit nuk \u00ebsht\u00eb protest\u00eb partiake por komb\u00ebtare\u201d<\/em>, theksoi ai.<\/span><\/p>\n<p><img loading=\"lazy\" decoding=\"async\" class=\"aligncenter size-full wp-image-274195\" src=\"https:\/\/hashtag.al\/wp-content\/uploads\/2019\/02\/rruga.png\" alt=\"\" width=\"962\" height=\"499\" srcset=\"https:\/\/www.hashtag.al\/wp-content\/uploads\/2019\/02\/rruga.png 962w, https:\/\/www.hashtag.al\/wp-content\/uploads\/2019\/02\/rruga-300x156.png 300w, https:\/\/www.hashtag.al\/wp-content\/uploads\/2019\/02\/rruga-768x398.png 768w\" sizes=\"auto, (max-width: 962px) 100vw, 962px\" \/><\/p>\n<p><span style=\"color: #000000;\">Protesta e sotme \u00ebsht\u00eb zhvendosur tek rreth-rrotullimi i dogan\u00ebs, ose ndryshe tek <em>\u201cish-sheshi Shqiponja\u201d<\/em>, duke bllokuar qarkullimin e automjeteve n\u00eb 4 drejtime t\u00eb ndryshme.<\/span><\/p>\n<p><span style=\"color: #000000;\"><em>\u201cVij si qytetar q\u00eb protestoj kund\u00ebr t\u00eb keqes. Duhej t\u00eb ishim kujtuar q\u00eb kur Edi Rama ngriti \u00e7mimin e naft\u00ebs, q\u00eb t\u00eb vinim k\u00ebtu t\u00eb bllokonim rrug\u00ebn, q\u00eb kur ngriti \u00e7mimin e gazit, kur ngriti taksat. Por ne nuk u ngrit\u00ebm. Duhej t\u00eb na prekte tek sht\u00ebpit\u00eb q\u00eb at\u00ebhere t\u00eb kujtoheshim t\u00eb dilnim n\u00eb rrug\u00eb\u201d<\/em>, tha nj\u00eb nga qytetar\u00ebt q\u00eb i \u00ebsht\u00eb bashkuar sot p\u00ebr her\u00eb t\u00eb par\u00eb k\u00ebsaj proteste.<strong>\/Hashtag.al<\/strong><\/span><\/p>\n<p><img loading=\"lazy\" decoding=\"async\" class=\"aligncenter size-full wp-image-274192\" src=\"https:\/\/hashtag.al\/wp-content\/uploads\/2019\/02\/astiri-1.png\" alt=\"\" width=\"964\" height=\"487\" srcset=\"https:\/\/www.hashtag.al\/wp-content\/uploads\/2019\/02\/astiri-1.png 964w, https:\/\/www.hashtag.al\/wp-content\/uploads\/2019\/02\/astiri-1-300x152.png 300w, https:\/\/www.hashtag.al\/wp-content\/uploads\/2019\/02\/astiri-1-768x388.png 768w\" sizes=\"auto, (max-width: 964px) 100vw, 964px\" \/><\/p>\n<p>&nbsp;<\/p>\n","protected":false,"gt_translate_keys":[{"key":"rendered","format":"html"}]},"excerpt":{"rendered":"<p>Banor\u00ebt e Unaz\u00ebs s\u00eb Re kan\u00eb vijuar me protest\u00ebn kund\u00ebr projektit q\u00eb parashikon shembjen e banesave t\u00eb tyre. Por sot ata nuk jan\u00eb t\u00eb vet\u00ebm. U jan\u00eb bashkuar edhe qytetar\u00eb t\u00eb tjer\u00eb t\u00eb Tiran\u00ebs, t\u00eb cil\u00ebt nuk jan\u00eb banor\u00eb t\u00eb zon\u00ebs, por jan\u00eb solidarizuar me kauz\u00ebn e tyre. N\u00eb dit\u00ebn e 103-t\u00eb t\u00eb protest\u00ebs s\u00eb [&hellip;]<\/p>\n","protected":false,"gt_translate_keys":[{"key":"rendered","format":"html"}]},"author":30,"featured_media":274195,"comment_status":"open","ping_status":"open","sticky":false,"template":"","format":"standard","meta":{"footnotes":""},"categories":[65,13],"tags":[],"class_list":["post-274191","post","type-post","status-publish","format-standard","has-post-thumbnail","hentry","category-lajme","category-te-fundit"],"gt_translate_keys":[{"key":"link","format":"url"}],"_links":{"self":[{"href":"https:\/\/www.hashtag.al\/index.php\/wp-json\/wp\/v2\/posts\/274191","targetHints":{"allow":["GET"]}}],"collection":[{"href":"https:\/\/www.hashtag.al\/index.php\/wp-json\/wp\/v2\/posts"}],"about":[{"href":"https:\/\/www.hashtag.al\/index.php\/wp-json\/wp\/v2\/types\/post"}],"author":[{"embeddable":true,"href":"https:\/\/www.hashtag.al\/index.php\/wp-json\/wp\/v2\/users\/30"}],"replies":[{"embeddable":true,"href":"https:\/\/www.hashtag.al\/index.php\/wp-json\/wp\/v2\/comments?post=274191"}],"version-history":[{"count":0,"href":"https:\/\/www.hashtag.al\/index.php\/wp-json\/wp\/v2\/posts\/274191\/revisions"}],"wp:featuredmedia":[{"embeddable":true,"href":"https:\/\/www.hashtag.al\/index.php\/wp-json\/wp\/v2\/media\/274195"}],"wp:attachment":[{"href":"https:\/\/www.hashtag.al\/index.php\/wp-json\/wp\/v2\/media?parent=274191"}],"wp:term":[{"taxonomy":"category","embeddable":true,"href":"https:\/\/www.hashtag.al\/index.php\/wp-json\/wp\/v2\/categories?post=274191"},{"taxonomy":"post_tag","embeddable":true,"href":"https:\/\/www.hashtag.al\/index.php\/wp-json\/wp\/v2\/tags?post=274191"}],"curies":[{"name":"wp","href":"https:\/\/api.w.org\/{rel}","templated":true}]}}