{"id":274125,"date":"2019-02-13T15:22:21","date_gmt":"2019-02-13T14:22:21","guid":{"rendered":"https:\/\/hashtag.al\/?p=274125"},"modified":"2019-02-13T15:24:57","modified_gmt":"2019-02-13T14:24:57","slug":"spanja-drejt-zgjedhjeve-te-parakohshme-parlamenti-refuzon-projektbuxhetin-e-qeverise","status":"publish","type":"post","link":"https:\/\/www.hashtag.al\/index.php\/2019\/02\/13\/spanja-drejt-zgjedhjeve-te-parakohshme-parlamenti-refuzon-projektbuxhetin-e-qeverise\/","title":{"rendered":"Spanja drejt zgjedhjeve t\u00eb parakohshme, parlamenti refuzon projektbuxhetin e qeveris\u00eb","gt_translate_keys":[{"key":"rendered","format":"text"}]},"content":{"rendered":"<p><img loading=\"lazy\" decoding=\"async\" class=\"aligncenter size-full wp-image-274126\" src=\"https:\/\/hashtag.al\/wp-content\/uploads\/2019\/02\/parlamenti-2.jpg\" alt=\"\" width=\"980\" height=\"551\" srcset=\"https:\/\/www.hashtag.al\/wp-content\/uploads\/2019\/02\/parlamenti-2.jpg 980w, https:\/\/www.hashtag.al\/wp-content\/uploads\/2019\/02\/parlamenti-2-300x169.jpg 300w, https:\/\/www.hashtag.al\/wp-content\/uploads\/2019\/02\/parlamenti-2-768x432.jpg 768w\" sizes=\"auto, (max-width: 980px) 100vw, 980px\" \/><\/p>\n<p><span style=\"color: #000000;\">Parlamenti i Spanj\u00ebs ka hedhur posht\u00eb projektbuxhetin e vitit 2019, duke i dh\u00ebn\u00eb nj\u00eb goditje t\u00eb madhe kryeministrit Pedro Sanchez dhe duke rritur mund\u00ebsin\u00eb p\u00ebr zgjedhje t\u00eb parakohshme n\u00eb vendin iberik.<\/span><\/p>\n<p><span style=\"color: #000000;\"> Nj\u00eb mori e partive rajonale t\u00eb pakicave, duke p\u00ebrfshir\u00eb edhe katalanasit, refuzuan t\u00eb mb\u00ebshtesin pjes\u00ebn vendimtare t\u00eb legjislacionit dhe votuan kund\u00ebr propozimit t\u00eb paraqitur nga kabineti socialist i Sanchez. <\/span><\/p>\n<p><span style=\"color: #000000;\">Kryeministri kishte deklaruar m\u00eb her\u00ebt se n\u00ebse buxheti i vitit 2019 nuk do t\u00eb miratohej, ai do t\u00eb th\u00ebrriste zgjedhje t\u00eb parakohshme n\u00eb mes t\u00eb prillit.<\/span><\/p>\n<p><span style=\"color: #000000;\">Socialist\u00ebt e Sanchez, q\u00eb kan\u00eb 84 nga 350 vendet n\u00eb parlament, u mb\u00ebshtet\u00ebn fort tek votat e partive baske dhe katalanase gjat\u00eb votimit t\u00eb buxhetit, si\u00e7 b\u00ebn\u00eb kur mor\u00ebn pushtetin nga Partia Popullore Konservatore n\u00eb nj\u00eb vot\u00ebbesim t\u00eb vitit t\u00eb kaluar.<\/span><\/p>\n<p><span style=\"color: #000000;\">Por nacionalist\u00ebt katalanas ishin t\u00eb pak\u00ebnaqur me qeverin\u00eb q\u00eb po heziton t\u00eb diskutoj\u00eb \u00e7\u00ebshtjen e pavar\u00ebsis\u00eb p\u00ebr rajonin e tyre t\u00eb pasur, duke votuar kund\u00ebr projekt-ligjit t\u00eb buxhetit.<\/span><\/p>\n<p><span style=\"color: #000000;\">Nga kryeministri nuk ka ende ndonj\u00eb reagim zyrtar por sipas mediave spanjolle, pritet q\u00eb zgjedhjet t\u00eb zhvillohen n\u00eb mesin e muajit prill.<\/span><\/p>\n<p><img loading=\"lazy\" decoding=\"async\" class=\"aligncenter size-full wp-image-274127\" src=\"https:\/\/hashtag.al\/wp-content\/uploads\/2019\/02\/spanja-3.jpg\" alt=\"\" width=\"980\" height=\"551\" srcset=\"https:\/\/www.hashtag.al\/wp-content\/uploads\/2019\/02\/spanja-3.jpg 980w, https:\/\/www.hashtag.al\/wp-content\/uploads\/2019\/02\/spanja-3-300x169.jpg 300w, https:\/\/www.hashtag.al\/wp-content\/uploads\/2019\/02\/spanja-3-768x432.jpg 768w\" sizes=\"auto, (max-width: 980px) 100vw, 980px\" \/><\/p>\n","protected":false,"gt_translate_keys":[{"key":"rendered","format":"html"}]},"excerpt":{"rendered":"<p>Parlamenti i Spanj\u00ebs ka hedhur posht\u00eb projektbuxhetin e vitit 2019, duke i dh\u00ebn\u00eb nj\u00eb goditje t\u00eb madhe kryeministrit Pedro Sanchez dhe duke rritur mund\u00ebsin\u00eb p\u00ebr zgjedhje t\u00eb parakohshme n\u00eb vendin iberik. Nj\u00eb mori e partive rajonale t\u00eb pakicave, duke p\u00ebrfshir\u00eb edhe katalanasit, refuzuan t\u00eb mb\u00ebshtesin pjes\u00ebn vendimtare t\u00eb legjislacionit dhe votuan kund\u00ebr propozimit t\u00eb paraqitur [&hellip;]<\/p>\n","protected":false,"gt_translate_keys":[{"key":"rendered","format":"html"}]},"author":51,"featured_media":274128,"comment_status":"open","ping_status":"open","sticky":false,"template":"","format":"standard","meta":{"footnotes":""},"categories":[6],"tags":[],"class_list":["post-274125","post","type-post","status-publish","format-standard","has-post-thumbnail","hentry","category-nderkombetare"],"gt_translate_keys":[{"key":"link","format":"url"}],"_links":{"self":[{"href":"https:\/\/www.hashtag.al\/index.php\/wp-json\/wp\/v2\/posts\/274125","targetHints":{"allow":["GET"]}}],"collection":[{"href":"https:\/\/www.hashtag.al\/index.php\/wp-json\/wp\/v2\/posts"}],"about":[{"href":"https:\/\/www.hashtag.al\/index.php\/wp-json\/wp\/v2\/types\/post"}],"author":[{"embeddable":true,"href":"https:\/\/www.hashtag.al\/index.php\/wp-json\/wp\/v2\/users\/51"}],"replies":[{"embeddable":true,"href":"https:\/\/www.hashtag.al\/index.php\/wp-json\/wp\/v2\/comments?post=274125"}],"version-history":[{"count":0,"href":"https:\/\/www.hashtag.al\/index.php\/wp-json\/wp\/v2\/posts\/274125\/revisions"}],"wp:featuredmedia":[{"embeddable":true,"href":"https:\/\/www.hashtag.al\/index.php\/wp-json\/wp\/v2\/media\/274128"}],"wp:attachment":[{"href":"https:\/\/www.hashtag.al\/index.php\/wp-json\/wp\/v2\/media?parent=274125"}],"wp:term":[{"taxonomy":"category","embeddable":true,"href":"https:\/\/www.hashtag.al\/index.php\/wp-json\/wp\/v2\/categories?post=274125"},{"taxonomy":"post_tag","embeddable":true,"href":"https:\/\/www.hashtag.al\/index.php\/wp-json\/wp\/v2\/tags?post=274125"}],"curies":[{"name":"wp","href":"https:\/\/api.w.org\/{rel}","templated":true}]}}