{"id":274100,"date":"2019-02-13T12:45:30","date_gmt":"2019-02-13T11:45:30","guid":{"rendered":"https:\/\/hashtag.al\/?p=274100"},"modified":"2019-02-13T12:53:57","modified_gmt":"2019-02-13T11:53:57","slug":"arrsh-nis-me-14-shkurt-nderhyrjet-ne-akset-tirane-qafe-kashar-e-tirane-kamez-kufizohet-e-devijohet-trafiku","status":"publish","type":"post","link":"https:\/\/www.hashtag.al\/index.php\/2019\/02\/13\/arrsh-nis-me-14-shkurt-nderhyrjet-ne-akset-tirane-qafe-kashar-e-tirane-kamez-kufizohet-e-devijohet-trafiku\/","title":{"rendered":"ARRSH nis m\u00eb 14 shkurt nd\u00ebrhyrjet n\u00eb akset Tiran\u00eb-Qaf\u00eb Kashar e Tiran\u00eb-Kam\u00ebz, kufizohet e devijohet trafiku","gt_translate_keys":[{"key":"rendered","format":"text"}]},"content":{"rendered":"<p><span style=\"color: #000000;\"><img loading=\"lazy\" decoding=\"async\" class=\"aligncenter size-full wp-image-274101\" src=\"https:\/\/hashtag.al\/wp-content\/uploads\/2019\/02\/arrsh.jpg\" alt=\"\" width=\"2000\" height=\"1000\" srcset=\"https:\/\/www.hashtag.al\/wp-content\/uploads\/2019\/02\/arrsh.jpg 2000w, https:\/\/www.hashtag.al\/wp-content\/uploads\/2019\/02\/arrsh-300x150.jpg 300w, https:\/\/www.hashtag.al\/wp-content\/uploads\/2019\/02\/arrsh-768x384.jpg 768w, https:\/\/www.hashtag.al\/wp-content\/uploads\/2019\/02\/arrsh-1024x512.jpg 1024w\" sizes=\"auto, (max-width: 2000px) 100vw, 2000px\" \/><\/span><\/p>\n<p><span style=\"color: #000000;\">ARRSH do nd\u00ebrhyj\u00eb n\u00eb autostrad\u00ebn Tiran\u00eb-Durr\u00ebs dhe n\u00eb rrug\u00ebn Tiran\u00eb-Kam\u00ebz. <\/span><\/p>\n<p><span style=\"color: #000000;\">Sipas njoftimit t\u00eb b\u00ebr\u00eb nga ky institucion, nd\u00ebrhyrja n\u00eb aksin Tiran\u00eb-Qaf\u00eb Kashar do nis\u00eb n\u00eb dat\u00ebn 14 shkurt dhe do zgjas\u00eb deri n\u00eb dat\u00ebn 19 shkurt. <\/span><\/p>\n<p><span style=\"color: #000000;\">Sipas ARRSH-s\u00eb, gjat\u00eb k\u00ebtyre dit\u00ebve do punohet p\u00ebr nd\u00ebrtimin e pusetave nd\u00ebrkoh\u00eb q\u00eb do ket\u00eb kufizim dhe devijim t\u00eb trafikut t\u00eb automjeteve q\u00eb do p\u00ebrdorin k\u00ebt\u00eb aks rrugor. <\/span><\/p>\n<p><span style=\"color: #000000;\">Kurse punimet n\u00eb aksin Tiran\u00eb-Kam\u00ebz do nisin n\u00eb dat\u00ebn 14 shkurt dhe do p\u00ebrfundojn\u00eb n\u00eb dat\u00ebn 17 shkurt. Sipas ARRSH-s\u00eb, kjo nd\u00ebrhyrje b\u00ebhet p\u00ebr riparimin e pjes\u00ebve t\u00eb d\u00ebmtuara t\u00eb rrug\u00ebs.<\/span><\/p>\n<p><span style=\"color: #000000;\">N\u00eb dat\u00ebn 16 shkurt n\u00eb Tiran\u00eb pritet t\u00eb organizohet nj\u00eb protest\u00eb e thirrur nga opozita kund\u00ebr qeveris\u00eb s\u00eb kryeministrit Rama. <\/span><\/p>\n<p><span style=\"color: #000000;\">Policia ka deklaruar n\u00eb nj\u00eb deklarat\u00eb zyrtare se do ushtroj\u00eb kontrolle t\u00eb shumta n\u00eb rrug\u00ebt kryesore t\u00eb vendit p\u00ebr t\u00eb shmangur ardhjen n\u00eb protest\u00eb t\u00eb element\u00ebve kriminal\u00eb. <\/span><\/p>\n<p><span style=\"color: #000000;\">Nd\u00ebrkoh\u00eb Partia Demokratike i \u00ebsht\u00eb p\u00ebrgjigjur k\u00ebsaj deklarate duke i k\u00ebrkuar policis\u00eb q\u00eb t\u00eb q\u00ebndroj\u00eb larg protestuesve dhe t\u00eb mos i pengoj\u00eb q\u00eb t\u00eb vijn\u00eb n\u00eb Tiran\u00eb p\u00ebr t\u00eb marr\u00eb pjes\u00eb n\u00eb protest\u00eb.<\/span><\/p>\n<p><span style=\"color: #000000;\"><strong>Njoftimi i ARRSH-s\u00eb<\/strong><\/span><\/p>\n<p><span style=\"color: #000000;\">1. Vazhdimi i punimeve p\u00ebr nd\u00ebrtimin e dy tombinove t\u00eb reja rrethore n\u00eb autostrad\u00eb, n\u00eb segmentin Tiran\u00eb \u2013 Qaf\u00eb Kashar (kthesa Rinas) n\u00eb kilometrin 6+600 dhe 6+800 nga Kastrati &amp; Alba-Elettrica, p\u00ebr nd\u00ebrtimin e pusetave hyr\u00ebse dhe dal\u00ebse t\u00eb portaleve t\u00eb tombinove.<\/span><\/p>\n<p><span style=\"color: #000000;\">P\u00ebr k\u00ebt\u00eb arsye gjat\u00eb koh\u00ebs s\u00eb kryerjes s\u00eb k\u00ebtyre punimeve do t\u00eb realizohet devijimi i trafikut n\u00eb km 6+500 n\u00eb drejtimin Tiran\u00eb &#8211; Durr\u00ebs dhe n\u00eb km 7+550 n\u00eb drejtimin Durr\u00ebs &#8211; Tiran\u00eb n\u00eb rrug\u00ebt dyt\u00ebsore n\u00eb k\u00ebto pika. Trafiku n\u00eb k\u00ebto segmente do t\u00eb b\u00ebhet vet\u00ebm n\u00eb nj\u00eb kalim.<\/span><\/p>\n<p><span style=\"color: #000000;\">L\u00ebvizja e mjeteve n\u00eb k\u00ebt\u00eb segment rrugor do t\u00eb kufizohet brenda harkut kohor 14.02.2019 deri n\u00eb dat\u00eb 19.02.2019, sipas Planit t\u00eb Menaxhimit t\u00eb Trafikut t\u00eb miratuar.<\/span><\/p>\n<p><span style=\"color: #000000;\">2. Gjithashtu n\u00eb segmentin rrugor Tiran\u00eb &#8211; Kam\u00ebz, mbas mbikalimit t\u00eb Kamz\u00ebs, do t\u00eb realizohet riparimi i shtresave asfaltike t\u00eb d\u00ebmtuara. Punimet n\u00eb k\u00ebt\u00eb segment rrugor do t\u00eb realizohen duke kufizuar trafikun e mjeteve n\u00eb nj\u00eb korsi t\u00eb l\u00ebvizjes gjat\u00eb koh\u00ebs s\u00eb kryerjes s\u00eb punimeve. <\/span><\/p>\n<p><span style=\"color: #000000;\">L\u00ebvizja e mjeteve n\u00eb k\u00ebt\u00eb segment rrugor do t\u00eb kufizohet brenda harkut kohor prej dat\u00ebs 14.02.2019 deri n\u00eb dat\u00eb 17.02.2019, sipas Planit t\u00eb Menaxhimit t\u00eb Trafikut t\u00eb miratuar.<\/span><\/p>\n<p><span style=\"color: #000000;\">Punonj\u00ebsit e Autoritetit Rrugor Shqiptar, Policis\u00eb s\u00eb Qarkullimit Rrugor dhe kompanive t\u00eb mir\u00ebmbajtjes do t\u00eb jen\u00eb n\u00eb terren p\u00ebr mbar\u00ebvajtjen e nd\u00ebrhyrjes dhe orientimin e trafikut sipas planit t\u00eb menaxhimit t\u00eb miratuar.<\/span><\/p>\n<p><span style=\"color: #000000;\">Nga ana e Autoritetit Rrugor Shqiptar dhe Policis\u00eb s\u00eb Qarkullimit Rrugor \u00ebsht\u00eb hartuar nj\u00eb plan operacional i nd\u00ebrhyrjes dhe devijimit t\u00eb trafikut p\u00ebr t\u00eb shmangur bllokimin e qarkullimit dhe garantuar mbar\u00ebvajtjen e pun\u00ebs n\u00eb terren.<\/span><\/p>\n<p><span style=\"color: #000000;\">ARRSH dhe Policia e Qarkullimit Rrugor k\u00ebrkojn\u00eb mir\u00ebkuptimin dhe bashk\u00ebpunimin e drejtuesve t\u00eb mjeteve dhe bizneseve t\u00eb zon\u00ebs gjat\u00eb procesit t\u00eb nd\u00ebrhyrjes n\u00eb k\u00ebt\u00eb aks rrugor dhe respektimin n\u00eb m\u00ebnyr\u00eb rigoroze t\u00eb sinjalistik\u00ebs provizore t\u00eb vendosur dhe udh\u00ebzimeve t\u00eb Policis\u00eb Rrugore n\u00eb terren.<\/span><\/p>\n<p><span style=\"color: #000000;\"><img loading=\"lazy\" decoding=\"async\" class=\"aligncenter size-full wp-image-274102\" src=\"https:\/\/hashtag.al\/wp-content\/uploads\/2019\/02\/tirane.jpg\" alt=\"\" width=\"850\" height=\"568\" srcset=\"https:\/\/www.hashtag.al\/wp-content\/uploads\/2019\/02\/tirane.jpg 850w, https:\/\/www.hashtag.al\/wp-content\/uploads\/2019\/02\/tirane-300x200.jpg 300w, https:\/\/www.hashtag.al\/wp-content\/uploads\/2019\/02\/tirane-768x513.jpg 768w\" sizes=\"auto, (max-width: 850px) 100vw, 850px\" \/><\/span><\/p>\n","protected":false,"gt_translate_keys":[{"key":"rendered","format":"html"}]},"excerpt":{"rendered":"<p>ARRSH do nd\u00ebrhyj\u00eb n\u00eb autostrad\u00ebn Tiran\u00eb-Durr\u00ebs dhe n\u00eb rrug\u00ebn Tiran\u00eb-Kam\u00ebz. Sipas njoftimit t\u00eb b\u00ebr\u00eb nga ky institucion, nd\u00ebrhyrja n\u00eb aksin Tiran\u00eb-Qaf\u00eb Kashar do nis\u00eb n\u00eb dat\u00ebn 14 shkurt dhe do zgjas\u00eb deri n\u00eb dat\u00ebn 19 shkurt. Sipas ARRSH-s\u00eb, gjat\u00eb k\u00ebtyre dit\u00ebve do punohet p\u00ebr nd\u00ebrtimin e pusetave nd\u00ebrkoh\u00eb q\u00eb do ket\u00eb kufizim dhe devijim t\u00eb [&hellip;]<\/p>\n","protected":false,"gt_translate_keys":[{"key":"rendered","format":"html"}]},"author":51,"featured_media":274101,"comment_status":"open","ping_status":"open","sticky":false,"template":"","format":"standard","meta":{"footnotes":""},"categories":[65,13],"tags":[],"class_list":["post-274100","post","type-post","status-publish","format-standard","has-post-thumbnail","hentry","category-lajme","category-te-fundit"],"gt_translate_keys":[{"key":"link","format":"url"}],"_links":{"self":[{"href":"https:\/\/www.hashtag.al\/index.php\/wp-json\/wp\/v2\/posts\/274100","targetHints":{"allow":["GET"]}}],"collection":[{"href":"https:\/\/www.hashtag.al\/index.php\/wp-json\/wp\/v2\/posts"}],"about":[{"href":"https:\/\/www.hashtag.al\/index.php\/wp-json\/wp\/v2\/types\/post"}],"author":[{"embeddable":true,"href":"https:\/\/www.hashtag.al\/index.php\/wp-json\/wp\/v2\/users\/51"}],"replies":[{"embeddable":true,"href":"https:\/\/www.hashtag.al\/index.php\/wp-json\/wp\/v2\/comments?post=274100"}],"version-history":[{"count":0,"href":"https:\/\/www.hashtag.al\/index.php\/wp-json\/wp\/v2\/posts\/274100\/revisions"}],"wp:featuredmedia":[{"embeddable":true,"href":"https:\/\/www.hashtag.al\/index.php\/wp-json\/wp\/v2\/media\/274101"}],"wp:attachment":[{"href":"https:\/\/www.hashtag.al\/index.php\/wp-json\/wp\/v2\/media?parent=274100"}],"wp:term":[{"taxonomy":"category","embeddable":true,"href":"https:\/\/www.hashtag.al\/index.php\/wp-json\/wp\/v2\/categories?post=274100"},{"taxonomy":"post_tag","embeddable":true,"href":"https:\/\/www.hashtag.al\/index.php\/wp-json\/wp\/v2\/tags?post=274100"}],"curies":[{"name":"wp","href":"https:\/\/api.w.org\/{rel}","templated":true}]}}