{"id":273976,"date":"2019-02-13T07:49:32","date_gmt":"2019-02-13T06:49:32","guid":{"rendered":"https:\/\/hashtag.al\/?p=273976"},"modified":"2019-02-13T07:52:13","modified_gmt":"2019-02-13T06:52:13","slug":"e-perjashtojne-nga-gara-per-kryeministre-princesha-tajlandeze-jam-e-trishtuar-kjo-sduhej-te-ndodhte","status":"publish","type":"post","link":"https:\/\/www.hashtag.al\/index.php\/2019\/02\/13\/e-perjashtojne-nga-gara-per-kryeministre-princesha-tajlandeze-jam-e-trishtuar-kjo-sduhej-te-ndodhte\/","title":{"rendered":"E p\u00ebrjashtojn\u00eb nga gara p\u00ebr kryeministre, princesha Tajlandeze: Jam e trishtuar, kjo s&#8217;duhej t\u00eb ndodhte","gt_translate_keys":[{"key":"rendered","format":"text"}]},"content":{"rendered":"<p><img loading=\"lazy\" decoding=\"async\" class=\"aligncenter size-full wp-image-273977\" src=\"https:\/\/hashtag.al\/wp-content\/uploads\/2019\/02\/Thai.jpg\" alt=\"\" width=\"660\" height=\"371\" srcset=\"https:\/\/www.hashtag.al\/wp-content\/uploads\/2019\/02\/Thai.jpg 660w, https:\/\/www.hashtag.al\/wp-content\/uploads\/2019\/02\/Thai-300x169.jpg 300w\" sizes=\"auto, (max-width: 660px) 100vw, 660px\" \/><\/p>\n<p><span style=\"color: #000000;\">Kandidatura e princeshsh\u00ebs tajlandeze Ubolratana p\u00ebr t\u00eb kandiduar p\u00ebr kryeministre \u00ebsht\u00eb quajtur<em> &#8220;e pap\u00ebrshtatshme&#8221;.<\/em><\/span><\/p>\n<p><span style=\"color: #000000;\">Motra e mbretit t\u00eb Tajland\u00ebs ka reaguar\u00a0 th\u00ebn\u00eb se \u00ebsht\u00eb &#8220;e pik\u00eblluar&#8221; q\u00eb p\u00ebrpjekja e saj p\u00ebr t\u00eb qen\u00eb kryeministrja e ardhshme e vendit ka krijuar &#8220;nj\u00eb problem q\u00eb nuk duhet t\u00eb ndodh\u00eb n\u00eb k\u00ebt\u00eb dit\u00eb dhe vit&#8221;.<\/span><\/p>\n<p><span style=\"color: #000000;\">Princesha Ubolratana u skualifikua nga Komisioni Zgjedhor i vendit t\u00eb h\u00ebn\u00ebn, shkruan <span style=\"color: #0000ff;\"><a style=\"color: #0000ff;\" href=\"https:\/\/www.bbc.com\/news\/world-asia-47221943\">&#8220;BBC&#8221;<\/a><\/span>.<\/span><\/p>\n<p><span style=\"color: #000000;\">K\u00ebrkesa e saj p\u00ebr t\u00eb kandiduar, theu me tradit\u00ebn e familjes mbret\u00ebrore tajlandeze q\u00eb q\u00ebndronte publikisht jasht\u00eb politik\u00ebs.<\/span><\/p>\n<p><span style=\"color: #000000;\">Mbreti Vajiralongkorn e quajti <em>&#8220;jasht\u00ebzakonisht t\u00eb pap\u00ebrshtatshme&#8221;<\/em> iden\u00eb e t\u00eb motr\u00ebs.<\/span><\/p>\n<p><span style=\"color: #000000;\">N\u00eb nj\u00eb postim n\u00eb llogarin\u00eb e saj n\u00eb Instagram, princesha shkroi: &#8220;<em>Un\u00eb jam e trishtuar q\u00eb q\u00ebllimi i sinqert\u00eb p\u00ebr t\u00eb punuar p\u00ebr vendin dhe ne tajlandez\u00ebt ka krijuar nj\u00eb problem q\u00eb nuk duhet t\u00eb ndodh\u00eb n\u00eb k\u00ebt\u00eb dit\u00eb dhe n\u00eb k\u00ebt\u00eb vit&#8221;.<\/em><\/span><\/p>\n<p><span style=\"color: #000000;\">Paneli i zgjedhjeve t\u00eb Tajland\u00eb tha se kishte p\u00ebrjashtuar Princesh\u00ebn Ubolratana sepse &#8220;<em>\u00e7do an\u00ebtar i familjes mbret\u00ebrore duhet t\u00eb zbatoj\u00eb rregullin q\u00eb k\u00ebrkon q\u00eb monarku t\u00eb jet\u00eb mbi politik\u00ebn dhe t\u00eb jet\u00eb politikisht neutral&#8221;.<\/em><\/span><\/p>\n<p><img loading=\"lazy\" decoding=\"async\" class=\"aligncenter size-full wp-image-273980\" src=\"https:\/\/hashtag.al\/wp-content\/uploads\/2019\/02\/princesha.jpg\" alt=\"\" width=\"800\" height=\"450\" srcset=\"https:\/\/www.hashtag.al\/wp-content\/uploads\/2019\/02\/princesha.jpg 800w, https:\/\/www.hashtag.al\/wp-content\/uploads\/2019\/02\/princesha-300x169.jpg 300w, https:\/\/www.hashtag.al\/wp-content\/uploads\/2019\/02\/princesha-768x432.jpg 768w\" sizes=\"auto, (max-width: 800px) 100vw, 800px\" \/> <img loading=\"lazy\" decoding=\"async\" class=\"aligncenter size-full wp-image-273981\" src=\"https:\/\/hashtag.al\/wp-content\/uploads\/2019\/02\/Thailands-Princess-Ubolratana.jpg\" alt=\"\" width=\"780\" height=\"520\" srcset=\"https:\/\/www.hashtag.al\/wp-content\/uploads\/2019\/02\/Thailands-Princess-Ubolratana.jpg 780w, https:\/\/www.hashtag.al\/wp-content\/uploads\/2019\/02\/Thailands-Princess-Ubolratana-300x200.jpg 300w, https:\/\/www.hashtag.al\/wp-content\/uploads\/2019\/02\/Thailands-Princess-Ubolratana-768x512.jpg 768w\" sizes=\"auto, (max-width: 780px) 100vw, 780px\" \/><\/p>\n","protected":false,"gt_translate_keys":[{"key":"rendered","format":"html"}]},"excerpt":{"rendered":"<p>Kandidatura e princeshsh\u00ebs tajlandeze Ubolratana p\u00ebr t\u00eb kandiduar p\u00ebr kryeministre \u00ebsht\u00eb quajtur &#8220;e pap\u00ebrshtatshme&#8221;. Motra e mbretit t\u00eb Tajland\u00ebs ka reaguar\u00a0 th\u00ebn\u00eb se \u00ebsht\u00eb &#8220;e pik\u00eblluar&#8221; q\u00eb p\u00ebrpjekja e saj p\u00ebr t\u00eb qen\u00eb kryeministrja e ardhshme e vendit ka krijuar &#8220;nj\u00eb problem q\u00eb nuk duhet t\u00eb ndodh\u00eb n\u00eb k\u00ebt\u00eb dit\u00eb dhe vit&#8221;. Princesha Ubolratana u [&hellip;]<\/p>\n","protected":false,"gt_translate_keys":[{"key":"rendered","format":"html"}]},"author":30,"featured_media":273977,"comment_status":"open","ping_status":"open","sticky":false,"template":"","format":"standard","meta":{"footnotes":""},"categories":[6],"tags":[],"class_list":["post-273976","post","type-post","status-publish","format-standard","has-post-thumbnail","hentry","category-nderkombetare"],"gt_translate_keys":[{"key":"link","format":"url"}],"_links":{"self":[{"href":"https:\/\/www.hashtag.al\/index.php\/wp-json\/wp\/v2\/posts\/273976","targetHints":{"allow":["GET"]}}],"collection":[{"href":"https:\/\/www.hashtag.al\/index.php\/wp-json\/wp\/v2\/posts"}],"about":[{"href":"https:\/\/www.hashtag.al\/index.php\/wp-json\/wp\/v2\/types\/post"}],"author":[{"embeddable":true,"href":"https:\/\/www.hashtag.al\/index.php\/wp-json\/wp\/v2\/users\/30"}],"replies":[{"embeddable":true,"href":"https:\/\/www.hashtag.al\/index.php\/wp-json\/wp\/v2\/comments?post=273976"}],"version-history":[{"count":0,"href":"https:\/\/www.hashtag.al\/index.php\/wp-json\/wp\/v2\/posts\/273976\/revisions"}],"wp:featuredmedia":[{"embeddable":true,"href":"https:\/\/www.hashtag.al\/index.php\/wp-json\/wp\/v2\/media\/273977"}],"wp:attachment":[{"href":"https:\/\/www.hashtag.al\/index.php\/wp-json\/wp\/v2\/media?parent=273976"}],"wp:term":[{"taxonomy":"category","embeddable":true,"href":"https:\/\/www.hashtag.al\/index.php\/wp-json\/wp\/v2\/categories?post=273976"},{"taxonomy":"post_tag","embeddable":true,"href":"https:\/\/www.hashtag.al\/index.php\/wp-json\/wp\/v2\/tags?post=273976"}],"curies":[{"name":"wp","href":"https:\/\/api.w.org\/{rel}","templated":true}]}}