{"id":273919,"date":"2019-02-12T20:07:37","date_gmt":"2019-02-12T19:07:37","guid":{"rendered":"https:\/\/hashtag.al\/?p=273919"},"modified":"2019-02-12T19:58:33","modified_gmt":"2019-02-12T18:58:33","slug":"meta-ne-2019-deshiroj-hapjen-e-negociatave-dhe-finalizimin-e-dialogut-kosove-serbi","status":"publish","type":"post","link":"https:\/\/www.hashtag.al\/index.php\/2019\/02\/12\/meta-ne-2019-deshiroj-hapjen-e-negociatave-dhe-finalizimin-e-dialogut-kosove-serbi\/","title":{"rendered":"Meta: N\u00eb 2019 d\u00ebshiroj hapjen e negociatave dhe finalizimin e dialogut Kosov\u00eb-Serbi","gt_translate_keys":[{"key":"rendered","format":"text"}]},"content":{"rendered":"<p><img loading=\"lazy\" decoding=\"async\" class=\"aligncenter size-full wp-image-273920\" src=\"https:\/\/hashtag.al\/wp-content\/uploads\/2019\/02\/Ilir-Meta.jpg\" alt=\"\" width=\"1280\" height=\"853\" srcset=\"https:\/\/www.hashtag.al\/wp-content\/uploads\/2019\/02\/Ilir-Meta.jpg 1280w, https:\/\/www.hashtag.al\/wp-content\/uploads\/2019\/02\/Ilir-Meta-300x200.jpg 300w, https:\/\/www.hashtag.al\/wp-content\/uploads\/2019\/02\/Ilir-Meta-768x512.jpg 768w, https:\/\/www.hashtag.al\/wp-content\/uploads\/2019\/02\/Ilir-Meta-1024x682.jpg 1024w\" sizes=\"auto, (max-width: 1280px) 100vw, 1280px\" \/><\/p>\n<p><span style=\"color: #000000;\">Presidenti Ilir Meta, n\u00eb nj\u00eb intervist\u00eb p\u00ebr \u201cALB UK TV\u201d, ka folur s\u00ebrish n\u00eb lidhje me\u00a0 \u00e7\u00ebshtjen e Kosov\u00ebs, ku ka th\u00ebn\u00eb se ardhmja e Ballkanit nuk \u00ebsht\u00eb ndryshimi i kufijve.<\/span><\/p>\n<p><span style=\"color: #000000;\">N\u00eb k\u00ebt\u00eb intervist\u00eb Meta ka folur dhe rreth negociatave t\u00eb Shqip\u00ebris\u00eb me BE-s\u00eb, dhe shtoi se do donte q\u00eb t\u00eb intensifikohej marr\u00ebdh\u00ebnia e vendit ton\u00eb me unionin.<\/span><\/p>\n<p><span style=\"color: #000000;\">\u201c<em>Gjat\u00eb k\u00ebtij viti un\u00eb do t\u00eb doja shum\u00eb q\u00eb ne t\u00eb \u00e7elnim negociatat p\u00ebr an\u00ebtar\u00ebsim n\u00eb Bashkimin Evropian. Do t\u00eb ishte nj\u00eb arritje pozitive p\u00ebr Shqip\u00ebrin\u00eb dhe k\u00ebt\u00eb ta arrinim bashk\u00eb me fqinj\u00ebn ton\u00eb, Maqedonin\u00eb, q\u00eb arriti nj\u00eb sukses t\u00eb madh duke zgjidhur \u00e7\u00ebshtjen e emrit me Greqin\u00eb, duke qen\u00eb e gatshme tashm\u00eb p\u00ebr t\u2019u an\u00ebtar\u00ebsuar edhe n\u00eb NATO.<\/em><\/span><\/p>\n<p><span style=\"color: #000000;\"><em>S\u00eb dyti do t\u00eb d\u00ebshiroja shum\u00eb q\u00eb t\u00eb kemi edhe nj\u00eb finalizim t\u00eb suksessh\u00ebm t\u00eb dialogut mes Kosov\u00ebs dhe Serbis\u00eb, pasi kjo do t\u00eb ishte vendimtare p\u00ebr forcimin e paqes, stabilitetit dhe t\u00eb bashk\u00ebjetes\u00ebs n\u00eb rajonin ton\u00eb, por edhe p\u00ebr t\u00eb garantuar perspektiv\u00ebn europiane t\u00eb dy vendeve, si t\u00eb Serbis\u00eb edhe t\u00eb Kosov\u00ebs nj\u00ebkoh\u00ebsisht<\/em>\u201d- deklaroi Meta.<\/span><\/p>\n","protected":false,"gt_translate_keys":[{"key":"rendered","format":"html"}]},"excerpt":{"rendered":"<p>Presidenti Ilir Meta, n\u00eb nj\u00eb intervist\u00eb p\u00ebr \u201cALB UK TV\u201d, ka folur s\u00ebrish n\u00eb lidhje me\u00a0 \u00e7\u00ebshtjen e Kosov\u00ebs, ku ka th\u00ebn\u00eb se ardhmja e Ballkanit nuk \u00ebsht\u00eb ndryshimi i kufijve. N\u00eb k\u00ebt\u00eb intervist\u00eb Meta ka folur dhe rreth negociatave t\u00eb Shqip\u00ebris\u00eb me BE-s\u00eb, dhe shtoi se do donte q\u00eb t\u00eb intensifikohej marr\u00ebdh\u00ebnia e vendit [&hellip;]<\/p>\n","protected":false,"gt_translate_keys":[{"key":"rendered","format":"html"}]},"author":32,"featured_media":273920,"comment_status":"open","ping_status":"open","sticky":false,"template":"","format":"standard","meta":{"footnotes":""},"categories":[65,13],"tags":[],"class_list":["post-273919","post","type-post","status-publish","format-standard","has-post-thumbnail","hentry","category-lajme","category-te-fundit"],"gt_translate_keys":[{"key":"link","format":"url"}],"_links":{"self":[{"href":"https:\/\/www.hashtag.al\/index.php\/wp-json\/wp\/v2\/posts\/273919","targetHints":{"allow":["GET"]}}],"collection":[{"href":"https:\/\/www.hashtag.al\/index.php\/wp-json\/wp\/v2\/posts"}],"about":[{"href":"https:\/\/www.hashtag.al\/index.php\/wp-json\/wp\/v2\/types\/post"}],"author":[{"embeddable":true,"href":"https:\/\/www.hashtag.al\/index.php\/wp-json\/wp\/v2\/users\/32"}],"replies":[{"embeddable":true,"href":"https:\/\/www.hashtag.al\/index.php\/wp-json\/wp\/v2\/comments?post=273919"}],"version-history":[{"count":0,"href":"https:\/\/www.hashtag.al\/index.php\/wp-json\/wp\/v2\/posts\/273919\/revisions"}],"wp:featuredmedia":[{"embeddable":true,"href":"https:\/\/www.hashtag.al\/index.php\/wp-json\/wp\/v2\/media\/273920"}],"wp:attachment":[{"href":"https:\/\/www.hashtag.al\/index.php\/wp-json\/wp\/v2\/media?parent=273919"}],"wp:term":[{"taxonomy":"category","embeddable":true,"href":"https:\/\/www.hashtag.al\/index.php\/wp-json\/wp\/v2\/categories?post=273919"},{"taxonomy":"post_tag","embeddable":true,"href":"https:\/\/www.hashtag.al\/index.php\/wp-json\/wp\/v2\/tags?post=273919"}],"curies":[{"name":"wp","href":"https:\/\/api.w.org\/{rel}","templated":true}]}}