{"id":273796,"date":"2019-02-12T11:48:34","date_gmt":"2019-02-12T10:48:34","guid":{"rendered":"https:\/\/hashtag.al\/?p=273796"},"modified":"2019-02-13T10:54:50","modified_gmt":"2019-02-13T09:54:50","slug":"detaje-te-reja-per-operacionin-lulet-e-pranveres-21-shqiptare-me-urdher-arreste","status":"publish","type":"post","link":"https:\/\/www.hashtag.al\/index.php\/2019\/02\/12\/detaje-te-reja-per-operacionin-lulet-e-pranveres-21-shqiptare-me-urdher-arreste\/","title":{"rendered":"Detaje t\u00eb reja p\u00ebr operacionin &#8220;Lulet e Pranver\u00ebs&#8221;, 21 shqiptar\u00eb me urdh\u00ebr arreste","gt_translate_keys":[{"key":"rendered","format":"text"}]},"content":{"rendered":"<p><img loading=\"lazy\" decoding=\"async\" class=\"aligncenter size-full wp-image-267176\" src=\"https:\/\/hashtag.al\/wp-content\/uploads\/2019\/01\/arrestim.jpg\" alt=\"\" width=\"780\" height=\"405\" srcset=\"https:\/\/www.hashtag.al\/wp-content\/uploads\/2019\/01\/arrestim.jpg 780w, https:\/\/www.hashtag.al\/wp-content\/uploads\/2019\/01\/arrestim-300x156.jpg 300w, https:\/\/www.hashtag.al\/wp-content\/uploads\/2019\/01\/arrestim-768x399.jpg 768w\" sizes=\"auto, (max-width: 780px) 100vw, 780px\" \/><\/p>\n<p><span style=\"color: #000000;\">Gjasht\u00eb shqiptar\u00eb jan\u00eb arrestuar, 2 prej t\u00eb cil\u00ebve jan\u00eb konstatuar n\u00eb burg, nd\u00ebrsa 7 t\u00eb tjer\u00eb jan\u00eb n\u00eb k\u00ebrkim.<\/span><\/p>\n<p><span style=\"color: #000000;\">K\u00ebto jan\u00eb detajet e dh\u00ebna nga Donika Prela, gjat\u00eb konferenc\u00ebs p\u00ebr operacionin ku jan\u00eb prer\u00eb 21 urdh\u00ebr arreste p\u00ebr shqiptar\u00ebt.<\/span><\/p>\n<p><span style=\"color: #000000;\">N\u00eb pranga gjat\u00eb operacionit t\u00eb koduar &#8220;Lulet e Pranver\u00ebs&#8221; kan\u00eb r\u00ebn\u00eb Luka Beqiraj, Arbnor Hoxhaj, Denis Pashaj, Kujtim Elmazi, Kristian Llanaj dhe Bilbil Kabello.<\/span><\/p>\n<p><span style=\"color: #000000;\">Efektiv\u00ebt vepruan n\u00eb Durr\u00ebs, Lezh\u00eb dhe Vlor\u00eb.<\/span><\/p>\n<p><img loading=\"lazy\" decoding=\"async\" class=\"aligncenter size-full wp-image-273802\" src=\"https:\/\/hashtag.al\/wp-content\/uploads\/2019\/02\/prokuroriaprela.png\" alt=\"\" width=\"770\" height=\"443\" srcset=\"https:\/\/www.hashtag.al\/wp-content\/uploads\/2019\/02\/prokuroriaprela.png 770w, https:\/\/www.hashtag.al\/wp-content\/uploads\/2019\/02\/prokuroriaprela-300x173.png 300w, https:\/\/www.hashtag.al\/wp-content\/uploads\/2019\/02\/prokuroriaprela-768x442.png 768w\" sizes=\"auto, (max-width: 770px) 100vw, 770px\" \/><\/p>\n<p><span style=\"color: #000000;\">21 shqiptar\u00eb t\u00eb arrestuar n\u00eb Shqip\u00ebri dhe Itali dhe 6 italian\u00eb. Ky \u00ebsht\u00eb rezultati i operacionit m\u00eb t\u00eb fundit antidrog\u00eb, njoftuar nga mediet italiane.<\/span><\/p>\n<p><span style=\"color: #000000;\">\u201cAgenpress\u201d raportoi se m\u00eb shum\u00eb se 100 ushtarak\u00eb t\u00eb Komand\u00ebs Provinciale t\u00eb Lecce dhe t\u00eb Sh\u00ebrbimit Qendror t\u00eb Krimit t\u00eb Organizuar t\u00eb Rom\u00ebs t\u00eb \u201cGuardia di Finanza\u201d, t\u00eb koordinuar nga Drejtoria e Antimafies Komb\u00ebtare dhe Distrikti i Lecces, jan\u00eb duke k\u00ebrkuar masat e siguris\u00eb p\u00ebr 27 persona, 21 prej t\u00eb cil\u00ebve shqiptar\u00eb.<\/span><\/p>\n<p><span style=\"color: #000000;\">Akuza \u00ebsht\u00eb trafik nd\u00ebrkomb\u00ebtar droge dhe futje e p\u00ebrdorim n\u00eb Itali t\u00eb arm\u00ebve dhe municioneve t\u00eb luft\u00ebs.<\/span><\/p>\n<p><span style=\"color: #000000;\">Hetimet kan\u00eb vazhduar p\u00ebr 2 vjet, nd\u00ebrsa personat e prangosur jan\u00eb pjes\u00ebtar\u00eb t\u00eb 4 grupeve kriminale italiane, me baz\u00eb operative n\u00eb provinc\u00ebn e Lecces dhe deg\u00eb n\u00eb t\u00eb gjith\u00eb territorin italian:\u00a0 Calabri, Toscana, Emilia Romagna, Sicilia, Liguria, Lombardia.<\/span><\/p>\n<p><span style=\"color: #000000;\">Nj\u00eb lidhje direkte me prokuror\u00ebt italian\u00eb t\u00eb antimafias u mbajt n\u00eb or\u00ebn 11:15 t\u00eb dit\u00ebs s\u00eb sotme n\u00eb Prokurorin\u00eb p\u00ebr Krime t\u00eb R\u00ebnda.\/<strong>Hashtag.al<\/strong><\/span><\/p>\n<div style=\"width: 640px;\" class=\"wp-video\"><video class=\"wp-video-shortcode\" id=\"video-273796-1\" width=\"640\" height=\"360\" preload=\"metadata\" controls=\"controls\"><source type=\"video\/mp4\" src=\"https:\/\/hashtag.al\/wp-content\/uploads\/2019\/02\/Itali12shkurt.mp4?_=1\" \/><a href=\"https:\/\/hashtag.al\/wp-content\/uploads\/2019\/02\/Itali12shkurt.mp4\">https:\/\/hashtag.al\/wp-content\/uploads\/2019\/02\/Itali12shkurt.mp4<\/a><\/video><\/div>\n","protected":false,"gt_translate_keys":[{"key":"rendered","format":"html"}]},"excerpt":{"rendered":"<p>Gjasht\u00eb shqiptar\u00eb jan\u00eb arrestuar, 2 prej t\u00eb cil\u00ebve jan\u00eb konstatuar n\u00eb burg, nd\u00ebrsa 7 t\u00eb tjer\u00eb jan\u00eb n\u00eb k\u00ebrkim. K\u00ebto jan\u00eb detajet e dh\u00ebna nga Donika Prela, gjat\u00eb konferenc\u00ebs p\u00ebr operacionin ku jan\u00eb prer\u00eb 21 urdh\u00ebr arreste p\u00ebr shqiptar\u00ebt. N\u00eb pranga gjat\u00eb operacionit t\u00eb koduar &#8220;Lulet e Pranver\u00ebs&#8221; kan\u00eb r\u00ebn\u00eb Luka Beqiraj, Arbnor Hoxhaj, Denis [&hellip;]<\/p>\n","protected":false,"gt_translate_keys":[{"key":"rendered","format":"html"}]},"author":6,"featured_media":267176,"comment_status":"open","ping_status":"open","sticky":false,"template":"","format":"standard","meta":{"footnotes":""},"categories":[65,13],"tags":[],"class_list":["post-273796","post","type-post","status-publish","format-standard","has-post-thumbnail","hentry","category-lajme","category-te-fundit"],"gt_translate_keys":[{"key":"link","format":"url"}],"_links":{"self":[{"href":"https:\/\/www.hashtag.al\/index.php\/wp-json\/wp\/v2\/posts\/273796","targetHints":{"allow":["GET"]}}],"collection":[{"href":"https:\/\/www.hashtag.al\/index.php\/wp-json\/wp\/v2\/posts"}],"about":[{"href":"https:\/\/www.hashtag.al\/index.php\/wp-json\/wp\/v2\/types\/post"}],"author":[{"embeddable":true,"href":"https:\/\/www.hashtag.al\/index.php\/wp-json\/wp\/v2\/users\/6"}],"replies":[{"embeddable":true,"href":"https:\/\/www.hashtag.al\/index.php\/wp-json\/wp\/v2\/comments?post=273796"}],"version-history":[{"count":0,"href":"https:\/\/www.hashtag.al\/index.php\/wp-json\/wp\/v2\/posts\/273796\/revisions"}],"wp:featuredmedia":[{"embeddable":true,"href":"https:\/\/www.hashtag.al\/index.php\/wp-json\/wp\/v2\/media\/267176"}],"wp:attachment":[{"href":"https:\/\/www.hashtag.al\/index.php\/wp-json\/wp\/v2\/media?parent=273796"}],"wp:term":[{"taxonomy":"category","embeddable":true,"href":"https:\/\/www.hashtag.al\/index.php\/wp-json\/wp\/v2\/categories?post=273796"},{"taxonomy":"post_tag","embeddable":true,"href":"https:\/\/www.hashtag.al\/index.php\/wp-json\/wp\/v2\/tags?post=273796"}],"curies":[{"name":"wp","href":"https:\/\/api.w.org\/{rel}","templated":true}]}}