{"id":273754,"date":"2019-02-12T10:51:11","date_gmt":"2019-02-12T09:51:11","guid":{"rendered":"https:\/\/hashtag.al\/?p=273754"},"modified":"2019-02-12T10:55:22","modified_gmt":"2019-02-12T09:55:22","slug":"dervishi-veliajt-nje-mufke-tjeter-te-vijne-prapa-edhe-anetaret-e-keshillit","status":"publish","type":"post","link":"https:\/\/www.hashtag.al\/index.php\/2019\/02\/12\/dervishi-veliajt-nje-mufke-tjeter-te-vijne-prapa-edhe-anetaret-e-keshillit\/","title":{"rendered":"Dervishi-Veliajt: Nj\u00eb mufk\u00eb tjet\u00ebr! T\u00eb vijn\u00eb prapa edhe an\u00ebtar\u00ebt e K\u00ebshillit","gt_translate_keys":[{"key":"rendered","format":"text"}]},"content":{"rendered":"<p><span style=\"color: #000000;\"><img loading=\"lazy\" decoding=\"async\" class=\"aligncenter wp-image-273755\" src=\"https:\/\/hashtag.al\/wp-content\/uploads\/2019\/02\/erionveliajkastriotdervishi.png\" alt=\"\" width=\"768\" height=\"542\" srcset=\"https:\/\/www.hashtag.al\/wp-content\/uploads\/2019\/02\/erionveliajkastriotdervishi.png 643w, https:\/\/www.hashtag.al\/wp-content\/uploads\/2019\/02\/erionveliajkastriotdervishi-300x212.png 300w\" sizes=\"auto, (max-width: 768px) 100vw, 768px\" \/><\/span><\/p>\n<p><span style=\"color: #000000;\">Disa dit\u00eb m\u00eb par\u00eb kryebashkiaku i Tiran\u00ebs Erion Veliaj promovoi n\u00eb profilin e tij n\u00eb &#8220;Facebook&#8221; vendosjen e nj\u00eb memoriali p\u00ebr d\u00ebshmor\u00ebt e 4 shkurtit.<\/span><\/p>\n<p><span style=\"color: #000000;\">&#8220;75 Vjetori i Masakr\u00ebs s\u00eb 4 Shkurtit, ku 84 qytetar\u00eb t\u00eb Tiran\u00ebs u masakruan nga pushtuesit. Shum\u00eb i lumtur q\u00eb bashk\u00eb me koleg\u00ebt e K\u00ebshillit Bashkiak mor\u00ebm vendimin p\u00ebr vendosjen e nj\u00eb memoriali p\u00ebr d\u00ebshmor\u00ebt e 4 Shkurtit. N\u00eb k\u00ebt\u00eb 75 Vjetor, nuk lipset t\u00eb marrim pushk\u00ebn p\u00ebr atdhe, por t\u2019i p\u00ebrvishemi pun\u00ebs.&#8221;, shkroi Veliaj.<\/span><\/p>\n<p><span style=\"color: #000000;\">Por pik\u00ebrisht ky postim ka nervozuar studiuesin Kastriot Dervishi, i cili e quan as m\u00eb shum\u00eb dhe as m\u00eb pak se sa nj\u00eb mufk\u00eb k\u00ebt\u00eb t\u00eb Veliajt.<\/span><\/p>\n<p><span style=\"color: #000000;\">&#8220;Nj\u00eb mufk\u00eb tjet\u00ebr nga kryebashkiaku. I shkojn\u00eb prapa edhe an\u00ebtar\u00ebt e k\u00ebshillit.&#8221;, komenton Dervishi.<\/span><\/p>\n<p><span style=\"color: #000000;\">Thelbi i shqet\u00ebsimit t\u00eb historianit \u00ebsht\u00eb se vrasjet e 4 shkurtit nuk i b\u00ebn\u00eb pushtuesit, por vet\u00eb shqiptar\u00ebt.<\/span><\/p>\n<p><span style=\"color: #000000;\">&#8220;Cili pushtues i vrau k\u00ebta p\u00ebr t\u00eb cil\u00ebt paska vendosur pllak\u00eb p\u00ebrkujtimore? T\u00eb gjitha vrasjet e 4 shkurtit 1944 i kan\u00eb b\u00ebr\u00eb shqiptar\u00ebt dhe jo ndonj\u00eb pushtues. \u201c84 qytetar\u00ebt tiranas\u201d t\u00eb identifikuar kan\u00eb vet\u00ebm 27 emra. Edhe ata, nj\u00eb pjes\u00eb jo e vog\u00ebl nuk jan\u00eb nga Tirana, madje ka edhe italian\u00eb e malazez\u00eb.&#8221;, argumenton Dervishi.<\/span><\/p>\n<p><span style=\"color: #000000;\">&#8220;Imagjino \u00e7far\u00eb do kuptoj\u00eb populli nga nj\u00eb pllak\u00eb kur as kryetari i bashkis\u00eb nuk e kupton at\u00eb q\u00eb vendos.&#8221;, vazhdon m\u00eb tej ai, duke theksuar se Veliaj i p\u00ebrmbahet pik\u00eb p\u00ebr pik\u00eb historiografis\u00eb dhe propagand\u00ebs komuniste, edhe pse \u00ebsht\u00eb i ri.<\/span><\/p>\n<p><span style=\"color: #000000;\"><img loading=\"lazy\" decoding=\"async\" class=\"aligncenter size-full wp-image-273756\" src=\"https:\/\/hashtag.al\/wp-content\/uploads\/2019\/02\/erionveliajmonumenti.jpg\" alt=\"\" width=\"750\" height=\"903\" srcset=\"https:\/\/www.hashtag.al\/wp-content\/uploads\/2019\/02\/erionveliajmonumenti.jpg 750w, https:\/\/www.hashtag.al\/wp-content\/uploads\/2019\/02\/erionveliajmonumenti-249x300.jpg 249w\" sizes=\"auto, (max-width: 750px) 100vw, 750px\" \/><\/span><\/p>\n<p>&nbsp;<\/p>\n","protected":false,"gt_translate_keys":[{"key":"rendered","format":"html"}]},"excerpt":{"rendered":"<p>Disa dit\u00eb m\u00eb par\u00eb kryebashkiaku i Tiran\u00ebs Erion Veliaj promovoi n\u00eb profilin e tij n\u00eb &#8220;Facebook&#8221; vendosjen e nj\u00eb memoriali p\u00ebr d\u00ebshmor\u00ebt e 4 shkurtit. &#8220;75 Vjetori i Masakr\u00ebs s\u00eb 4 Shkurtit, ku 84 qytetar\u00eb t\u00eb Tiran\u00ebs u masakruan nga pushtuesit. Shum\u00eb i lumtur q\u00eb bashk\u00eb me koleg\u00ebt e K\u00ebshillit Bashkiak mor\u00ebm vendimin p\u00ebr vendosjen [&hellip;]<\/p>\n","protected":false,"gt_translate_keys":[{"key":"rendered","format":"html"}]},"author":6,"featured_media":273755,"comment_status":"open","ping_status":"open","sticky":false,"template":"","format":"standard","meta":{"footnotes":""},"categories":[65,13],"tags":[],"class_list":["post-273754","post","type-post","status-publish","format-standard","has-post-thumbnail","hentry","category-lajme","category-te-fundit"],"gt_translate_keys":[{"key":"link","format":"url"}],"_links":{"self":[{"href":"https:\/\/www.hashtag.al\/index.php\/wp-json\/wp\/v2\/posts\/273754","targetHints":{"allow":["GET"]}}],"collection":[{"href":"https:\/\/www.hashtag.al\/index.php\/wp-json\/wp\/v2\/posts"}],"about":[{"href":"https:\/\/www.hashtag.al\/index.php\/wp-json\/wp\/v2\/types\/post"}],"author":[{"embeddable":true,"href":"https:\/\/www.hashtag.al\/index.php\/wp-json\/wp\/v2\/users\/6"}],"replies":[{"embeddable":true,"href":"https:\/\/www.hashtag.al\/index.php\/wp-json\/wp\/v2\/comments?post=273754"}],"version-history":[{"count":0,"href":"https:\/\/www.hashtag.al\/index.php\/wp-json\/wp\/v2\/posts\/273754\/revisions"}],"wp:featuredmedia":[{"embeddable":true,"href":"https:\/\/www.hashtag.al\/index.php\/wp-json\/wp\/v2\/media\/273755"}],"wp:attachment":[{"href":"https:\/\/www.hashtag.al\/index.php\/wp-json\/wp\/v2\/media?parent=273754"}],"wp:term":[{"taxonomy":"category","embeddable":true,"href":"https:\/\/www.hashtag.al\/index.php\/wp-json\/wp\/v2\/categories?post=273754"},{"taxonomy":"post_tag","embeddable":true,"href":"https:\/\/www.hashtag.al\/index.php\/wp-json\/wp\/v2\/tags?post=273754"}],"curies":[{"name":"wp","href":"https:\/\/api.w.org\/{rel}","templated":true}]}}