{"id":273738,"date":"2019-02-12T09:48:03","date_gmt":"2019-02-12T08:48:03","guid":{"rendered":"https:\/\/hashtag.al\/?p=273738"},"modified":"2019-02-12T10:33:22","modified_gmt":"2019-02-12T09:33:22","slug":"21-shqiptare-arrestohen-ne-shqiperi-e-itali-per-trafik-nderkombetar-droge","status":"publish","type":"post","link":"https:\/\/www.hashtag.al\/index.php\/2019\/02\/12\/21-shqiptare-arrestohen-ne-shqiperi-e-itali-per-trafik-nderkombetar-droge\/","title":{"rendered":"21 shqiptar\u00eb arrestohen n\u00eb Shqip\u00ebri e Itali p\u00ebr trafik nd\u00ebrkomb\u00ebtar droge","gt_translate_keys":[{"key":"rendered","format":"text"}]},"content":{"rendered":"<p><img loading=\"lazy\" decoding=\"async\" class=\"aligncenter size-full wp-image-267176\" src=\"https:\/\/hashtag.al\/wp-content\/uploads\/2019\/01\/arrestim.jpg\" alt=\"\" width=\"780\" height=\"405\" srcset=\"https:\/\/www.hashtag.al\/wp-content\/uploads\/2019\/01\/arrestim.jpg 780w, https:\/\/www.hashtag.al\/wp-content\/uploads\/2019\/01\/arrestim-300x156.jpg 300w, https:\/\/www.hashtag.al\/wp-content\/uploads\/2019\/01\/arrestim-768x399.jpg 768w\" sizes=\"auto, (max-width: 780px) 100vw, 780px\" \/><\/p>\n<p><span style=\"color: #000000;\">21 shqiptar\u00eb t\u00eb arrestuar n\u00eb Shqip\u00ebri dhe Itali dhe 6 italian\u00eb. Ky \u00ebsht\u00eb rezultati i operacionit m\u00eb t\u00eb fundit antidrog\u00eb.<\/span><\/p>\n<p><span style=\"color: #000000;\">&#8220;Agenpress&#8221; raporton se m\u00eb shum\u00eb se 100 ushtarak\u00eb t\u00eb Komand\u00ebs Provinciale t\u00eb Lecce dhe t\u00eb Sh\u00ebrbimit Qendror t\u00eb Krimit t\u00eb Organizuar t\u00eb Rom\u00ebs t\u00eb &#8220;Guardia di Finanza&#8221;, t\u00eb koordinuar nga Drejtoria e Antimafies Komb\u00ebtare dhe Distrikti i Lecces, jan\u00eb duke k\u00ebrkuar masat e siguris\u00eb p\u00ebr 27 persona, 21 prej t\u00eb cil\u00ebve shqiptar\u00eb.<\/span><\/p>\n<p><span style=\"color: #000000;\">Akuza \u00ebsht\u00eb trafik nd\u00ebrkomb\u00ebtar droge dhe futje e p\u00ebrdorim n\u00eb Itali t\u00eb arm\u00ebve dhe municioneve t\u00eb luft\u00ebs.<\/span><\/p>\n<p><span style=\"color: #000000;\">Nj\u00eb pjes\u00eb e shqiptar\u00ebve jan\u00eb arrestuar n\u00eb Shqip\u00ebri.<\/span><\/p>\n<p><span style=\"color: #000000;\">Hetimet kan\u00eb vazhduar p\u00ebr 2 vjet, nd\u00ebrsa personat e prangosur jan\u00eb pjes\u00ebtar\u00eb t\u00eb 4 grupeve kriminale italiane, me baz\u00eb operative n\u00eb provinc\u00ebn e Lecces dhe deg\u00eb n\u00eb t\u00eb gjith\u00eb territorin italian: \u00a0Calabri, Toscana, Emilia Romagna, Sicilia, Liguria, Lombardia.<\/span><\/p>\n<p><span style=\"color: #000000;\">Ende nuk ka detaje p\u00ebr identitetet e tyre.<\/span><\/p>\n<p><span style=\"color: #000000;\">Nj\u00eb lidhje direkte me prokuror\u00ebt italian\u00eb t\u00eb antimafias do t\u00eb mbahet n\u00eb or\u00ebn 11:15 t\u00eb dit\u00ebs s\u00eb sotme n\u00eb Prokurorin\u00eb p\u00ebr Krime t\u00eb R\u00ebnda.<\/span><\/p>\n<p><img loading=\"lazy\" decoding=\"async\" class=\"aligncenter size-full wp-image-273741\" src=\"https:\/\/hashtag.al\/wp-content\/uploads\/2019\/02\/arrestimlecce.jpg\" alt=\"\" width=\"696\" height=\"483\" srcset=\"https:\/\/www.hashtag.al\/wp-content\/uploads\/2019\/02\/arrestimlecce.jpg 696w, https:\/\/www.hashtag.al\/wp-content\/uploads\/2019\/02\/arrestimlecce-300x208.jpg 300w\" sizes=\"auto, (max-width: 696px) 100vw, 696px\" \/><\/p>\n<p>&nbsp;<\/p>\n","protected":false,"gt_translate_keys":[{"key":"rendered","format":"html"}]},"excerpt":{"rendered":"<p>21 shqiptar\u00eb t\u00eb arrestuar n\u00eb Shqip\u00ebri dhe Itali dhe 6 italian\u00eb. Ky \u00ebsht\u00eb rezultati i operacionit m\u00eb t\u00eb fundit antidrog\u00eb. &#8220;Agenpress&#8221; raporton se m\u00eb shum\u00eb se 100 ushtarak\u00eb t\u00eb Komand\u00ebs Provinciale t\u00eb Lecce dhe t\u00eb Sh\u00ebrbimit Qendror t\u00eb Krimit t\u00eb Organizuar t\u00eb Rom\u00ebs t\u00eb &#8220;Guardia di Finanza&#8221;, t\u00eb koordinuar nga Drejtoria e Antimafies Komb\u00ebtare dhe [&hellip;]<\/p>\n","protected":false,"gt_translate_keys":[{"key":"rendered","format":"html"}]},"author":6,"featured_media":267176,"comment_status":"open","ping_status":"open","sticky":false,"template":"","format":"standard","meta":{"footnotes":""},"categories":[65,13],"tags":[],"class_list":["post-273738","post","type-post","status-publish","format-standard","has-post-thumbnail","hentry","category-lajme","category-te-fundit"],"gt_translate_keys":[{"key":"link","format":"url"}],"_links":{"self":[{"href":"https:\/\/www.hashtag.al\/index.php\/wp-json\/wp\/v2\/posts\/273738","targetHints":{"allow":["GET"]}}],"collection":[{"href":"https:\/\/www.hashtag.al\/index.php\/wp-json\/wp\/v2\/posts"}],"about":[{"href":"https:\/\/www.hashtag.al\/index.php\/wp-json\/wp\/v2\/types\/post"}],"author":[{"embeddable":true,"href":"https:\/\/www.hashtag.al\/index.php\/wp-json\/wp\/v2\/users\/6"}],"replies":[{"embeddable":true,"href":"https:\/\/www.hashtag.al\/index.php\/wp-json\/wp\/v2\/comments?post=273738"}],"version-history":[{"count":0,"href":"https:\/\/www.hashtag.al\/index.php\/wp-json\/wp\/v2\/posts\/273738\/revisions"}],"wp:featuredmedia":[{"embeddable":true,"href":"https:\/\/www.hashtag.al\/index.php\/wp-json\/wp\/v2\/media\/267176"}],"wp:attachment":[{"href":"https:\/\/www.hashtag.al\/index.php\/wp-json\/wp\/v2\/media?parent=273738"}],"wp:term":[{"taxonomy":"category","embeddable":true,"href":"https:\/\/www.hashtag.al\/index.php\/wp-json\/wp\/v2\/categories?post=273738"},{"taxonomy":"post_tag","embeddable":true,"href":"https:\/\/www.hashtag.al\/index.php\/wp-json\/wp\/v2\/tags?post=273738"}],"curies":[{"name":"wp","href":"https:\/\/api.w.org\/{rel}","templated":true}]}}