{"id":273680,"date":"2019-02-11T22:50:37","date_gmt":"2019-02-11T21:50:37","guid":{"rendered":"https:\/\/hashtag.al\/?p=273680"},"modified":"2019-02-11T22:48:21","modified_gmt":"2019-02-11T21:48:21","slug":"gjata-njerez-te-larte-te-mazhorances-kane-takuar-ne-burg-dritan-dajtin","status":"publish","type":"post","link":"https:\/\/www.hashtag.al\/index.php\/2019\/02\/11\/gjata-njerez-te-larte-te-mazhorances-kane-takuar-ne-burg-dritan-dajtin\/","title":{"rendered":"Gjata: Njer\u00ebz t\u00eb lart\u00eb t\u00eb mazhoranc\u00ebs kan\u00eb takuar n\u00eb burg Dritan Dajtin","gt_translate_keys":[{"key":"rendered","format":"text"}]},"content":{"rendered":"<p><img loading=\"lazy\" decoding=\"async\" class=\"aligncenter size-full wp-image-273681\" src=\"https:\/\/hashtag.al\/wp-content\/uploads\/2019\/02\/gjata-1.jpg\" alt=\"\" width=\"1600\" height=\"825\" srcset=\"https:\/\/www.hashtag.al\/wp-content\/uploads\/2019\/02\/gjata-1.jpg 1600w, https:\/\/www.hashtag.al\/wp-content\/uploads\/2019\/02\/gjata-1-300x155.jpg 300w, https:\/\/www.hashtag.al\/wp-content\/uploads\/2019\/02\/gjata-1-768x396.jpg 768w, https:\/\/www.hashtag.al\/wp-content\/uploads\/2019\/02\/gjata-1-1024x528.jpg 1024w\" sizes=\"auto, (max-width: 1600px) 100vw, 1600px\" \/><\/p>\n<p><span style=\"color: #000000;\">Sekretari p\u00ebr \u00c7\u00ebshtjet Ligjore n\u00eb Partin\u00eb Demokratike \u00c7lirim Gjata ka b\u00ebr\u00eb nj\u00eb deklarat\u00eb t\u00eb fort\u00eb n\u00eb emisionin Opinion lidhur me \u00e7\u00ebshtjen e Dritan Dajtitt\u00eb cilit i\u2019u hoq d\u00ebnimi me burg t\u00eb p\u00ebrjetsh\u00ebm dhe u d\u00ebnua me 25 vite burg.<\/span><\/p>\n<p><span style=\"color: #000000;\">Gjata deklaroi se njer\u00ebz t\u00eb politik\u00ebs s\u00eb lart\u00eb t\u00eb mazhoranc\u00ebs kan\u00eb takuar n\u00eb burg Dritan Dajti, duke sqaruar se deklaratat p\u00ebr d\u00ebrgimin n\u00eb KLGJ t\u00eb vendimit t\u00eb gjyqtar\u00ebve jan\u00eb hipokrizi.<\/span><\/p>\n<p><span style=\"color: #000000;\">\u201cPersona nga politika e lart\u00eb e mazhoranc\u00ebs kan\u00eb shkuar dhe kan\u00eb takuar n\u00eb burg Dritan Dajtin. Deklaratat p\u00ebr t\u00eb \u00e7uar \u00e7\u00ebshtjen n\u00eb KLGJ t\u00eb gjykimit t\u00eb Dajtit jan\u00eb hipokrizi sepse e din\u00eb shum\u00eb mir\u00eb se nuk ka ligj\u201d- deklaroi Gjata n\u00eb emisionin Opinion.<\/span><\/p>\n","protected":false,"gt_translate_keys":[{"key":"rendered","format":"html"}]},"excerpt":{"rendered":"<p>Sekretari p\u00ebr \u00c7\u00ebshtjet Ligjore n\u00eb Partin\u00eb Demokratike \u00c7lirim Gjata ka b\u00ebr\u00eb nj\u00eb deklarat\u00eb t\u00eb fort\u00eb n\u00eb emisionin Opinion lidhur me \u00e7\u00ebshtjen e Dritan Dajtitt\u00eb cilit i\u2019u hoq d\u00ebnimi me burg t\u00eb p\u00ebrjetsh\u00ebm dhe u d\u00ebnua me 25 vite burg. Gjata deklaroi se njer\u00ebz t\u00eb politik\u00ebs s\u00eb lart\u00eb t\u00eb mazhoranc\u00ebs kan\u00eb takuar n\u00eb burg Dritan Dajti, [&hellip;]<\/p>\n","protected":false,"gt_translate_keys":[{"key":"rendered","format":"html"}]},"author":32,"featured_media":273681,"comment_status":"open","ping_status":"open","sticky":false,"template":"","format":"standard","meta":{"footnotes":""},"categories":[65,13],"tags":[],"class_list":["post-273680","post","type-post","status-publish","format-standard","has-post-thumbnail","hentry","category-lajme","category-te-fundit"],"gt_translate_keys":[{"key":"link","format":"url"}],"_links":{"self":[{"href":"https:\/\/www.hashtag.al\/index.php\/wp-json\/wp\/v2\/posts\/273680","targetHints":{"allow":["GET"]}}],"collection":[{"href":"https:\/\/www.hashtag.al\/index.php\/wp-json\/wp\/v2\/posts"}],"about":[{"href":"https:\/\/www.hashtag.al\/index.php\/wp-json\/wp\/v2\/types\/post"}],"author":[{"embeddable":true,"href":"https:\/\/www.hashtag.al\/index.php\/wp-json\/wp\/v2\/users\/32"}],"replies":[{"embeddable":true,"href":"https:\/\/www.hashtag.al\/index.php\/wp-json\/wp\/v2\/comments?post=273680"}],"version-history":[{"count":0,"href":"https:\/\/www.hashtag.al\/index.php\/wp-json\/wp\/v2\/posts\/273680\/revisions"}],"wp:featuredmedia":[{"embeddable":true,"href":"https:\/\/www.hashtag.al\/index.php\/wp-json\/wp\/v2\/media\/273681"}],"wp:attachment":[{"href":"https:\/\/www.hashtag.al\/index.php\/wp-json\/wp\/v2\/media?parent=273680"}],"wp:term":[{"taxonomy":"category","embeddable":true,"href":"https:\/\/www.hashtag.al\/index.php\/wp-json\/wp\/v2\/categories?post=273680"},{"taxonomy":"post_tag","embeddable":true,"href":"https:\/\/www.hashtag.al\/index.php\/wp-json\/wp\/v2\/tags?post=273680"}],"curies":[{"name":"wp","href":"https:\/\/api.w.org\/{rel}","templated":true}]}}