{"id":273576,"date":"2019-02-11T18:41:02","date_gmt":"2019-02-11T17:41:02","guid":{"rendered":"https:\/\/hashtag.al\/?p=273576"},"modified":"2019-02-11T18:42:31","modified_gmt":"2019-02-11T17:42:31","slug":"protesta-e-unazes-se-re-ben-100-dite-banoret-veliajt-o-plehre-ketu-vendosim-ne-jo-ti","status":"publish","type":"post","link":"https:\/\/www.hashtag.al\/index.php\/2019\/02\/11\/protesta-e-unazes-se-re-ben-100-dite-banoret-veliajt-o-plehre-ketu-vendosim-ne-jo-ti\/","title":{"rendered":"Protesta e Unaz\u00ebs s\u00eb Re b\u00ebn 100 dit\u00eb, banor\u00ebt-Veliajt: O plehr\u00eb, k\u00ebtu vendosim ne jo ti!","gt_translate_keys":[{"key":"rendered","format":"text"}]},"content":{"rendered":"<p><span style=\"color: #000000;\"><img loading=\"lazy\" decoding=\"async\" class=\"aligncenter size-full wp-image-273577\" src=\"https:\/\/hashtag.al\/wp-content\/uploads\/2019\/02\/protoduari.png\" alt=\"\" width=\"1068\" height=\"431\" srcset=\"https:\/\/www.hashtag.al\/wp-content\/uploads\/2019\/02\/protoduari.png 1068w, https:\/\/www.hashtag.al\/wp-content\/uploads\/2019\/02\/protoduari-300x121.png 300w, https:\/\/www.hashtag.al\/wp-content\/uploads\/2019\/02\/protoduari-768x310.png 768w, https:\/\/www.hashtag.al\/wp-content\/uploads\/2019\/02\/protoduari-1024x413.png 1024w\" sizes=\"auto, (max-width: 1068px) 100vw, 1068px\" \/><\/span><\/p>\n<p><span style=\"color: #000000;\">Protesta e Banor\u00ebve t\u00eb Astirit vazhdon n\u00eb dit\u00ebn e 100 t\u00eb saj. N\u00eb dit\u00ebn e sotme banor\u00ebt e Astirit jan\u00eb treguar t\u00eb prer\u00eb q\u00eb nuk do l\u00ebvizin dhe nuk do t\u00eb lejojn\u00eb vazhdimin e projektit t\u00eb Unaz\u00ebs s\u00eb Madhe.<\/span><\/p>\n<p><span style=\"color: #000000;\">Nj\u00eb nga protestuesit i kujton kryebashkiakut Erion Veliaj rastin e vdekjes s\u00eb Ardit Gjoklajt duke e quajtur vras\u00ebsin e tij.<\/span><\/p>\n<p><span style=\"color: #000000;\"><em>\u201cNe sot mbushim 100 dit\u00eb q\u00eb protestojm\u00eb, mbushim 100 dit\u00eb q\u00eb i treguam gjith\u00eb Shqip\u00ebris\u00eb s\u00eb banor\u00ebt e Unaz\u00ebs s\u00eb Re nuk e ulin kok\u00ebn para padrejt\u00ebsis\u00eb por ata q\u00ebndrojn\u00eb dhe fitojn\u00eb dhe kjo \u00ebsht\u00eb ajo q\u00eb arrit\u00ebm dhe do arrijm\u00eb edhe m\u00eb von\u00eb. Por nj\u00eb gj\u00eb desha tani p\u00ebr k\u00ebt\u00eb Erion Veliaj q\u00eb do hynte n\u00eb burg si vras\u00ebsi kryesor i Ardit Gjoklajt. Unaza e Re more plehr\u00eb nuk do b\u00ebhet pa ik ne nga Unaza e Re. \u00a0Unaz\u00ebn e Re e vendosim ne, jo ti o plehr\u00eb. K\u00ebtu vendosim ne. Ti duhet t\u2019i jap\u00ebsh p\u00ebrgjigjes s\u00eb fundit q\u00eb t\u00eb b\u00ebn nj\u00eb nd\u00ebrtues i nderuar nga Kosova dhe t\u00eb k\u00ebrkon shum\u00ebn q\u00eb i ke k\u00ebrku. Ti ke probleme t\u00eb m\u00ebdhaja me ligjin, por s\u2019mund t\u00eb na tregosh ne se \u00e7far\u00eb t\u00eb b\u00ebjm\u00eb.\u201d<\/em>, tha nj\u00eb nga protestuesit.<\/span><\/p>\n<p><span style=\"color: #000000;\">Deputeti i Partis\u00eb Demokratike, Klevis Balliu ishte edhe sot pran\u00eb banor\u00ebve t\u00eb Unaz\u00ebs s\u00eb Re, para t\u00eb cil\u00ebve tha se partia t\u00eb cil\u00ebn ai p\u00ebrfaq\u00ebson do t\u00eb demaskoj\u00eb \u00e7do vjedhje t\u00eb qeveris.<\/span><\/p>\n<p><span style=\"color: #000000;\">Balliu tha se opozita ka mb\u00ebshtetjen e nd\u00ebrkomb\u00ebtar\u00ebve dhe kjo do t\u00eb tregohet m\u00eb qart\u00eb gjat\u00eb dit\u00ebve n\u00eb vijim, pas protest\u00ebs s\u00eb 16 shkurtit.<\/span><\/p>\n<p><span style=\"color: #000000;\">\u00a0\u201cDo t\u00eb demaskohet \u00e7do vjedhje e qeveris\u00eb sepse Partia Demokratike nuk \u00ebsht\u00eb k\u00ebtu p\u00ebr t\u00eb b\u00ebr\u00eb deklarata, por p\u00ebr t\u2019ju dh\u00ebn\u00eb mb\u00ebshtetje k\u00ebtyre banor\u00ebve dhe ta din\u00eb se fadromat do t\u00eb hyjn\u00eb k\u00ebtu kur t\u00eb shkelin mbi trupat e deputet\u00ebve t\u00eb opozit\u00ebs. Ne \u00e7do dit\u00eb e m\u00eb shum\u00eb kemi mb\u00ebshtetjen e nd\u00ebrkomb\u00ebtar\u00ebve t\u00eb cil\u00ebn shum\u00eb shpejt do t\u00eb shikoni q\u00eb do t\u00eb jet\u00eb m\u00eb e hapur.<\/span><\/p>\n<p><span style=\"color: #000000;\"><em>Me dat\u00eb 16 \u00ebsht\u00eb dita kur qytetar\u00ebt do t\u00eb marrin n\u00eb dor\u00eb fatet e tyre dhe t\u00eb f\u00ebmij\u00ebve t\u00eb tyre. Edi Rama nuk do t\u00eb mund t\u00eb ndaloj\u00eb dot me kamion\u00ebt e dhuruar nga Erdogani protest\u00ebn e banor\u00ebve k\u00ebtu. K\u00ebtu \u00ebsht\u00eb v\u00ebrtetuar nd\u00ebr t\u00eb tjera edhe fakti trondit\u00ebs se drejt\u00ebsia ka r\u00ebn\u00eb, se k\u00ebtu nuk ka as kryeminist\u00ebr, as kryetar bashkie. Kjo tregon se ka ardhur koha q\u00eb t\u00eb rr\u00ebzohet kjo qeveri, vendi jon\u00eb \u00ebsht\u00eb marr\u00eb n\u00eb dor\u00eb nga argat\u00ebve t\u00eb Serbis\u00eb, nga k\u00eblysh\u00ebt e Enver Hoxh\u00ebs, \u00ebsht\u00eb marr\u00eb n\u00eb dor\u00eb nga tradh\u00ebtar\u00ebt e kombit. Me 16 shkurt do t\u00eb marrin p\u00ebrgjigjen e merituar nga qytertar\u00ebt e k\u00ebtij vendi\u201d<\/em>, \u2013\u00a0tha Balliu.<strong>\/Hashtag.al<\/strong><\/span><\/p>\n<p><img loading=\"lazy\" decoding=\"async\" class=\"aligncenter size-full wp-image-273578\" src=\"https:\/\/hashtag.al\/wp-content\/uploads\/2019\/02\/banori.png\" alt=\"\" width=\"778\" height=\"467\" srcset=\"https:\/\/www.hashtag.al\/wp-content\/uploads\/2019\/02\/banori.png 778w, https:\/\/www.hashtag.al\/wp-content\/uploads\/2019\/02\/banori-300x180.png 300w, https:\/\/www.hashtag.al\/wp-content\/uploads\/2019\/02\/banori-768x461.png 768w\" sizes=\"auto, (max-width: 778px) 100vw, 778px\" \/><\/p>\n","protected":false,"gt_translate_keys":[{"key":"rendered","format":"html"}]},"excerpt":{"rendered":"<p>Protesta e Banor\u00ebve t\u00eb Astirit vazhdon n\u00eb dit\u00ebn e 100 t\u00eb saj. N\u00eb dit\u00ebn e sotme banor\u00ebt e Astirit jan\u00eb treguar t\u00eb prer\u00eb q\u00eb nuk do l\u00ebvizin dhe nuk do t\u00eb lejojn\u00eb vazhdimin e projektit t\u00eb Unaz\u00ebs s\u00eb Madhe. Nj\u00eb nga protestuesit i kujton kryebashkiakut Erion Veliaj rastin e vdekjes s\u00eb Ardit Gjoklajt duke e [&hellip;]<\/p>\n","protected":false,"gt_translate_keys":[{"key":"rendered","format":"html"}]},"author":30,"featured_media":273578,"comment_status":"open","ping_status":"open","sticky":false,"template":"","format":"standard","meta":{"footnotes":""},"categories":[65,13],"tags":[],"class_list":["post-273576","post","type-post","status-publish","format-standard","has-post-thumbnail","hentry","category-lajme","category-te-fundit"],"gt_translate_keys":[{"key":"link","format":"url"}],"_links":{"self":[{"href":"https:\/\/www.hashtag.al\/index.php\/wp-json\/wp\/v2\/posts\/273576","targetHints":{"allow":["GET"]}}],"collection":[{"href":"https:\/\/www.hashtag.al\/index.php\/wp-json\/wp\/v2\/posts"}],"about":[{"href":"https:\/\/www.hashtag.al\/index.php\/wp-json\/wp\/v2\/types\/post"}],"author":[{"embeddable":true,"href":"https:\/\/www.hashtag.al\/index.php\/wp-json\/wp\/v2\/users\/30"}],"replies":[{"embeddable":true,"href":"https:\/\/www.hashtag.al\/index.php\/wp-json\/wp\/v2\/comments?post=273576"}],"version-history":[{"count":0,"href":"https:\/\/www.hashtag.al\/index.php\/wp-json\/wp\/v2\/posts\/273576\/revisions"}],"wp:featuredmedia":[{"embeddable":true,"href":"https:\/\/www.hashtag.al\/index.php\/wp-json\/wp\/v2\/media\/273578"}],"wp:attachment":[{"href":"https:\/\/www.hashtag.al\/index.php\/wp-json\/wp\/v2\/media?parent=273576"}],"wp:term":[{"taxonomy":"category","embeddable":true,"href":"https:\/\/www.hashtag.al\/index.php\/wp-json\/wp\/v2\/categories?post=273576"},{"taxonomy":"post_tag","embeddable":true,"href":"https:\/\/www.hashtag.al\/index.php\/wp-json\/wp\/v2\/tags?post=273576"}],"curies":[{"name":"wp","href":"https:\/\/api.w.org\/{rel}","templated":true}]}}