{"id":273444,"date":"2019-02-11T11:11:02","date_gmt":"2019-02-11T10:11:02","guid":{"rendered":"https:\/\/hashtag.al\/?p=273444"},"modified":"2019-02-11T11:12:11","modified_gmt":"2019-02-11T10:12:11","slug":"flaket-perfshijne-tokat-ne-orikum-banesat-ne-rrezik-video","status":"publish","type":"post","link":"https:\/\/www.hashtag.al\/index.php\/2019\/02\/11\/flaket-perfshijne-tokat-ne-orikum-banesat-ne-rrezik-video\/","title":{"rendered":"Flak\u00ebt p\u00ebrfshijn\u00eb tokat n\u00eb Orikum, banesat n\u00eb rrezik (VIDEO)","gt_translate_keys":[{"key":"rendered","format":"text"}]},"content":{"rendered":"<p><img loading=\"lazy\" decoding=\"async\" class=\"aligncenter size-full wp-image-273449\" src=\"https:\/\/hashtag.al\/wp-content\/uploads\/2019\/02\/zjarr_orikum.jpg\" alt=\"\" width=\"860\" height=\"460\" srcset=\"https:\/\/www.hashtag.al\/wp-content\/uploads\/2019\/02\/zjarr_orikum.jpg 860w, https:\/\/www.hashtag.al\/wp-content\/uploads\/2019\/02\/zjarr_orikum-300x160.jpg 300w, https:\/\/www.hashtag.al\/wp-content\/uploads\/2019\/02\/zjarr_orikum-768x411.jpg 768w\" sizes=\"auto, (max-width: 860px) 100vw, 860px\" \/><\/p>\n<p><span style=\"color: #000000;\">M\u00ebngjesin e sot\u00ebm \u00ebsht\u00eb p\u00ebrfshir\u00eb nga flak\u00ebt nj\u00eb siperfaqe e konsiderueshme me shkurre e kallamishte n\u00eb Orikum t\u00eb Vlor\u00ebs.<\/span><\/p>\n<p><span style=\"color: #000000;\">Nga zjarri rrezikohen edhe disa banesa dhe lokale q\u00eb ndodhen aty pran\u00eb, pasi flak\u00ebt po p\u00ebrhapen me shpejt\u00ebsi. Kjo edhe p\u00ebr shkak t\u00eb er\u00ebs q\u00eb ka p\u00ebrfshir\u00eb bregdetin.<\/span><\/p>\n<p><span style=\"color: #000000;\">Sh\u00ebrbimet e zjarrfik\u00ebses jan\u00eb njoftuar p\u00ebr t&#8217;i ardhur n\u00eb ndihm\u00eb banor\u00ebve p\u00ebr t\u00eb shuar flak\u00ebt, por ata s&#8217;kan\u00eb mb\u00ebrritur akoma. M\u00eb posht\u00eb \u00ebsht\u00eb nj\u00eb video e publikuar nga &#8220;Ora News&#8221; nga vendngjarja.<\/span><\/p>\n<p><iframe loading=\"lazy\" title=\"Ora News - Zjarr n\u00eb Orikum, flak\u00ebt rrezikojn\u00eb banesa dhe lokale\" width=\"1170\" height=\"658\" src=\"https:\/\/www.youtube.com\/embed\/XExaX8q9RRA?feature=oembed\" frameborder=\"0\" allow=\"accelerometer; autoplay; clipboard-write; encrypted-media; gyroscope; picture-in-picture\" allowfullscreen><\/iframe><\/p>\n","protected":false,"gt_translate_keys":[{"key":"rendered","format":"html"}]},"excerpt":{"rendered":"<p>M\u00ebngjesin e sot\u00ebm \u00ebsht\u00eb p\u00ebrfshir\u00eb nga flak\u00ebt nj\u00eb siperfaqe e konsiderueshme me shkurre e kallamishte n\u00eb Orikum t\u00eb Vlor\u00ebs. Nga zjarri rrezikohen edhe disa banesa dhe lokale q\u00eb ndodhen aty pran\u00eb, pasi flak\u00ebt po p\u00ebrhapen me shpejt\u00ebsi. Kjo edhe p\u00ebr shkak t\u00eb er\u00ebs q\u00eb ka p\u00ebrfshir\u00eb bregdetin. Sh\u00ebrbimet e zjarrfik\u00ebses jan\u00eb njoftuar p\u00ebr t&#8217;i ardhur [&hellip;]<\/p>\n","protected":false,"gt_translate_keys":[{"key":"rendered","format":"html"}]},"author":30,"featured_media":273449,"comment_status":"open","ping_status":"open","sticky":false,"template":"","format":"standard","meta":{"footnotes":""},"categories":[65,13],"tags":[],"class_list":["post-273444","post","type-post","status-publish","format-standard","has-post-thumbnail","hentry","category-lajme","category-te-fundit"],"gt_translate_keys":[{"key":"link","format":"url"}],"_links":{"self":[{"href":"https:\/\/www.hashtag.al\/index.php\/wp-json\/wp\/v2\/posts\/273444","targetHints":{"allow":["GET"]}}],"collection":[{"href":"https:\/\/www.hashtag.al\/index.php\/wp-json\/wp\/v2\/posts"}],"about":[{"href":"https:\/\/www.hashtag.al\/index.php\/wp-json\/wp\/v2\/types\/post"}],"author":[{"embeddable":true,"href":"https:\/\/www.hashtag.al\/index.php\/wp-json\/wp\/v2\/users\/30"}],"replies":[{"embeddable":true,"href":"https:\/\/www.hashtag.al\/index.php\/wp-json\/wp\/v2\/comments?post=273444"}],"version-history":[{"count":0,"href":"https:\/\/www.hashtag.al\/index.php\/wp-json\/wp\/v2\/posts\/273444\/revisions"}],"wp:featuredmedia":[{"embeddable":true,"href":"https:\/\/www.hashtag.al\/index.php\/wp-json\/wp\/v2\/media\/273449"}],"wp:attachment":[{"href":"https:\/\/www.hashtag.al\/index.php\/wp-json\/wp\/v2\/media?parent=273444"}],"wp:term":[{"taxonomy":"category","embeddable":true,"href":"https:\/\/www.hashtag.al\/index.php\/wp-json\/wp\/v2\/categories?post=273444"},{"taxonomy":"post_tag","embeddable":true,"href":"https:\/\/www.hashtag.al\/index.php\/wp-json\/wp\/v2\/tags?post=273444"}],"curies":[{"name":"wp","href":"https:\/\/api.w.org\/{rel}","templated":true}]}}