{"id":273039,"date":"2019-02-09T16:30:16","date_gmt":"2019-02-09T15:30:16","guid":{"rendered":"https:\/\/hashtag.al\/?p=273039"},"modified":"2019-02-09T16:19:11","modified_gmt":"2019-02-09T15:19:11","slug":"berisha-ironizon-me-ramen-ne-erseke-te-priten-vetem-30-militante","status":"publish","type":"post","link":"https:\/\/www.hashtag.al\/index.php\/2019\/02\/09\/berisha-ironizon-me-ramen-ne-erseke-te-priten-vetem-30-militante\/","title":{"rendered":"Berisha ironizon me Ram\u00ebn: N\u00eb Ersek\u00eb t\u00eb prit\u00ebn vet\u00ebm 30 militant\u00eb","gt_translate_keys":[{"key":"rendered","format":"text"}]},"content":{"rendered":"<p><img loading=\"lazy\" decoding=\"async\" class=\"aligncenter size-full wp-image-273041\" src=\"https:\/\/hashtag.al\/wp-content\/uploads\/2019\/02\/erseke-rama.jpg\" alt=\"\" width=\"636\" height=\"960\" srcset=\"https:\/\/www.hashtag.al\/wp-content\/uploads\/2019\/02\/erseke-rama.jpg 636w, https:\/\/www.hashtag.al\/wp-content\/uploads\/2019\/02\/erseke-rama-199x300.jpg 199w\" sizes=\"auto, (max-width: 636px) 100vw, 636px\" \/><\/p>\n<p><span style=\"color: #000000;\">Ish-kryeministri Sali Berisha ka ironizuar pjes\u00ebmarrjen e ul\u00ebt nga vizita e Kryeministrit Edi Rama n\u00eb Ersek\u00eb dit\u00ebn e stome.<\/span><\/p>\n<p><span style=\"color: #000000;\">Duke shp\u00ebrndar\u00eb fotot e d\u00ebrguara nga qytetari digjital, Berisha shkruan se Ram\u00ebn e presin vet\u00ebm 30 militant\u00eb t\u00eb punonj\u00ebs t\u00eb administrat\u00ebs publike.<\/span><\/p>\n<p><span style=\"color: #000000;\"><strong>Postimi i plot\u00eb:<\/strong><\/span><\/p>\n<p><span style=\"color: #000000;\">N\u00eb Ersek\u00eb Edvinit i varin teneqen!<\/span><\/p>\n<p><span style=\"color: #000000;\">Lexoni mesazhin, shikoni fotot e qytetarit digjital! sb<\/span><\/p>\n<p><span style=\"color: #000000;\">Shikoje si e presin n\u00eb Ersek\u00eb kallam d\u00ebshtakun 30 militante te t\u00ebrbuar punonj\u00ebs administrate<\/span><\/p>\n<p><span style=\"color: #000000;\">K\u00ebtu b\u00ebn gati xhirimet propaganduse t\u00eb uj\u00ebsjell\u00ebsit.<\/span><\/p>\n<p><img loading=\"lazy\" decoding=\"async\" class=\"aligncenter size-full wp-image-273040\" src=\"https:\/\/hashtag.al\/wp-content\/uploads\/2019\/02\/rama-erseke.jpg\" alt=\"\" width=\"630\" height=\"960\" srcset=\"https:\/\/www.hashtag.al\/wp-content\/uploads\/2019\/02\/rama-erseke.jpg 630w, https:\/\/www.hashtag.al\/wp-content\/uploads\/2019\/02\/rama-erseke-197x300.jpg 197w\" sizes=\"auto, (max-width: 630px) 100vw, 630px\" \/><\/p>\n","protected":false,"gt_translate_keys":[{"key":"rendered","format":"html"}]},"excerpt":{"rendered":"<p>Ish-kryeministri Sali Berisha ka ironizuar pjes\u00ebmarrjen e ul\u00ebt nga vizita e Kryeministrit Edi Rama n\u00eb Ersek\u00eb dit\u00ebn e stome. Duke shp\u00ebrndar\u00eb fotot e d\u00ebrguara nga qytetari digjital, Berisha shkruan se Ram\u00ebn e presin vet\u00ebm 30 militant\u00eb t\u00eb punonj\u00ebs t\u00eb administrat\u00ebs publike. Postimi i plot\u00eb: N\u00eb Ersek\u00eb Edvinit i varin teneqen! Lexoni mesazhin, shikoni fotot e [&hellip;]<\/p>\n","protected":false,"gt_translate_keys":[{"key":"rendered","format":"html"}]},"author":32,"featured_media":271961,"comment_status":"open","ping_status":"open","sticky":false,"template":"","format":"standard","meta":{"footnotes":""},"categories":[65,13],"tags":[],"class_list":["post-273039","post","type-post","status-publish","format-standard","has-post-thumbnail","hentry","category-lajme","category-te-fundit"],"gt_translate_keys":[{"key":"link","format":"url"}],"_links":{"self":[{"href":"https:\/\/www.hashtag.al\/index.php\/wp-json\/wp\/v2\/posts\/273039","targetHints":{"allow":["GET"]}}],"collection":[{"href":"https:\/\/www.hashtag.al\/index.php\/wp-json\/wp\/v2\/posts"}],"about":[{"href":"https:\/\/www.hashtag.al\/index.php\/wp-json\/wp\/v2\/types\/post"}],"author":[{"embeddable":true,"href":"https:\/\/www.hashtag.al\/index.php\/wp-json\/wp\/v2\/users\/32"}],"replies":[{"embeddable":true,"href":"https:\/\/www.hashtag.al\/index.php\/wp-json\/wp\/v2\/comments?post=273039"}],"version-history":[{"count":0,"href":"https:\/\/www.hashtag.al\/index.php\/wp-json\/wp\/v2\/posts\/273039\/revisions"}],"wp:featuredmedia":[{"embeddable":true,"href":"https:\/\/www.hashtag.al\/index.php\/wp-json\/wp\/v2\/media\/271961"}],"wp:attachment":[{"href":"https:\/\/www.hashtag.al\/index.php\/wp-json\/wp\/v2\/media?parent=273039"}],"wp:term":[{"taxonomy":"category","embeddable":true,"href":"https:\/\/www.hashtag.al\/index.php\/wp-json\/wp\/v2\/categories?post=273039"},{"taxonomy":"post_tag","embeddable":true,"href":"https:\/\/www.hashtag.al\/index.php\/wp-json\/wp\/v2\/tags?post=273039"}],"curies":[{"name":"wp","href":"https:\/\/api.w.org\/{rel}","templated":true}]}}