{"id":273029,"date":"2019-02-09T16:01:28","date_gmt":"2019-02-09T15:01:28","guid":{"rendered":"https:\/\/hashtag.al\/?p=273029"},"modified":"2019-02-09T16:03:14","modified_gmt":"2019-02-09T15:03:14","slug":"publikon-foto-nga-spitali-cfare-i-ka-ndodhur-zak-efronit","status":"publish","type":"post","link":"https:\/\/www.hashtag.al\/index.php\/2019\/02\/09\/publikon-foto-nga-spitali-cfare-i-ka-ndodhur-zak-efronit\/","title":{"rendered":"Publikon foto nga spitali, \u00e7far\u00eb i ka ndodhur Zak Efronit","gt_translate_keys":[{"key":"rendered","format":"text"}]},"content":{"rendered":"<p><img loading=\"lazy\" decoding=\"async\" class=\"aligncenter size-full wp-image-273030\" src=\"https:\/\/hashtag.al\/wp-content\/uploads\/2019\/02\/ZAK.jpg\" alt=\"\" width=\"596\" height=\"459\" srcset=\"https:\/\/www.hashtag.al\/wp-content\/uploads\/2019\/02\/ZAK.jpg 596w, https:\/\/www.hashtag.al\/wp-content\/uploads\/2019\/02\/ZAK-300x231.jpg 300w\" sizes=\"auto, (max-width: 596px) 100vw, 596px\" \/><\/p>\n<p><span style=\"color: #000000;\">Aktori i famsh\u00ebm Zak Efron ka publikuar n\u00eb rrjetet e tij sociale nj\u00eb foto nga spitali. Efron mesa duket i \u00ebsht\u00eb n\u00ebnshtruar nj\u00eb nd\u00ebrhyrje kirurgjikale n\u00eb gju, pas d\u00ebmtimit t\u00eb nj\u00eb ligament.<\/span><\/p>\n<p><em><span style=\"color: #000000;\">\u201cD\u00ebmtova ligamentin e gjurit duke b\u00ebr\u00eb ski me shpejt\u00ebsi, por gjith\u00e7ka shkoi mir\u00eb, Iu n\u00ebnshtrova nj\u00eb nd\u00ebrhyrjeje kirurgjikale dhe u ktheva m\u00eb i fort\u00eb se kurr\u00eb.<\/span><\/em><\/p>\n<p><span style=\"color: #000000;\"><em>Faleminderit Dr.Kvitne dhe skuadr\u00ebs s\u00eb tij n\u00eb Qendr\u00ebn e Kirurgjis\u00eb Kerlan \u2013 Jobe. Do ju mbaj t\u00eb informuar nd\u00ebrkoh\u00eb q\u00eb jam n\u00eb process sh\u00ebrimi. Faleminderit p\u00ebr gjith\u00eb dashurin\u00eb dhe pozitivitetin!\u201d,<\/em> shkruan Efron krahas fotos.<\/span><\/p>\n<p><span style=\"color: #000000;\">Fansat e Zak menj\u00ebher\u00eb shpreh\u00ebn mb\u00ebshtetjen e tyre p\u00ebr aktorin, duke i uruar nj\u00eb sh\u00ebrim sa m\u00eb t\u00eb shpejt\u00eb. <\/span><\/p>\n<p><span style=\"color: #000000;\">Aktori tanim\u00eb ka dal\u00eb nga spitali dhe po mundohet t\u00eb ambientohet me karrigen e tij me rrota. Ai ka publikuar edhe nj\u00eb foto n\u00eb &#8220;Instastory&#8221;, duke par\u00eb nj\u00eb film n\u00eb sht\u00ebpi.<\/span><\/p>\n<p><img loading=\"lazy\" decoding=\"async\" class=\"aligncenter size-full wp-image-273031\" src=\"https:\/\/hashtag.al\/wp-content\/uploads\/2019\/02\/Efron.jpg\" alt=\"\" width=\"1009\" height=\"651\" srcset=\"https:\/\/www.hashtag.al\/wp-content\/uploads\/2019\/02\/Efron.jpg 1009w, https:\/\/www.hashtag.al\/wp-content\/uploads\/2019\/02\/Efron-300x194.jpg 300w, https:\/\/www.hashtag.al\/wp-content\/uploads\/2019\/02\/Efron-768x496.jpg 768w\" sizes=\"auto, (max-width: 1009px) 100vw, 1009px\" \/><\/p>\n<p><img loading=\"lazy\" decoding=\"async\" class=\"aligncenter size-full wp-image-273034\" src=\"https:\/\/hashtag.al\/wp-content\/uploads\/2019\/02\/Zac.jpg\" alt=\"\" width=\"435\" height=\"854\" srcset=\"https:\/\/www.hashtag.al\/wp-content\/uploads\/2019\/02\/Zac.jpg 435w, https:\/\/www.hashtag.al\/wp-content\/uploads\/2019\/02\/Zac-153x300.jpg 153w\" sizes=\"auto, (max-width: 435px) 100vw, 435px\" \/><\/p>\n","protected":false,"gt_translate_keys":[{"key":"rendered","format":"html"}]},"excerpt":{"rendered":"<p>Aktori i famsh\u00ebm Zak Efron ka publikuar n\u00eb rrjetet e tij sociale nj\u00eb foto nga spitali. Efron mesa duket i \u00ebsht\u00eb n\u00ebnshtruar nj\u00eb nd\u00ebrhyrje kirurgjikale n\u00eb gju, pas d\u00ebmtimit t\u00eb nj\u00eb ligament. \u201cD\u00ebmtova ligamentin e gjurit duke b\u00ebr\u00eb ski me shpejt\u00ebsi, por gjith\u00e7ka shkoi mir\u00eb, Iu n\u00ebnshtrova nj\u00eb nd\u00ebrhyrjeje kirurgjikale dhe u ktheva m\u00eb i [&hellip;]<\/p>\n","protected":false,"gt_translate_keys":[{"key":"rendered","format":"html"}]},"author":30,"featured_media":273030,"comment_status":"open","ping_status":"open","sticky":false,"template":"","format":"standard","meta":{"footnotes":""},"categories":[53],"tags":[],"class_list":["post-273029","post","type-post","status-publish","format-standard","has-post-thumbnail","hentry","category-fast-foodi"],"gt_translate_keys":[{"key":"link","format":"url"}],"_links":{"self":[{"href":"https:\/\/www.hashtag.al\/index.php\/wp-json\/wp\/v2\/posts\/273029","targetHints":{"allow":["GET"]}}],"collection":[{"href":"https:\/\/www.hashtag.al\/index.php\/wp-json\/wp\/v2\/posts"}],"about":[{"href":"https:\/\/www.hashtag.al\/index.php\/wp-json\/wp\/v2\/types\/post"}],"author":[{"embeddable":true,"href":"https:\/\/www.hashtag.al\/index.php\/wp-json\/wp\/v2\/users\/30"}],"replies":[{"embeddable":true,"href":"https:\/\/www.hashtag.al\/index.php\/wp-json\/wp\/v2\/comments?post=273029"}],"version-history":[{"count":0,"href":"https:\/\/www.hashtag.al\/index.php\/wp-json\/wp\/v2\/posts\/273029\/revisions"}],"wp:featuredmedia":[{"embeddable":true,"href":"https:\/\/www.hashtag.al\/index.php\/wp-json\/wp\/v2\/media\/273030"}],"wp:attachment":[{"href":"https:\/\/www.hashtag.al\/index.php\/wp-json\/wp\/v2\/media?parent=273029"}],"wp:term":[{"taxonomy":"category","embeddable":true,"href":"https:\/\/www.hashtag.al\/index.php\/wp-json\/wp\/v2\/categories?post=273029"},{"taxonomy":"post_tag","embeddable":true,"href":"https:\/\/www.hashtag.al\/index.php\/wp-json\/wp\/v2\/tags?post=273029"}],"curies":[{"name":"wp","href":"https:\/\/api.w.org\/{rel}","templated":true}]}}