{"id":273022,"date":"2019-02-09T15:43:36","date_gmt":"2019-02-09T14:43:36","guid":{"rendered":"https:\/\/hashtag.al\/?p=273022"},"modified":"2019-02-09T15:45:44","modified_gmt":"2019-02-09T14:45:44","slug":"polici-e-mesuesi-ne-paraburgim-arrest-shtepie-per-mjekun-qe-kreu-abortin-e-vajzes-nga-drenasi","status":"publish","type":"post","link":"https:\/\/www.hashtag.al\/index.php\/2019\/02\/09\/polici-e-mesuesi-ne-paraburgim-arrest-shtepie-per-mjekun-qe-kreu-abortin-e-vajzes-nga-drenasi\/","title":{"rendered":"Polici e m\u00ebsuesi n\u00eb paraburgim, &#8220;arrest sht\u00ebpie&#8221; p\u00ebr mjekun q\u00eb kreu abortin e vajz\u00ebs nga Drenasi","gt_translate_keys":[{"key":"rendered","format":"text"}]},"content":{"rendered":"<p><img loading=\"lazy\" decoding=\"async\" class=\"aligncenter size-full wp-image-273023\" src=\"https:\/\/hashtag.al\/wp-content\/uploads\/2019\/02\/burg.jpg\" alt=\"\" width=\"747\" height=\"486\" srcset=\"https:\/\/www.hashtag.al\/wp-content\/uploads\/2019\/02\/burg.jpg 747w, https:\/\/www.hashtag.al\/wp-content\/uploads\/2019\/02\/burg-300x195.jpg 300w\" sizes=\"auto, (max-width: 747px) 100vw, 747px\" \/><\/p>\n<p><span style=\"color: #000000;\">Mjeku q\u00eb kreu abortin e 18-vje\u00e7ares nga Drenasi, e cila dyshohet se \u00ebsht\u00eb dhunuar seksualisht nga profesori i saj dhe nj\u00eb polic q\u00eb prej dy vitesh m\u00eb par\u00eb, \u00ebsht\u00eb l\u00ebn\u00eb n\u00eb arrest sht\u00ebpie.<\/span><\/p>\n<p><span style=\"color: #000000;\">Mediat n\u00eb Kosov\u00eb b\u00ebjn\u00eb me dije se gjykata Themelore n\u00eb Prishtin\u00eb i ka caktuar mas\u00ebn e arrestit sht\u00ebpiak p\u00ebr nj\u00eb muaj, doktorit Fehmi Ahmeti, n\u00ebn dyshimin se ka b\u00ebr\u00eb nd\u00ebrprerjen e palejuar e shtatz\u00ebnis\u00eb- abort.<\/span><\/p>\n<p><em><span style=\"color: #000000;\">\u201cGjykata Themelore n\u00eb Prishtin\u00eb &#8211; Departamenti i P\u00ebrgjithsh\u00ebm \u2013 Divizioni p\u00ebr \u00c7\u00ebshtje Penale ka vendosur lidhur me k\u00ebrkes\u00ebn e Prokuroris\u00eb Themelore n\u00eb Prishtin\u00eb p\u00ebr caktimin e mas\u00ebs s\u00eb arrestit sht\u00ebpiak kund\u00ebr t\u00eb pandehurit F.A p\u00ebr shkak t\u00eb vepr\u00ebs penale Nd\u00ebrprerja e pa lejuar e shtatz\u00ebnis\u00eb nga neni 184 par2 t\u00eb Kodit Penal Republik\u00ebs s\u00eb Kosov\u00ebs.<\/span><\/em><\/p>\n<p><em><span style=\"color: #000000;\">Gjykata ka marr aktvendim dhe t\u00eb pandehurit F.A iu \u00ebsht\u00eb caktuar masa e arrestit sht\u00ebpiak prej dat\u00ebs 07.02.2019 deri me dat\u00eb 06.03.2019.<\/span><\/em><\/p>\n<p><span style=\"color: #000000;\"><em>Ekziston dyshimi i bazuar se i pandehuri F.A me dt. 15.01.2019 n\u00eb kund\u00ebrshtim me Ligjin 03\/L-10 p\u00ebr nd\u00ebrprerjen e shtatz\u00ebnis\u00eb, n\u00eb ordinanc\u00ebn e tij private specialisktike-gjinekologjike ka b\u00ebr\u00eb nd\u00ebrprerjen e shtatz\u00ebnis\u00eb ndaj t\u00eb d\u00ebmtuar\u00ebs A.G.\u201d,<\/em> thuhet n\u00eb njoftimin p\u00ebr mediat.<\/span><\/p>\n<p><span style=\"color: #000000;\">Pala ka t\u00eb drejt\u00eb ankese kund\u00ebr k\u00ebtij vendimi n\u00eb Gjykat\u00ebn e Apelit t\u00eb Kosov\u00ebs.<\/span><\/p>\n<p><span style=\"color: #000000;\">Dy dit\u00eb m\u00eb par\u00eb u dha masa e siguris\u00eb edhe p\u00ebr policin Vesel Veseli. Atij iu caktua masa e paraburgimit p\u00ebr 30 dit\u00ebsh. Nd\u00ebrsa m\u00ebsuesit sot iu caktua nga gjykata mas\u00eb e nj\u00ebjt\u00eb- paraburgim prej nj\u00eb muaji.<\/span><\/p>\n<p><span style=\"color: #000000;\">Lajmi p\u00ebr abuzimin seksual t\u00eb vajz\u00ebs nga Drenasi u b\u00eb public nga mediat m\u00eb 5 shkurt. E reja thot\u00eb se \u00ebsht\u00eb abuzuar seksualisht nga profesori Shk\u00eblzen Xhekaj dhe nga hetuesi policor Vesel Veseli, ku kishte b\u00ebr\u00eb denoncimin.<\/span><\/p>\n<p><span style=\"color: #000000;\">Ky i fundit e kishte l\u00ebn\u00eb shtatz\u00ebn\u00eb t\u00eb mitur\u00ebn e pastaj e kishte detyruar q\u00eb t\u00eb abortoj\u00eb n\u00eb nj\u00eb klinik\u00eb private.<\/span><\/p>\n<p>&nbsp;<\/p>\n","protected":false,"gt_translate_keys":[{"key":"rendered","format":"html"}]},"excerpt":{"rendered":"<p>Mjeku q\u00eb kreu abortin e 18-vje\u00e7ares nga Drenasi, e cila dyshohet se \u00ebsht\u00eb dhunuar seksualisht nga profesori i saj dhe nj\u00eb polic q\u00eb prej dy vitesh m\u00eb par\u00eb, \u00ebsht\u00eb l\u00ebn\u00eb n\u00eb arrest sht\u00ebpie. Mediat n\u00eb Kosov\u00eb b\u00ebjn\u00eb me dije se gjykata Themelore n\u00eb Prishtin\u00eb i ka caktuar mas\u00ebn e arrestit sht\u00ebpiak p\u00ebr nj\u00eb muaj, doktorit [&hellip;]<\/p>\n","protected":false,"gt_translate_keys":[{"key":"rendered","format":"html"}]},"author":30,"featured_media":273023,"comment_status":"open","ping_status":"open","sticky":false,"template":"","format":"standard","meta":{"footnotes":""},"categories":[149,65,13],"tags":[],"class_list":["post-273022","post","type-post","status-publish","format-standard","has-post-thumbnail","hentry","category-kosoverajon","category-lajme","category-te-fundit"],"gt_translate_keys":[{"key":"link","format":"url"}],"_links":{"self":[{"href":"https:\/\/www.hashtag.al\/index.php\/wp-json\/wp\/v2\/posts\/273022","targetHints":{"allow":["GET"]}}],"collection":[{"href":"https:\/\/www.hashtag.al\/index.php\/wp-json\/wp\/v2\/posts"}],"about":[{"href":"https:\/\/www.hashtag.al\/index.php\/wp-json\/wp\/v2\/types\/post"}],"author":[{"embeddable":true,"href":"https:\/\/www.hashtag.al\/index.php\/wp-json\/wp\/v2\/users\/30"}],"replies":[{"embeddable":true,"href":"https:\/\/www.hashtag.al\/index.php\/wp-json\/wp\/v2\/comments?post=273022"}],"version-history":[{"count":0,"href":"https:\/\/www.hashtag.al\/index.php\/wp-json\/wp\/v2\/posts\/273022\/revisions"}],"wp:featuredmedia":[{"embeddable":true,"href":"https:\/\/www.hashtag.al\/index.php\/wp-json\/wp\/v2\/media\/273023"}],"wp:attachment":[{"href":"https:\/\/www.hashtag.al\/index.php\/wp-json\/wp\/v2\/media?parent=273022"}],"wp:term":[{"taxonomy":"category","embeddable":true,"href":"https:\/\/www.hashtag.al\/index.php\/wp-json\/wp\/v2\/categories?post=273022"},{"taxonomy":"post_tag","embeddable":true,"href":"https:\/\/www.hashtag.al\/index.php\/wp-json\/wp\/v2\/tags?post=273022"}],"curies":[{"name":"wp","href":"https:\/\/api.w.org\/{rel}","templated":true}]}}