{"id":272911,"date":"2019-02-09T10:55:05","date_gmt":"2019-02-09T09:55:05","guid":{"rendered":"https:\/\/hashtag.al\/?p=272911"},"modified":"2019-02-09T10:55:56","modified_gmt":"2019-02-09T09:55:56","slug":"tabaku-takon-tregtaret-i-mbyten-ne-gjoba-i-ftoj-ne-proteste-fotot","status":"publish","type":"post","link":"https:\/\/www.hashtag.al\/index.php\/2019\/02\/09\/tabaku-takon-tregtaret-i-mbyten-ne-gjoba-i-ftoj-ne-proteste-fotot\/","title":{"rendered":"Tabaku takon tregtar\u00ebt: I mbyt\u00ebn n\u00eb gjoba, i ftoj n\u00eb protest\u00eb (FOTOT)","gt_translate_keys":[{"key":"rendered","format":"text"}]},"content":{"rendered":"<p><span style=\"color: #000000;\"><img loading=\"lazy\" decoding=\"async\" class=\"aligncenter size-full wp-image-272912\" src=\"https:\/\/hashtag.al\/wp-content\/uploads\/2019\/02\/treg7.jpg\" alt=\"\" width=\"960\" height=\"951\" srcset=\"https:\/\/www.hashtag.al\/wp-content\/uploads\/2019\/02\/treg7.jpg 960w, https:\/\/www.hashtag.al\/wp-content\/uploads\/2019\/02\/treg7-150x150.jpg 150w, https:\/\/www.hashtag.al\/wp-content\/uploads\/2019\/02\/treg7-300x297.jpg 300w, https:\/\/www.hashtag.al\/wp-content\/uploads\/2019\/02\/treg7-768x761.jpg 768w, https:\/\/www.hashtag.al\/wp-content\/uploads\/2019\/02\/treg7-120x120.jpg 120w\" sizes=\"auto, (max-width: 960px) 100vw, 960px\" \/><\/span><\/p>\n<p><span style=\"color: #000000;\">Deputetja e Partis\u00eb Demokratike, Jorida Tabaku ka takuar sot nga af\u00ebr bizneset n\u00eb rrug\u00ebn e Kavaj\u00ebs dhe ata n\u00eb tregun \u00e7am.<\/span><\/p>\n<p><span style=\"color: #000000;\">Pas k\u00ebtij takimi, Tabaku tha se t\u00eb gjith\u00eb kishin tregtar\u00ebt I kishin shprehur atij nj\u00eb shqet\u00ebsim, taksat e larta, gjobat dhe r\u00ebnien e shitjeve.<\/span><\/p>\n<p><span style=\"color: #000000;\">P\u00ebr k\u00ebt\u00eb arsye Tabaku i fton qytetar\u00ebt q\u00eb t\u00eb b\u00ebhen pjes\u00eb e protest\u00ebs s\u00eb opozit\u00ebs m\u00eb 16 shkurt.<\/span><\/p>\n<p><em><span style=\"color: #000000;\">\u201cNd\u00ebrsa vizitoja bizneset pran\u00eb rrug\u00ebs s\u00eb Kavaj\u00ebs dhe n\u00eb zon\u00ebn e \u201ctregut \u00e7am\u201d d\u00ebgjoja p\u00ebrher\u00eb t\u00eb nj\u00ebjtin shqet\u00ebsim \u201cNuk ka njer\u00ebz, nuk ka xhiro, nuk ka shitje\u201d. T\u00eb d\u00ebgjosh k\u00ebt\u00eb shqet\u00ebsim edhe n\u00eb nj\u00eb nga zonat m\u00eb t\u00eb populluara dhe frekuentuara n\u00eb qytet dhe t\u00eb jet\u00eb refreni i munges\u00ebs \u201cxhiros\u201d s\u00eb ngjash\u00ebm si tek shit\u00ebsit e fruta perimeve ashtu edhe tek tregtar\u00ebt e veshjeve \u00ebsht\u00eb shqet\u00ebsuese.<\/span><\/em><\/p>\n<p><em><span style=\"color: #000000;\">Qytetar\u00ebt prej vitesh jan\u00eb n\u00eb kllapin\u00eb e frikshme t\u00eb mos shpenzimeve, t\u00eb uljes s\u00eb kursimeve dhe rritjes s\u00eb \u00e7mimeve nd\u00ebrsa pagat bien. E vetmja rrug\u00eb q\u00eb mund t\u2019i jap\u00eb hov k\u00ebsaj sjellje \u00ebsht\u00eb ajo e uljes s\u00eb taksave dhe tatimeve ashtu q\u00eb qytetar\u00ebt t\u00eb ken\u00eb m\u00eb shum\u00eb p\u00ebr t\u00eb shpenzuar m\u00eb shum\u00eb. Alarmi q\u00eb po kumbon gjithnj\u00eb e m\u00eb fort\u00eb nga qytetar\u00ebt dhe shit\u00ebsit nuk po d\u00ebgjohet aspak nga nj\u00eb qeveri e mbyllur n\u00eb dhom\u00ebn e koncesioneve, ajo mendon t\u00eb rris\u00eb taksat p\u00ebr t\u2019i mbytur shqiptar\u00ebt me to nd\u00ebrsa gjen n\u00eb buxhetin e shtetit edhe gram\u00ebn e fundit p\u00ebr ta koncesionuar.<\/span><\/em><\/p>\n<p><em><span style=\"color: #000000;\">N\u00eb 16 shkurt sip\u00ebrmarr\u00ebsit q\u00eb jan\u00eb t\u00eb mbytur nga dhuna e vazhdueshme e taksidar\u00ebve, taksat e larta t\u00eb qeveris\u00eb e q\u00eb p\u00ebrdit\u00eb shohin se si t\u00eb ardhurat e tyre bien jan\u00eb t\u00eb ftuar n\u00eb protest\u00eb. P\u00ebr t\u00eb gjith\u00eb ishte dhe \u00ebsht\u00eb e patoletuershme q\u00eb miliona euro t\u00eb shpenzohen p\u00ebr koncesione nd\u00ebrsa biznesi taksohet dhe mbyllet.<\/span><\/em><\/p>\n<p><span style=\"color: #000000;\"><em>Duhet t\u00eb luftojm\u00eb s\u00eb bashku p\u00ebr t\u00eb nd\u00ebrtuar nj\u00eb qeverisje q\u00eb \u00ebsht\u00eb n\u00eb funksion t\u00eb qytetar\u00ebve, q\u00eb siguron dhe garanton tregun e lir\u00eb dhe mir\u00ebqenien. Data 16 shkurt \u00ebsht\u00eb preludi i k\u00ebsaj qeverie, dita n\u00eb t\u00eb cil\u00ebn bizneset e mbytura n\u00eb lista borxhesh dhe gjoba tatimor\u00ebsh duhet t\u00eb bashkohen n\u00eb protest\u00ebn kund\u00ebr monopoleve, taksave t\u00eb larta dhe oligarkis\u00eb.\u201d,<\/em> thot\u00eb deputetja Tabaku.<\/span><\/p>\n<p><img loading=\"lazy\" decoding=\"async\" class=\"aligncenter size-full wp-image-272913\" src=\"https:\/\/hashtag.al\/wp-content\/uploads\/2019\/02\/treg6.jpg\" alt=\"\" width=\"960\" height=\"876\" srcset=\"https:\/\/www.hashtag.al\/wp-content\/uploads\/2019\/02\/treg6.jpg 960w, https:\/\/www.hashtag.al\/wp-content\/uploads\/2019\/02\/treg6-300x274.jpg 300w, https:\/\/www.hashtag.al\/wp-content\/uploads\/2019\/02\/treg6-768x701.jpg 768w\" sizes=\"auto, (max-width: 960px) 100vw, 960px\" \/> <img loading=\"lazy\" decoding=\"async\" class=\"aligncenter size-full wp-image-272914\" src=\"https:\/\/hashtag.al\/wp-content\/uploads\/2019\/02\/treg5.jpg\" alt=\"\" width=\"960\" height=\"836\" srcset=\"https:\/\/www.hashtag.al\/wp-content\/uploads\/2019\/02\/treg5.jpg 960w, https:\/\/www.hashtag.al\/wp-content\/uploads\/2019\/02\/treg5-300x261.jpg 300w, https:\/\/www.hashtag.al\/wp-content\/uploads\/2019\/02\/treg5-768x669.jpg 768w\" sizes=\"auto, (max-width: 960px) 100vw, 960px\" \/> <img loading=\"lazy\" decoding=\"async\" class=\"aligncenter size-full wp-image-272915\" src=\"https:\/\/hashtag.al\/wp-content\/uploads\/2019\/02\/treg4.jpg\" alt=\"\" width=\"887\" height=\"960\" srcset=\"https:\/\/www.hashtag.al\/wp-content\/uploads\/2019\/02\/treg4.jpg 887w, https:\/\/www.hashtag.al\/wp-content\/uploads\/2019\/02\/treg4-277x300.jpg 277w, https:\/\/www.hashtag.al\/wp-content\/uploads\/2019\/02\/treg4-768x831.jpg 768w\" sizes=\"auto, (max-width: 887px) 100vw, 887px\" \/> <img loading=\"lazy\" decoding=\"async\" class=\"aligncenter size-full wp-image-272916\" src=\"https:\/\/hashtag.al\/wp-content\/uploads\/2019\/02\/treg3.jpg\" alt=\"\" width=\"960\" height=\"691\" srcset=\"https:\/\/www.hashtag.al\/wp-content\/uploads\/2019\/02\/treg3.jpg 960w, https:\/\/www.hashtag.al\/wp-content\/uploads\/2019\/02\/treg3-300x216.jpg 300w, https:\/\/www.hashtag.al\/wp-content\/uploads\/2019\/02\/treg3-768x553.jpg 768w\" sizes=\"auto, (max-width: 960px) 100vw, 960px\" \/> <img loading=\"lazy\" decoding=\"async\" class=\"aligncenter size-full wp-image-272917\" src=\"https:\/\/hashtag.al\/wp-content\/uploads\/2019\/02\/treg-2.jpg\" alt=\"\" width=\"960\" height=\"756\" srcset=\"https:\/\/www.hashtag.al\/wp-content\/uploads\/2019\/02\/treg-2.jpg 960w, https:\/\/www.hashtag.al\/wp-content\/uploads\/2019\/02\/treg-2-300x236.jpg 300w, https:\/\/www.hashtag.al\/wp-content\/uploads\/2019\/02\/treg-2-768x605.jpg 768w\" sizes=\"auto, (max-width: 960px) 100vw, 960px\" \/> <img loading=\"lazy\" decoding=\"async\" class=\"aligncenter size-full wp-image-272918\" src=\"https:\/\/hashtag.al\/wp-content\/uploads\/2019\/02\/treg-1.jpg\" alt=\"\" width=\"960\" height=\"707\" srcset=\"https:\/\/www.hashtag.al\/wp-content\/uploads\/2019\/02\/treg-1.jpg 960w, https:\/\/www.hashtag.al\/wp-content\/uploads\/2019\/02\/treg-1-300x221.jpg 300w, https:\/\/www.hashtag.al\/wp-content\/uploads\/2019\/02\/treg-1-768x566.jpg 768w\" sizes=\"auto, (max-width: 960px) 100vw, 960px\" \/><\/p>\n","protected":false,"gt_translate_keys":[{"key":"rendered","format":"html"}]},"excerpt":{"rendered":"<p>Deputetja e Partis\u00eb Demokratike, Jorida Tabaku ka takuar sot nga af\u00ebr bizneset n\u00eb rrug\u00ebn e Kavaj\u00ebs dhe ata n\u00eb tregun \u00e7am. Pas k\u00ebtij takimi, Tabaku tha se t\u00eb gjith\u00eb kishin tregtar\u00ebt I kishin shprehur atij nj\u00eb shqet\u00ebsim, taksat e larta, gjobat dhe r\u00ebnien e shitjeve. P\u00ebr k\u00ebt\u00eb arsye Tabaku i fton qytetar\u00ebt q\u00eb t\u00eb b\u00ebhen [&hellip;]<\/p>\n","protected":false,"gt_translate_keys":[{"key":"rendered","format":"html"}]},"author":30,"featured_media":272913,"comment_status":"open","ping_status":"open","sticky":false,"template":"","format":"standard","meta":{"footnotes":""},"categories":[65,13],"tags":[],"class_list":["post-272911","post","type-post","status-publish","format-standard","has-post-thumbnail","hentry","category-lajme","category-te-fundit"],"gt_translate_keys":[{"key":"link","format":"url"}],"_links":{"self":[{"href":"https:\/\/www.hashtag.al\/index.php\/wp-json\/wp\/v2\/posts\/272911","targetHints":{"allow":["GET"]}}],"collection":[{"href":"https:\/\/www.hashtag.al\/index.php\/wp-json\/wp\/v2\/posts"}],"about":[{"href":"https:\/\/www.hashtag.al\/index.php\/wp-json\/wp\/v2\/types\/post"}],"author":[{"embeddable":true,"href":"https:\/\/www.hashtag.al\/index.php\/wp-json\/wp\/v2\/users\/30"}],"replies":[{"embeddable":true,"href":"https:\/\/www.hashtag.al\/index.php\/wp-json\/wp\/v2\/comments?post=272911"}],"version-history":[{"count":0,"href":"https:\/\/www.hashtag.al\/index.php\/wp-json\/wp\/v2\/posts\/272911\/revisions"}],"wp:featuredmedia":[{"embeddable":true,"href":"https:\/\/www.hashtag.al\/index.php\/wp-json\/wp\/v2\/media\/272913"}],"wp:attachment":[{"href":"https:\/\/www.hashtag.al\/index.php\/wp-json\/wp\/v2\/media?parent=272911"}],"wp:term":[{"taxonomy":"category","embeddable":true,"href":"https:\/\/www.hashtag.al\/index.php\/wp-json\/wp\/v2\/categories?post=272911"},{"taxonomy":"post_tag","embeddable":true,"href":"https:\/\/www.hashtag.al\/index.php\/wp-json\/wp\/v2\/tags?post=272911"}],"curies":[{"name":"wp","href":"https:\/\/api.w.org\/{rel}","templated":true}]}}